{"id":29597,"date":"2009-05-21T05:44:48","date_gmt":"2009-05-21T03:44:48","guid":{"rendered":"http:\/\/www.schoene-nachrichten.de\/?p=29597"},"modified":"2009-05-21T08:47:08","modified_gmt":"2009-05-21T06:47:08","slug":"martin-kaempf-verstaerkt-team-der-katholischen-klinikseelsorge-am-klinikum-hanau","status":"publish","type":"post","link":"https:\/\/www.fuldaernachrichten.de\/?p=29597","title":{"rendered":"Martin K\u00e4mpf verst\u00e4rkt Team der Katholischen Klinikseelsorge am Klinikum Hanau"},"content":{"rendered":"<p><strong>Hanau. <\/strong>Verst\u00e4rkung f\u00fcr die Katholischen Klinikseelsorge am Klinikum Hanau: Neuer Mitarbeiter ist Martin K\u00e4mpf, der seit 15. M\u00e4rz 2009 das Team um Klinikpfarrer Werner Gutheil verst\u00e4rkt. \u201eMein Anliegen ist es, Patientinnen und Patienten ein offenes Angebot zum Gespr\u00e4ch zu unterbreiten\u201c, erkl\u00e4rt Martin K\u00e4mpf, der nach einer Erstausbildung im Handwerk das Studium an der Universit\u00e4t W\u00fcrzburg als Diplom-Theologe abgeschlossen hat.<\/p>\n<p><a href=\"http:\/\/www.schoene-nachrichten.de\/wp-content\/uploads\/2009\/05\/dr-piesold.jpg\"><img fetchpriority=\"high\" decoding=\"async\" class=\"alignnone size-thumbnail wp-image-29598\" title=\"Klinikum Hanau\" src=\"http:\/\/www.schoene-nachrichten.de\/wp-content\/uploads\/2009\/05\/dr-piesold-265x353.jpg\" alt=\"Klinikum Hanau\" width=\"265\" height=\"353\" srcset=\"https:\/\/www.fuldaernachrichten.de\/wp-content\/uploads\/2009\/05\/dr-piesold-265x353.jpg 265w, https:\/\/www.fuldaernachrichten.de\/wp-content\/uploads\/2009\/05\/dr-piesold.jpg 450w\" sizes=\"(max-width: 265px) 100vw, 265px\" \/><\/a> <a href=\"http:\/\/www.schoene-nachrichten.de\/wp-content\/uploads\/2009\/05\/martin-kmpf-2.jpg\"><img decoding=\"async\" class=\"alignnone size-thumbnail wp-image-29599\" title=\"Klinikum Hanau\" src=\"http:\/\/www.schoene-nachrichten.de\/wp-content\/uploads\/2009\/05\/martin-kmpf-2-265x353.jpg\" alt=\"Klinikum Hanau\" width=\"265\" height=\"353\" srcset=\"https:\/\/www.fuldaernachrichten.de\/wp-content\/uploads\/2009\/05\/martin-kmpf-2-265x353.jpg 265w, https:\/\/www.fuldaernachrichten.de\/wp-content\/uploads\/2009\/05\/martin-kmpf-2.jpg 450w\" sizes=\"(max-width: 265px) 100vw, 265px\" \/><\/a><!--more--><\/p>\n<p><strong>Sp\u00fcrbare Entlastung<\/strong><\/p>\n<p>Seine Ausrichtung als Katholischer Seelsorger bringt der geb\u00fcrtige Franke gezielt ein: \u201eKirchliche Aspekte werden im Gespr\u00e4ch dann eine Rolle spielen, wenn die Patientin oder der Patient es w\u00fcnscht. Mit dem Gespr\u00e4chsangebot wird generell das Ziel angestrebt, dass Patientinnen und Patienten von sich aus zur Sprache bringen k\u00f6nnen, was sie belastet oder bedr\u00e4ngt. Mein Wunsch ist es, hier zu einer sp\u00fcrbaren Entlastung beitragen zu k\u00f6nnen, ganz so, wie es die Redewendung besagt \u2013 dass einem eine Last vom Herzen gefallen ist oder genommen wurde\u201c, erl\u00e4utert der 37j\u00e4hrige. \u201eWir freuen uns, dass wir mit Martin K\u00e4mpf einen hoch motivierten neuen Mitarbeiter zur Verst\u00e4rkung unseres Teams gewonnen haben\u201c, sagt Pfarrer Werner Gutheil, Leiter der Katholischen Klinikseelsorge am Klinikum Hanau.<\/p>\n<p><a href=\"http:\/\/www.schoene-nachrichten.de\/wp-content\/uploads\/2009\/05\/gste.jpg\"><img decoding=\"async\" class=\"alignnone size-thumbnail wp-image-29600\" title=\"Klinikum Hanau\" src=\"http:\/\/www.schoene-nachrichten.de\/wp-content\/uploads\/2009\/05\/gste-265x198.jpg\" alt=\"Klinikum Hanau\" hspace=\"5\" width=\"265\" height=\"198\" align=\"left\" srcset=\"https:\/\/www.fuldaernachrichten.de\/wp-content\/uploads\/2009\/05\/gste-265x198.jpg 265w, https:\/\/www.fuldaernachrichten.de\/wp-content\/uploads\/2009\/05\/gste.jpg 600w\" sizes=\"(max-width: 265px) 100vw, 265px\" \/><\/a><\/p>\n<p>Das Angebot der Katholischen Klinikseelsorge am Klinikum Hanau reicht vom Einzelgespr\u00e4ch bis zu regelm\u00e4\u00dfig stattfindenden Gottesdiensten. \u201eDer allgemeine Fortschritt in der Medizin und die vielf\u00e4ltige Ausrichtung am Klinikum Hanau im Sinne eines Schwerpunktkrankenhauses und eines akademischen Lehrkrankenhauses der Goethe-Universit\u00e4t in Frankfurt stellen auch die Klinikseelsorge eine hohe Herausforderung und Aufforderung zur Qualifikation dar\u201c, erl\u00e4utert Werner Gutheil. Das Angebot richtet sich selbstverst\u00e4ndlich nicht nur an die Patientinnen und Patienten, sondern an Angeh\u00f6rige ebenso wie an Mitarbeiterinnen und Mitarbeiter am Klinikum.<\/p>\n<p><strong>Gro\u00dfe Internetpr\u00e4senz<\/strong><\/p>\n<p>\u201eDie Resonanz ist sehr positiv, das ist eine anhaltende Tendenz, die sich durch die Mitarbeit von Martin K\u00e4mpf sicherlich verst\u00e4rken wird\u201c, zeigt sich Klinikpfarrer Gutheil optimistisch. Die Bandbreite dieser Angebote wird auf den neuen Internetseiten <a href=\"http:\/\/www.krankwarumallein.de\" target=\"_blank\">www.krankwarumallein.de<\/a>, <a href=\"http:\/\/www.kindergrabmal-hanau.de\" target=\"_blank\">www.kindergrabmal-hanau.de<\/a> sowie das umfangreiche Angebot auf <a href=\"http:\/\/www.trauerwarumallein.de\" target=\"_blank\">www.trauerwarumallein.de<\/a> . Mit der Besetzung innerhalb der Katholischen Klinikseelsorge k\u00f6nnen diese Bereiche verst\u00e4rkt durch Klinikpfarrer Gutheil und begleitet werden. Insbesondere die zeitaufwendigen Begleitung im Palliativteam und bei Menschen, die ein Kind verlieren, werden verst\u00e4rkt aufgrund seiner Zusatzausbildungen nun\u00c2\u00a0 versorgt werden.<\/p>\n<p>Musikalisch wurde die Feierstunde untermalt von Sch\u00fclerinnen und Sch\u00fcler verschiedener Altersgruppen der Karl Rehbein Schule unter der Leitung von Sophia Weiss und ihrer Religionskollegin Frau Wettgrube.<\/p>\n<p><strong>Zusammenarbeit entscheidend<\/strong><\/p>\n<p>Im Rahmen der Einf\u00fchrung \u00e4u\u00dferten viele Teilnehmer den Wunsch, ein Gru\u00dfwort zu sprechen, um damit ihre Verbundenheit mit der Klinikseelsorge zu zeigen. Sr. Maria Martin vom Palliativteam des Klinikums bedankte sich ausdr\u00fccklich daf\u00fcr, dass seit der Einf\u00fchrung von Herrn Martin K\u00e4mpf Pfarrer Gutheil verst\u00e4rkt im Palliativteam mitarbeiten konnte. Auch Marion Meister vom Sozialdienst katholischer Frauen zeigte sich hoch erfreut. Nachdem sie das Konzept ihrer Arbeit vorgestellt hatte, betonte sie besonders die Wichtigkeit der Begleitung bei der Pr\u00e4natal-Diagnostik und bedankte sich f\u00fcr die gute Zusammenarbeit mit der Klinikseelsorge und der Frauenklinik insbesondere PD Dr. Thomas M\u00fcller. Sie brachte ihrer Hoffnung Ausdruck, dass durch die Einf\u00fchrung von Herrn K\u00e4mpf innerhalb der katholischen Klinikseelsorge nun der Ethikbarter im Gesundheitswesen, Werner Gutheil\u00c2\u00a0 Entlastung in der Alltagsarbeit bekommt und damit die Zusammenarbeit weiter intensiviert werden k\u00f6nne. Weitere Gru\u00dfworte sprachen, in Vertretung f\u00fcr OB Claus Kaminsky, Stadtrat Dr. Ralf-Rainer Piesolt, der stellvertr. \u00c4rztliche Direktor des Klinikums Herr PD Dr. Thomas Schillen,<\/p>\n<p>Reiner Modenbach, Pfarrer der Stadtpfarrei Mariae Namen, Dr. Carola Kromer von der \u00d6kumenischen Regenbogen-Gruppe, Tanja Para, Leiterin der Selbsthilfegruppe Himmelslichter sowie Herr Schmalstieg, Mitarbeiter der Klinikseelsorge am Klinikum Hanau.<\/p>\n","protected":false},"excerpt":{"rendered":"<div class=\"tmnf_excerpt\"><p>Hanau. Verst\u00e4rkung f\u00fcr die Katholischen Klinikseelsorge am Klinikum Hanau: Neuer Mitarbeiter ist Martin K\u00e4mpf, der seit 15. M\u00e4rz 2009 das Team um Klinikpfarrer Werner Gutheil verst\u00e4rkt. \u201eMein Anliegen ist es, Patientinnen und Patienten ein offenes Angebot zum Gespr\u00e4ch zu unterbreiten\u201c, erkl\u00e4rt Martin K\u00e4mpf, der nach einer Erstausbildung im Handwerk das Studium an der Universit\u00e4t W\u00fcrzburg &hellip;<\/p>\n<\/div>","protected":false},"author":1,"featured_media":0,"comment_status":"closed","ping_status":"closed","sticky":false,"template":"","format":"standard","meta":{"footnotes":""},"categories":[1,51,50],"tags":[],"class_list":["post-29597","post","type-post","status-publish","format-standard","hentry","category-startseite","category-medizin","category-kirche"],"_links":{"self":[{"href":"https:\/\/www.fuldaernachrichten.de\/index.php?rest_route=\/wp\/v2\/posts\/29597","targetHints":{"allow":["GET"]}}],"collection":[{"href":"https:\/\/www.fuldaernachrichten.de\/index.php?rest_route=\/wp\/v2\/posts"}],"about":[{"href":"https:\/\/www.fuldaernachrichten.de\/index.php?rest_route=\/wp\/v2\/types\/post"}],"author":[{"embeddable":true,"href":"https:\/\/www.fuldaernachrichten.de\/index.php?rest_route=\/wp\/v2\/users\/1"}],"replies":[{"embeddable":true,"href":"https:\/\/www.fuldaernachrichten.de\/index.php?rest_route=%2Fwp%2Fv2%2Fcomments&post=29597"}],"version-history":[{"count":3,"href":"https:\/\/www.fuldaernachrichten.de\/index.php?rest_route=\/wp\/v2\/posts\/29597\/revisions"}],"predecessor-version":[{"id":29638,"href":"https:\/\/www.fuldaernachrichten.de\/index.php?rest_route=\/wp\/v2\/posts\/29597\/revisions\/29638"}],"wp:attachment":[{"href":"https:\/\/www.fuldaernachrichten.de\/index.php?rest_route=%2Fwp%2Fv2%2Fmedia&parent=29597"}],"wp:term":[{"taxonomy":"category","embeddable":true,"href":"https:\/\/www.fuldaernachrichten.de\/index.php?rest_route=%2Fwp%2Fv2%2Fcategories&post=29597"},{"taxonomy":"post_tag","embeddable":true,"href":"https:\/\/www.fuldaernachrichten.de\/index.php?rest_route=%2Fwp%2Fv2%2Ftags&post=29597"}],"curies":[{"name":"wp","href":"https:\/\/api.w.org\/{rel}","templated":true}]}}