{"id":29507,"date":"2009-05-20T11:56:24","date_gmt":"2009-05-20T09:56:24","guid":{"rendered":"http:\/\/www.schoene-nachrichten.de\/?p=29507"},"modified":"2009-05-20T17:21:11","modified_gmt":"2009-05-20T15:21:11","slug":"weihbischof-johannes-kapp-beging-80-geburtstag-mit-glaeubigen-aus-nah-und-fern","status":"publish","type":"post","link":"https:\/\/www.fuldaernachrichten.de\/?p=29507","title":{"rendered":"Weihbischof Johannes Kapp beging 80. Geburtstag mit Gl\u00e4ubigen aus nah und fern"},"content":{"rendered":"<p><strong>Fulda (bpf). <\/strong>\u201eDas Bistum Fulda in seiner Ganzheit ist mir zur Heimat und Familie geworden\u201c, stellte Weihbischof Johannes Kapp am Donnerstag im Hohen Dom zu Fulda heraus. In einem feierlichen Pontifikalamt in der vollbesetzten Kathedralkirche unterstrich der Jubilar vor Gl\u00e4ubigen aus nah und fern, wie wichtig es sei, \u201eda\u00df wir uns dieser Familie zwischen Bad Karlshafen und Bergen-Enkheim, zwischen Marburg und dem Geisaer Land auch alle bewu\u00dft sein und sie leben m\u00fcssen\u201c. Mit Kapp konzelebrierten Di\u00f6zesanbischof Heinz Josef Algermissen und Weihbischof Dr. Karlheinz Diez, Bischof Dr. Joachim Wanke und Weihbischof Hans-Reinhard Koch aus Erfurt, der emeritierte W\u00fcrzburger Bischof Dr. Paul-Werner Scheele sowie Kapps Firmpate Pfarrer i. R. Franz Heim aus Bad Orb, sein Bundesbruder Monsignore Berthold Richardt aus Heiligenstadt und der Pfarrer sein Taufpfarrei Hofgeismar, Martin Sch\u00f6ppe. Diese hatte Weihbischof Kapp zu Beginn des Gottesdienstes ebenso begr\u00fc\u00dft wie die Mitglieder des Domkapitels, seine Familie und die Gl\u00e4ubigen, die aus allen Teilen des Bistums angereist waren, um mit ihm Gott f\u00fcr diesen Tag zu danken. Beim anschlie\u00dfenden Empfang im Innenhof des Bisch\u00f6flichen Priesterseminars hatten die Gl\u00e4ubigen bei sonnigem Fr\u00fchlingswetter Gelegenheit zu pers\u00f6nlicher Gratulation und Gespr\u00e4ch mit dem Jubilar.<\/p>\n<p><strong>Fotos (101): <\/strong>Elisabeth Miller &amp; Markus Jakobi<\/p>\n<p><a title=\"Foto: Elisabeth Miller &amp; Markus Jakobi\" rel=\"lightbox[roadtrip]\" href=\"http:\/\/www.schoene-nachrichten.de\/wp-content\/uploads\/2009\/05\/090520_Kapp_044.jpg\" target=\"_blank\"><img decoding=\"async\" src=\"http:\/\/www.schoene-nachrichten.de\/wp-content\/uploads\/2009\/05\/090520_Kapp_044.thumbnail.jpg\" alt=\"090520_Kapp_044.jpg\" width=\"265\" \/><\/a> <a title=\"Foto: Elisabeth Miller &amp; Markus Jakobi\" rel=\"lightbox[roadtrip]\" href=\"http:\/\/www.schoene-nachrichten.de\/wp-content\/uploads\/2009\/05\/090520_Kapp_059.jpg\" target=\"_blank\"><img decoding=\"async\" src=\"http:\/\/www.schoene-nachrichten.de\/wp-content\/uploads\/2009\/05\/090520_Kapp_059.thumbnail.jpg\" alt=\"090520_Kapp_059.jpg\" width=\"265\" \/><\/a><\/p>\n<p><a title=\"Foto: Elisabeth Miller &amp; Markus Jakobi\" rel=\"lightbox[roadtrip]\" href=\"http:\/\/www.schoene-nachrichten.de\/wp-content\/uploads\/2009\/05\/090520_Kapp_053.jpg\" target=\"_blank\"><img decoding=\"async\" src=\"http:\/\/www.schoene-nachrichten.de\/wp-content\/uploads\/2009\/05\/090520_Kapp_053.thumbnail.jpg\" alt=\"090520_Kapp_053.jpg\" width=\"265\" \/><\/a> <a title=\"Foto: Elisabeth Miller &amp; Markus Jakobi\" rel=\"lightbox[roadtrip]\" href=\"http:\/\/www.schoene-nachrichten.de\/wp-content\/uploads\/2009\/05\/090520_Kapp_041.jpg\" target=\"_blank\"><img decoding=\"async\" src=\"http:\/\/www.schoene-nachrichten.de\/wp-content\/uploads\/2009\/05\/090520_Kapp_041.thumbnail.jpg\" alt=\"090520_Kapp_041.jpg\" width=\"265\" \/><\/a><\/p>\n<p><!--more--><\/p>\n<p>\u201eIch danke Gott und freue mich wie\u00e2\u20ac\u2122s Kind zur Weihnachtsgabe, da\u00df ich bin, bin!\u201c, hatte Weihbischof Kapp in seiner Predigt den Dichter Matthias Claudius zitiert und den Festtag als ein gro\u00dfes Geschenk bezeichnet. Dabei erinnerte er sich daran, wie seine Eltern in Liebe und treuem Glauben \u201ein extremer Diaspora meine Geschwister und mich erzogen und uns Beispiel gegeben\u201c h\u00e4tten. Aufgewachsen auf einem Hof zwischen \u00c4ckern und Weiden, hatte Kapp mit seinen Geschwistern eine tiefreligi\u00f6se Erziehung genossen und war als Junge nach Fulda ans Bisch\u00f6fliche Konvikt gekommen. \u201eAuch wenn das politische System und die zunehmend sp\u00fcrbare Kriegssituation das allt\u00e4gliche Lebensgeschehen mehr und mehr d\u00e4mpften, gab und gibt es auch f\u00fcr vieles in dieser Zeit zu danken, f\u00fcr manches sogar sehr\u201c, hob er hervor. Als 15j\u00e4hriger mu\u00dfte der den \u201eFuldaer 11. September\u201c miterleben, als im Bombenangriff von 1944 23 Mitsch\u00fcler und der sterbenden Direktor ihr Leben lie\u00dfen. Nach 1945 habe es wieder Freiheit zum Atmen und neuem Aufbruch in kirchlicher Jugendarbeit wie auch zu Mitgestaltung des \u00f6ffentlichen Lebens gegeben. \u201eWir suchten Vorbilder und fanden sie in Priestern und Lehrern, in Dozenten und Literaten, in Dichtern und Politikern.\u201c Zu Zehnt seien er und die weiteren Weihekandidaten nach Schule und Studium dann vor 55 Jahren an den Weihealtar getreten. Als Neugeweihte landete er wieder im Konvikt und in der Steinschule. \u201eVier Jahre Jugendleben unter einer wieder pr\u00e4genden Priestergestalt Pius Burkardt, mit hilfreichen Kollegen und wachen, wachsenden und manchmal anstrengenden Sch\u00fclern, die mich mitwachsen lie\u00dfen\u201c, rief er in Erinnerung.<\/p>\n<p><a title=\"Foto: Elisabeth Miller &amp; Markus Jakobi\" rel=\"lightbox[roadtrip]\" href=\"http:\/\/www.schoene-nachrichten.de\/wp-content\/uploads\/2009\/05\/090520_Kapp_027.jpg\" target=\"_blank\"><img decoding=\"async\" src=\"http:\/\/www.schoene-nachrichten.de\/wp-content\/uploads\/2009\/05\/090520_Kapp_027.thumbnail.jpg\" alt=\"090520_Kapp_027.jpg\" width=\"265\" \/><\/a> <a title=\"Foto: Elisabeth Miller &amp; Markus Jakobi\" rel=\"lightbox[roadtrip]\" href=\"http:\/\/www.schoene-nachrichten.de\/wp-content\/uploads\/2009\/05\/090520_Kapp_028.jpg\" target=\"_blank\"><img decoding=\"async\" src=\"http:\/\/www.schoene-nachrichten.de\/wp-content\/uploads\/2009\/05\/090520_Kapp_028.thumbnail.jpg\" alt=\"090520_Kapp_028.jpg\" width=\"265\" \/><\/a><\/p>\n<p><a title=\"Foto: Elisabeth Miller &amp; Markus Jakobi\" rel=\"lightbox[roadtrip]\" href=\"http:\/\/www.schoene-nachrichten.de\/wp-content\/uploads\/2009\/05\/090520_Kapp_029.jpg\" target=\"_blank\"><img decoding=\"async\" src=\"http:\/\/www.schoene-nachrichten.de\/wp-content\/uploads\/2009\/05\/090520_Kapp_029.thumbnail.jpg\" alt=\"090520_Kapp_029.jpg\" width=\"265\" \/><\/a> <a title=\"Foto: Elisabeth Miller &amp; Markus Jakobi\" rel=\"lightbox[roadtrip]\" href=\"http:\/\/www.schoene-nachrichten.de\/wp-content\/uploads\/2009\/05\/090520_Kapp_030.jpg\" target=\"_blank\"><img decoding=\"async\" src=\"http:\/\/www.schoene-nachrichten.de\/wp-content\/uploads\/2009\/05\/090520_Kapp_030.thumbnail.jpg\" alt=\"090520_Kapp_030.jpg\" width=\"265\" \/><\/a><\/p>\n<p>Die n\u00e4chste Station, die ihn pr\u00e4gte, war die Zeit als Kaplan bei Pfarrer Alfons Lins in Bad Orb, \u201ewo ich ein offenes Pfarrhaus, eine weltoffene Kirche, eine Pfarrgemeinde mit sechseinhalbtausend Katholiken und alterfahrenem Mitkaplan und damals noch zahlreichen Kurg\u00e4sten antraf\u201c. Zw\u00f6lf Jahre lang sei er dann selber an dessen Stelle getreten, ehe ihn Bischof Dr. Eduard Schick als Regens ins Priesterseminar holte. \u201eWieder in der Stadt meiner Schul- und Jugendzeit sowie meines ersten Einsatzes, begann jetzt der Dienst in der mir schon immer nahen Berufungspastoral und weitete sich zunehmend in die Begleitung und Verantwortung f\u00fcr die verschiedenen pastoralen Berufe.\u201c Schlie\u00dflich folgte eine F\u00fclle von Aufgaben: Weihbischof, Bisch\u00f6flicher Beauftragter f\u00fcr die St\u00e4ndigen Diakone; Personalreferent f\u00fcr die Priester und auch die Gemeindereferentinnen, Firmtermine, Domrenovierung, alles in allem: \u201egeschenkte Zeiten und geschenkte Dienste\u201c. Allen Menschen habe er zu danken, die seinen Dienst mitbegleitet und mitgetragen h\u00e4tten, so Kapp weiter. In Gott und durch ihn h\u00e4tten alle die \u201everhei\u00dfene Bleibe\u201c sowie Freude und Anteil an seiner Freundschaft.<\/p>\n<p><a title=\"Foto: Elisabeth Miller &amp; Markus Jakobi\" rel=\"lightbox[roadtrip]\" href=\"http:\/\/www.schoene-nachrichten.de\/wp-content\/uploads\/2009\/05\/090520_Kapp_063.jpg\" target=\"_blank\"><img decoding=\"async\" src=\"http:\/\/www.schoene-nachrichten.de\/wp-content\/uploads\/2009\/05\/090520_Kapp_063.thumbnail.jpg\" alt=\"090520_Kapp_063.jpg\" width=\"265\" \/><\/a> <a title=\"Foto: Elisabeth Miller &amp; Markus Jakobi\" rel=\"lightbox[roadtrip]\" href=\"http:\/\/www.schoene-nachrichten.de\/wp-content\/uploads\/2009\/05\/090520_Kapp_064.jpg\" target=\"_blank\"><img decoding=\"async\" src=\"http:\/\/www.schoene-nachrichten.de\/wp-content\/uploads\/2009\/05\/090520_Kapp_064.thumbnail.jpg\" alt=\"090520_Kapp_064.jpg\" width=\"265\" \/><\/a><\/p>\n<p><a title=\"Foto: Elisabeth Miller &amp; Markus Jakobi\" rel=\"lightbox[roadtrip]\" href=\"http:\/\/www.schoene-nachrichten.de\/wp-content\/uploads\/2009\/05\/090520_Kapp_065.jpg\" target=\"_blank\"><img decoding=\"async\" src=\"http:\/\/www.schoene-nachrichten.de\/wp-content\/uploads\/2009\/05\/090520_Kapp_065.thumbnail.jpg\" alt=\"090520_Kapp_065.jpg\" width=\"265\" \/><\/a> <a title=\"Foto: Elisabeth Miller &amp; Markus Jakobi\" rel=\"lightbox[roadtrip]\" href=\"http:\/\/www.schoene-nachrichten.de\/wp-content\/uploads\/2009\/05\/090520_Kapp_066.jpg\" target=\"_blank\"><img decoding=\"async\" src=\"http:\/\/www.schoene-nachrichten.de\/wp-content\/uploads\/2009\/05\/090520_Kapp_066.thumbnail.jpg\" alt=\"090520_Kapp_066.jpg\" width=\"265\" \/><\/a><\/p>\n<p><strong>Schlu\u00dfwort von Bischof Algermissen:<\/strong> \u201eSorge um geistliche Berufe als roter Faden\u201c<br \/>\n\u201eEs ist f\u00fcr mich ein pers\u00f6nliches Geschenk miterleben zu d\u00fcrfen, da\u00df Du bei all Deinen \u00c4mtern und Diensten \u00fcber Jahrzehnte das tiefe Vertrauen auf einen tragenden und f\u00fchrenden Gott nicht verloren hast\u201c, wandte sich Bischof Algermissen am Ende des Pontifikalamtes an den Jubilar und \u00fcberreichte ihm eine Sammlung mit dessen Predigten bei Requien von verstorbenen Priestern und Diakonen, die in Buchform erschienen ist. \u201eWeihbischof Kapp begleitete junge wie auch alte Priester und Diakone auf ihrem letzten Weg und fand f\u00fcr sie alle pers\u00f6nliche Worte.\u201c Das Buch sei ein Zeichen von Kapps tiefem Glauben und zugleich eine wertvolle Chronik Fuldaer Geistlicher, so der Oberhirte.<\/p>\n<p><a title=\"Foto: Elisabeth Miller &amp; Markus Jakobi\" rel=\"lightbox[roadtrip]\" href=\"http:\/\/www.schoene-nachrichten.de\/wp-content\/uploads\/2009\/05\/090520_Kapp_013.jpg\" target=\"_blank\"><img decoding=\"async\" src=\"http:\/\/www.schoene-nachrichten.de\/wp-content\/uploads\/2009\/05\/090520_Kapp_013.thumbnail.jpg\" alt=\"090520_Kapp_013.jpg\" width=\"265\" \/><\/a> <a title=\"Foto: Elisabeth Miller &amp; Markus Jakobi\" rel=\"lightbox[roadtrip]\" href=\"http:\/\/www.schoene-nachrichten.de\/wp-content\/uploads\/2009\/05\/090520_Kapp_014.jpg\" target=\"_blank\"><img decoding=\"async\" src=\"http:\/\/www.schoene-nachrichten.de\/wp-content\/uploads\/2009\/05\/090520_Kapp_014.thumbnail.jpg\" alt=\"090520_Kapp_014.jpg\" width=\"265\" \/><\/a><\/p>\n<p><a title=\"Foto: Elisabeth Miller &amp; Markus Jakobi\" rel=\"lightbox[roadtrip]\" href=\"http:\/\/www.schoene-nachrichten.de\/wp-content\/uploads\/2009\/05\/090520_Kapp_015.jpg\" target=\"_blank\"><img decoding=\"async\" src=\"http:\/\/www.schoene-nachrichten.de\/wp-content\/uploads\/2009\/05\/090520_Kapp_015.thumbnail.jpg\" alt=\"090520_Kapp_015.jpg\" width=\"265\" \/><\/a> <a title=\"Foto: Elisabeth Miller &amp; Markus Jakobi\" rel=\"lightbox[roadtrip]\" href=\"http:\/\/www.schoene-nachrichten.de\/wp-content\/uploads\/2009\/05\/090520_Kapp_016.jpg\" target=\"_blank\"><img decoding=\"async\" src=\"http:\/\/www.schoene-nachrichten.de\/wp-content\/uploads\/2009\/05\/090520_Kapp_016.thumbnail.jpg\" alt=\"090520_Kapp_016.jpg\" width=\"265\" \/><\/a><\/p>\n<p>Kapp habe ihm vor Jahren einmal verraten, da\u00df die Jahre in Bad Orb seine gl\u00fccklichsten gewesen seien, erinnerte sich der Bischof. \u201eIch denke, diese 17 Jahre konkreter Seelsorge haben Dir Augenh\u00f6he zu den Menschen geschenkt, waren die beste Disposition f\u00fcr Deinen bisch\u00f6flichen Dienst.\u201c Seitdem Johannes Kapp 1975 Regens, 1976 Weihbischof und 1977 Bischofsvikar f\u00fcr die Priester, St\u00e4ndigen Diakone und Laien im hauptamtlichen pastoralen Dienst wurde, h\u00e4tten sich die Sorge um geistliche Berufe mehr und mehr zum \u201eroten Faden\u201c seines Lebens entwickelt. \u201eSelbst vom Kernproblem des Priestermangels innerlich tief betroffen, versuchtest Du immer wieder, in Predigten, Vortr\u00e4gen und durch engagierte Mitarbeit in der Kommission \u00e2\u20ac\u0161Geistliche Berufe\u00e2\u20ac\u2122 der Deutschen Bischofskonferenz die Menschen in unseren Gemeinden zu ber\u00fchren.\u201c<\/p>\n<p><a title=\"Foto: Elisabeth Miller &amp; Markus Jakobi\" rel=\"lightbox[roadtrip]\" href=\"http:\/\/www.schoene-nachrichten.de\/wp-content\/uploads\/2009\/05\/090520_Kapp_033.jpg\" target=\"_blank\"><img decoding=\"async\" src=\"http:\/\/www.schoene-nachrichten.de\/wp-content\/uploads\/2009\/05\/090520_Kapp_033.thumbnail.jpg\" alt=\"090520_Kapp_033.jpg\" width=\"265\" \/><\/a> <a title=\"Foto: Elisabeth Miller &amp; Markus Jakobi\" rel=\"lightbox[roadtrip]\" href=\"http:\/\/www.schoene-nachrichten.de\/wp-content\/uploads\/2009\/05\/090520_Kapp_034.jpg\" target=\"_blank\"><img decoding=\"async\" src=\"http:\/\/www.schoene-nachrichten.de\/wp-content\/uploads\/2009\/05\/090520_Kapp_034.thumbnail.jpg\" alt=\"090520_Kapp_034.jpg\" width=\"265\" \/><\/a><\/p>\n<p><a title=\"Foto: Elisabeth Miller &amp; Markus Jakobi\" rel=\"lightbox[roadtrip]\" href=\"http:\/\/www.schoene-nachrichten.de\/wp-content\/uploads\/2009\/05\/090520_Kapp_035.jpg\" target=\"_blank\"><img decoding=\"async\" src=\"http:\/\/www.schoene-nachrichten.de\/wp-content\/uploads\/2009\/05\/090520_Kapp_035.thumbnail.jpg\" alt=\"090520_Kapp_035.jpg\" width=\"265\" \/><\/a> <a title=\"Foto: Elisabeth Miller &amp; Markus Jakobi\" rel=\"lightbox[roadtrip]\" href=\"http:\/\/www.schoene-nachrichten.de\/wp-content\/uploads\/2009\/05\/090520_Kapp_036.jpg\" target=\"_blank\"><img decoding=\"async\" src=\"http:\/\/www.schoene-nachrichten.de\/wp-content\/uploads\/2009\/05\/090520_Kapp_036.thumbnail.jpg\" alt=\"090520_Kapp_036.jpg\" width=\"265\" \/><\/a><\/p>\n<p>Kapps Sorge habe von jeher den Priestern und Diakonen der Di\u00f6zese, besonders den kranken und alten und denen in Grenzsituationen, gegolten. \u201eDu hast Dich durch mitbr\u00fcderliche Sorge, geduldiges Zuh\u00f6ren und auch durch das stellvertretende Gebet um die Priester und Diakone unserer Di\u00f6zese verdient gemacht.\u201c Treue bew\u00e4hre sich in den kleinen Dingen des Alltags, im Festhalten an Vors\u00e4tzen, im Einl\u00f6sen eines gegebenen Versprechens, und von elementarer Bedeutung sei die Treue des Menschen zu den grundlegenden Entscheidungen seines Lebens, so in der Ehe, in der Priesterweihe oder in der Ordensprofe\u00df. \u201eTreue ist die F\u00e4higkeit und die Bereitschaft, durch alle Wandlungen hindurch und allen Schwierigkeiten zum Trotz unverbr\u00fcchlich zu einer einmal getroffenen Entscheidung zu stehen.\u201c Auf vielf\u00e4ltige Weise habe Kapp Gottes Treue in den vergangenen Jahrzehnten erfahren d\u00fcrfen. Daraus habe dieser je neu Mut und Kraft gesch\u00f6pft, den Weg \u201emit aufrechtem Gang\u201c zu gehen, der ihn bis zum \u201eheutigen gro\u00dfen Geburtstag\u201c gef\u00fchrt habe.<\/p>\n<p><a title=\"Foto: Elisabeth Miller &amp; Markus Jakobi\" rel=\"lightbox[roadtrip]\" href=\"http:\/\/www.schoene-nachrichten.de\/wp-content\/uploads\/2009\/05\/090520_Kapp_001.jpg\" target=\"_blank\"><img decoding=\"async\" src=\"http:\/\/www.schoene-nachrichten.de\/wp-content\/uploads\/2009\/05\/090520_Kapp_001.thumbnail.jpg\" alt=\"090520_Kapp_001.jpg\" width=\"265\" \/><\/a> <a title=\"Foto: Elisabeth Miller &amp; Markus Jakobi\" rel=\"lightbox[roadtrip]\" href=\"http:\/\/www.schoene-nachrichten.de\/wp-content\/uploads\/2009\/05\/090520_Kapp_002.jpg\" target=\"_blank\"><img decoding=\"async\" src=\"http:\/\/www.schoene-nachrichten.de\/wp-content\/uploads\/2009\/05\/090520_Kapp_002.thumbnail.jpg\" alt=\"090520_Kapp_002.jpg\" width=\"265\" \/><\/a><\/p>\n<p><a title=\"Foto: Elisabeth Miller &amp; Markus Jakobi\" rel=\"lightbox[roadtrip]\" href=\"http:\/\/www.schoene-nachrichten.de\/wp-content\/uploads\/2009\/05\/090520_Kapp_003.jpg\" target=\"_blank\"><img decoding=\"async\" src=\"http:\/\/www.schoene-nachrichten.de\/wp-content\/uploads\/2009\/05\/090520_Kapp_003.thumbnail.jpg\" alt=\"090520_Kapp_003.jpg\" width=\"265\" \/><\/a> <a title=\"Foto: Elisabeth Miller &amp; Markus Jakobi\" rel=\"lightbox[roadtrip]\" href=\"http:\/\/www.schoene-nachrichten.de\/wp-content\/uploads\/2009\/05\/090520_Kapp_004.jpg\" target=\"_blank\"><img decoding=\"async\" src=\"http:\/\/www.schoene-nachrichten.de\/wp-content\/uploads\/2009\/05\/090520_Kapp_004.thumbnail.jpg\" alt=\"090520_Kapp_004.jpg\" width=\"265\" \/><\/a><\/p>\n<p><a title=\"Foto: Elisabeth Miller &amp; Markus Jakobi\" rel=\"lightbox[roadtrip]\" href=\"http:\/\/www.schoene-nachrichten.de\/wp-content\/uploads\/2009\/05\/090520_Kapp_005.jpg\" target=\"_blank\"><img decoding=\"async\" src=\"http:\/\/www.schoene-nachrichten.de\/wp-content\/uploads\/2009\/05\/090520_Kapp_005.thumbnail.jpg\" alt=\"090520_Kapp_005.jpg\" width=\"265\" \/><\/a> <a title=\"Foto: Elisabeth Miller &amp; Markus Jakobi\" rel=\"lightbox[roadtrip]\" href=\"http:\/\/www.schoene-nachrichten.de\/wp-content\/uploads\/2009\/05\/090520_Kapp_006.jpg\" target=\"_blank\"><img decoding=\"async\" src=\"http:\/\/www.schoene-nachrichten.de\/wp-content\/uploads\/2009\/05\/090520_Kapp_006.thumbnail.jpg\" alt=\"090520_Kapp_006.jpg\" width=\"265\" \/><\/a><\/p>\n<p><a title=\"Foto: Elisabeth Miller &amp; Markus Jakobi\" rel=\"lightbox[roadtrip]\" href=\"http:\/\/www.schoene-nachrichten.de\/wp-content\/uploads\/2009\/05\/090520_Kapp_007.jpg\" target=\"_blank\"><img decoding=\"async\" src=\"http:\/\/www.schoene-nachrichten.de\/wp-content\/uploads\/2009\/05\/090520_Kapp_007.thumbnail.jpg\" alt=\"090520_Kapp_007.jpg\" width=\"265\" \/><\/a> <a title=\"Foto: Elisabeth Miller &amp; Markus Jakobi\" rel=\"lightbox[roadtrip]\" href=\"http:\/\/www.schoene-nachrichten.de\/wp-content\/uploads\/2009\/05\/090520_Kapp_008.jpg\" target=\"_blank\"><img decoding=\"async\" src=\"http:\/\/www.schoene-nachrichten.de\/wp-content\/uploads\/2009\/05\/090520_Kapp_008.thumbnail.jpg\" alt=\"090520_Kapp_008.jpg\" width=\"265\" \/><\/a><\/p>\n<p><a title=\"Foto: Elisabeth Miller &amp; Markus Jakobi\" rel=\"lightbox[roadtrip]\" href=\"http:\/\/www.schoene-nachrichten.de\/wp-content\/uploads\/2009\/05\/090520_Kapp_009.jpg\" target=\"_blank\"><img decoding=\"async\" src=\"http:\/\/www.schoene-nachrichten.de\/wp-content\/uploads\/2009\/05\/090520_Kapp_009.thumbnail.jpg\" alt=\"090520_Kapp_009.jpg\" width=\"265\" \/><\/a> <a title=\"Foto: Elisabeth Miller &amp; Markus Jakobi\" rel=\"lightbox[roadtrip]\" href=\"http:\/\/www.schoene-nachrichten.de\/wp-content\/uploads\/2009\/05\/090520_Kapp_010.jpg\" target=\"_blank\"><img decoding=\"async\" src=\"http:\/\/www.schoene-nachrichten.de\/wp-content\/uploads\/2009\/05\/090520_Kapp_010.thumbnail.jpg\" alt=\"090520_Kapp_010.jpg\" width=\"265\" \/><\/a><\/p>\n<p><a title=\"Foto: Elisabeth Miller &amp; Markus Jakobi\" rel=\"lightbox[roadtrip]\" href=\"http:\/\/www.schoene-nachrichten.de\/wp-content\/uploads\/2009\/05\/090520_Kapp_011.jpg\" target=\"_blank\"><img decoding=\"async\" src=\"http:\/\/www.schoene-nachrichten.de\/wp-content\/uploads\/2009\/05\/090520_Kapp_011.thumbnail.jpg\" alt=\"090520_Kapp_011.jpg\" width=\"265\" \/><\/a> <a title=\"Foto: Elisabeth Miller &amp; Markus Jakobi\" rel=\"lightbox[roadtrip]\" href=\"http:\/\/www.schoene-nachrichten.de\/wp-content\/uploads\/2009\/05\/090520_Kapp_012.jpg\" target=\"_blank\"><img decoding=\"async\" src=\"http:\/\/www.schoene-nachrichten.de\/wp-content\/uploads\/2009\/05\/090520_Kapp_012.thumbnail.jpg\" alt=\"090520_Kapp_012.jpg\" width=\"265\" \/><\/a><\/p>\n<p><a title=\"Foto: Elisabeth Miller &amp; Markus Jakobi\" rel=\"lightbox[roadtrip]\" href=\"http:\/\/www.schoene-nachrichten.de\/wp-content\/uploads\/2009\/05\/090520_Kapp_017.jpg\" target=\"_blank\"><img decoding=\"async\" src=\"http:\/\/www.schoene-nachrichten.de\/wp-content\/uploads\/2009\/05\/090520_Kapp_017.thumbnail.jpg\" alt=\"090520_Kapp_017.jpg\" width=\"265\" \/><\/a> <a title=\"Foto: Elisabeth Miller &amp; Markus Jakobi\" rel=\"lightbox[roadtrip]\" href=\"http:\/\/www.schoene-nachrichten.de\/wp-content\/uploads\/2009\/05\/090520_Kapp_018.jpg\" target=\"_blank\"><img decoding=\"async\" src=\"http:\/\/www.schoene-nachrichten.de\/wp-content\/uploads\/2009\/05\/090520_Kapp_018.thumbnail.jpg\" alt=\"090520_Kapp_018.jpg\" width=\"265\" \/><\/a><\/p>\n<p><a title=\"Foto: Elisabeth Miller &amp; Markus Jakobi\" rel=\"lightbox[roadtrip]\" href=\"http:\/\/www.schoene-nachrichten.de\/wp-content\/uploads\/2009\/05\/090520_Kapp_019.jpg\" target=\"_blank\"><img decoding=\"async\" src=\"http:\/\/www.schoene-nachrichten.de\/wp-content\/uploads\/2009\/05\/090520_Kapp_019.thumbnail.jpg\" alt=\"090520_Kapp_019.jpg\" width=\"265\" \/><\/a> <a title=\"Foto: Elisabeth Miller &amp; Markus Jakobi\" rel=\"lightbox[roadtrip]\" href=\"http:\/\/www.schoene-nachrichten.de\/wp-content\/uploads\/2009\/05\/090520_Kapp_020.jpg\" target=\"_blank\"><img decoding=\"async\" src=\"http:\/\/www.schoene-nachrichten.de\/wp-content\/uploads\/2009\/05\/090520_Kapp_020.thumbnail.jpg\" alt=\"090520_Kapp_020.jpg\" width=\"265\" \/><\/a><\/p>\n<p><a title=\"Foto: Elisabeth Miller &amp; Markus Jakobi\" rel=\"lightbox[roadtrip]\" href=\"http:\/\/www.schoene-nachrichten.de\/wp-content\/uploads\/2009\/05\/090520_Kapp_021.jpg\" target=\"_blank\"><img decoding=\"async\" src=\"http:\/\/www.schoene-nachrichten.de\/wp-content\/uploads\/2009\/05\/090520_Kapp_021.thumbnail.jpg\" alt=\"090520_Kapp_021.jpg\" width=\"265\" \/><\/a> <a title=\"Foto: Elisabeth Miller &amp; Markus Jakobi\" rel=\"lightbox[roadtrip]\" href=\"http:\/\/www.schoene-nachrichten.de\/wp-content\/uploads\/2009\/05\/090520_Kapp_022.jpg\" target=\"_blank\"><img decoding=\"async\" src=\"http:\/\/www.schoene-nachrichten.de\/wp-content\/uploads\/2009\/05\/090520_Kapp_022.thumbnail.jpg\" alt=\"090520_Kapp_022.jpg\" width=\"265\" \/><\/a><\/p>\n<p><a title=\"Foto: Elisabeth Miller &amp; Markus Jakobi\" rel=\"lightbox[roadtrip]\" href=\"http:\/\/www.schoene-nachrichten.de\/wp-content\/uploads\/2009\/05\/090520_Kapp_023.jpg\" target=\"_blank\"><img decoding=\"async\" src=\"http:\/\/www.schoene-nachrichten.de\/wp-content\/uploads\/2009\/05\/090520_Kapp_023.thumbnail.jpg\" alt=\"090520_Kapp_023.jpg\" width=\"265\" \/><\/a> <a title=\"Foto: Elisabeth Miller &amp; Markus Jakobi\" rel=\"lightbox[roadtrip]\" href=\"http:\/\/www.schoene-nachrichten.de\/wp-content\/uploads\/2009\/05\/090520_Kapp_024.jpg\" target=\"_blank\"><img decoding=\"async\" src=\"http:\/\/www.schoene-nachrichten.de\/wp-content\/uploads\/2009\/05\/090520_Kapp_024.thumbnail.jpg\" alt=\"090520_Kapp_024.jpg\" width=\"265\" \/><\/a><\/p>\n<p><a title=\"Foto: Elisabeth Miller &amp; Markus Jakobi\" rel=\"lightbox[roadtrip]\" href=\"http:\/\/www.schoene-nachrichten.de\/wp-content\/uploads\/2009\/05\/090520_Kapp_025.jpg\" target=\"_blank\"><img decoding=\"async\" src=\"http:\/\/www.schoene-nachrichten.de\/wp-content\/uploads\/2009\/05\/090520_Kapp_025.thumbnail.jpg\" alt=\"090520_Kapp_025.jpg\" width=\"265\" \/><\/a> <a title=\"Foto: Elisabeth Miller &amp; Markus Jakobi\" rel=\"lightbox[roadtrip]\" href=\"http:\/\/www.schoene-nachrichten.de\/wp-content\/uploads\/2009\/05\/090520_Kapp_026.jpg\" target=\"_blank\"><img decoding=\"async\" src=\"http:\/\/www.schoene-nachrichten.de\/wp-content\/uploads\/2009\/05\/090520_Kapp_026.thumbnail.jpg\" alt=\"090520_Kapp_026.jpg\" width=\"265\" \/><\/a><\/p>\n<p><a title=\"Foto: Elisabeth Miller &amp; Markus Jakobi\" rel=\"lightbox[roadtrip]\" href=\"http:\/\/www.schoene-nachrichten.de\/wp-content\/uploads\/2009\/05\/090520_Kapp_031.jpg\" target=\"_blank\"><img decoding=\"async\" src=\"http:\/\/www.schoene-nachrichten.de\/wp-content\/uploads\/2009\/05\/090520_Kapp_031.thumbnail.jpg\" alt=\"090520_Kapp_031.jpg\" width=\"265\" \/><\/a> <a title=\"Foto: Elisabeth Miller &amp; Markus Jakobi\" rel=\"lightbox[roadtrip]\" href=\"http:\/\/www.schoene-nachrichten.de\/wp-content\/uploads\/2009\/05\/090520_Kapp_032.jpg\" target=\"_blank\"><img decoding=\"async\" src=\"http:\/\/www.schoene-nachrichten.de\/wp-content\/uploads\/2009\/05\/090520_Kapp_032.thumbnail.jpg\" alt=\"090520_Kapp_032.jpg\" width=\"265\" \/><\/a><\/p>\n<p><a title=\"Foto: Elisabeth Miller &amp; Markus Jakobi\" rel=\"lightbox[roadtrip]\" href=\"http:\/\/www.schoene-nachrichten.de\/wp-content\/uploads\/2009\/05\/090520_Kapp_037.jpg\" target=\"_blank\"><img decoding=\"async\" src=\"http:\/\/www.schoene-nachrichten.de\/wp-content\/uploads\/2009\/05\/090520_Kapp_037.thumbnail.jpg\" alt=\"090520_Kapp_037.jpg\" width=\"265\" \/><\/a> <a title=\"Foto: Elisabeth Miller &amp; Markus Jakobi\" rel=\"lightbox[roadtrip]\" href=\"http:\/\/www.schoene-nachrichten.de\/wp-content\/uploads\/2009\/05\/090520_Kapp_038.jpg\" target=\"_blank\"><img decoding=\"async\" src=\"http:\/\/www.schoene-nachrichten.de\/wp-content\/uploads\/2009\/05\/090520_Kapp_038.thumbnail.jpg\" alt=\"090520_Kapp_038.jpg\" width=\"265\" \/><\/a><\/p>\n<p><a title=\"Foto: Elisabeth Miller &amp; Markus Jakobi\" rel=\"lightbox[roadtrip]\" href=\"http:\/\/www.schoene-nachrichten.de\/wp-content\/uploads\/2009\/05\/090520_Kapp_039.jpg\" target=\"_blank\"><img decoding=\"async\" src=\"http:\/\/www.schoene-nachrichten.de\/wp-content\/uploads\/2009\/05\/090520_Kapp_039.thumbnail.jpg\" alt=\"090520_Kapp_039.jpg\" width=\"265\" \/><\/a> <a title=\"Foto: Elisabeth Miller &amp; Markus Jakobi\" rel=\"lightbox[roadtrip]\" href=\"http:\/\/www.schoene-nachrichten.de\/wp-content\/uploads\/2009\/05\/090520_Kapp_040.jpg\" target=\"_blank\"><img decoding=\"async\" src=\"http:\/\/www.schoene-nachrichten.de\/wp-content\/uploads\/2009\/05\/090520_Kapp_040.thumbnail.jpg\" alt=\"090520_Kapp_040.jpg\" width=\"265\" \/><\/a><\/p>\n<p><a title=\"Foto: Elisabeth Miller &amp; Markus Jakobi\" rel=\"lightbox[roadtrip]\" href=\"http:\/\/www.schoene-nachrichten.de\/wp-content\/uploads\/2009\/05\/090520_Kapp_043.jpg\" target=\"_blank\"><img decoding=\"async\" src=\"http:\/\/www.schoene-nachrichten.de\/wp-content\/uploads\/2009\/05\/090520_Kapp_043.thumbnail.jpg\" alt=\"090520_Kapp_043.jpg\" width=\"265\" \/><\/a> <a title=\"Foto: Elisabeth Miller &amp; Markus Jakobi\" rel=\"lightbox[roadtrip]\" href=\"http:\/\/www.schoene-nachrichten.de\/wp-content\/uploads\/2009\/05\/090520_Kapp_042.jpg\" target=\"_blank\"><img decoding=\"async\" src=\"http:\/\/www.schoene-nachrichten.de\/wp-content\/uploads\/2009\/05\/090520_Kapp_042.thumbnail.jpg\" alt=\"090520_Kapp_042.jpg\" width=\"265\" \/><\/a><\/p>\n<p><a title=\"Foto: Elisabeth Miller &amp; Markus Jakobi\" rel=\"lightbox[roadtrip]\" href=\"http:\/\/www.schoene-nachrichten.de\/wp-content\/uploads\/2009\/05\/090520_Kapp_045.jpg\" target=\"_blank\"><img decoding=\"async\" src=\"http:\/\/www.schoene-nachrichten.de\/wp-content\/uploads\/2009\/05\/090520_Kapp_045.thumbnail.jpg\" alt=\"090520_Kapp_045.jpg\" width=\"265\" \/><\/a> <a title=\"Foto: Elisabeth Miller &amp; Markus Jakobi\" rel=\"lightbox[roadtrip]\" href=\"http:\/\/www.schoene-nachrichten.de\/wp-content\/uploads\/2009\/05\/090520_Kapp_046.jpg\" target=\"_blank\"><img decoding=\"async\" src=\"http:\/\/www.schoene-nachrichten.de\/wp-content\/uploads\/2009\/05\/090520_Kapp_046.thumbnail.jpg\" alt=\"090520_Kapp_046.jpg\" width=\"265\" \/><\/a><\/p>\n<p><a title=\"Foto: Elisabeth Miller &amp; Markus Jakobi\" rel=\"lightbox[roadtrip]\" href=\"http:\/\/www.schoene-nachrichten.de\/wp-content\/uploads\/2009\/05\/090520_Kapp_047.jpg\" target=\"_blank\"><img decoding=\"async\" src=\"http:\/\/www.schoene-nachrichten.de\/wp-content\/uploads\/2009\/05\/090520_Kapp_047.thumbnail.jpg\" alt=\"090520_Kapp_047.jpg\" width=\"265\" \/><\/a> <a title=\"Foto: Elisabeth Miller &amp; Markus Jakobi\" rel=\"lightbox[roadtrip]\" href=\"http:\/\/www.schoene-nachrichten.de\/wp-content\/uploads\/2009\/05\/090520_Kapp_048.jpg\" target=\"_blank\"><img decoding=\"async\" src=\"http:\/\/www.schoene-nachrichten.de\/wp-content\/uploads\/2009\/05\/090520_Kapp_048.thumbnail.jpg\" alt=\"090520_Kapp_048.jpg\" width=\"265\" \/><\/a><\/p>\n<p><a title=\"Foto: Elisabeth Miller &amp; Markus Jakobi\" rel=\"lightbox[roadtrip]\" href=\"http:\/\/www.schoene-nachrichten.de\/wp-content\/uploads\/2009\/05\/090520_Kapp_049.jpg\" target=\"_blank\"><img decoding=\"async\" src=\"http:\/\/www.schoene-nachrichten.de\/wp-content\/uploads\/2009\/05\/090520_Kapp_049.thumbnail.jpg\" alt=\"090520_Kapp_049.jpg\" width=\"265\" \/><\/a> <a title=\"Foto: Elisabeth Miller &amp; Markus Jakobi\" rel=\"lightbox[roadtrip]\" href=\"http:\/\/www.schoene-nachrichten.de\/wp-content\/uploads\/2009\/05\/090520_Kapp_050.jpg\" target=\"_blank\"><img decoding=\"async\" src=\"http:\/\/www.schoene-nachrichten.de\/wp-content\/uploads\/2009\/05\/090520_Kapp_050.thumbnail.jpg\" alt=\"090520_Kapp_050.jpg\" width=\"265\" \/><\/a><\/p>\n<p><a title=\"Foto: Elisabeth Miller &amp; Markus Jakobi\" rel=\"lightbox[roadtrip]\" href=\"http:\/\/www.schoene-nachrichten.de\/wp-content\/uploads\/2009\/05\/090520_Kapp_051.jpg\" target=\"_blank\"><img decoding=\"async\" src=\"http:\/\/www.schoene-nachrichten.de\/wp-content\/uploads\/2009\/05\/090520_Kapp_051.thumbnail.jpg\" alt=\"090520_Kapp_051.jpg\" width=\"265\" \/><\/a> <a title=\"Foto: Elisabeth Miller &amp; Markus Jakobi\" rel=\"lightbox[roadtrip]\" href=\"http:\/\/www.schoene-nachrichten.de\/wp-content\/uploads\/2009\/05\/090520_Kapp_052.jpg\" target=\"_blank\"><img decoding=\"async\" src=\"http:\/\/www.schoene-nachrichten.de\/wp-content\/uploads\/2009\/05\/090520_Kapp_052.thumbnail.jpg\" alt=\"090520_Kapp_052.jpg\" width=\"265\" \/><\/a><\/p>\n<p><a title=\"Foto: Elisabeth Miller &amp; Markus Jakobi\" rel=\"lightbox[roadtrip]\" href=\"http:\/\/www.schoene-nachrichten.de\/wp-content\/uploads\/2009\/05\/090520_Kapp_060.jpg\" target=\"_blank\"><img decoding=\"async\" src=\"http:\/\/www.schoene-nachrichten.de\/wp-content\/uploads\/2009\/05\/090520_Kapp_060.thumbnail.jpg\" alt=\"090520_Kapp_060.jpg\" width=\"265\" \/><\/a> <a title=\"Foto: Elisabeth Miller &amp; Markus Jakobi\" rel=\"lightbox[roadtrip]\" href=\"http:\/\/www.schoene-nachrichten.de\/wp-content\/uploads\/2009\/05\/090520_Kapp_054.jpg\" target=\"_blank\"><img decoding=\"async\" src=\"http:\/\/www.schoene-nachrichten.de\/wp-content\/uploads\/2009\/05\/090520_Kapp_054.thumbnail.jpg\" alt=\"090520_Kapp_054.jpg\" width=\"265\" \/><\/a><\/p>\n<p><a title=\"Foto: Elisabeth Miller &amp; Markus Jakobi\" rel=\"lightbox[roadtrip]\" href=\"http:\/\/www.schoene-nachrichten.de\/wp-content\/uploads\/2009\/05\/090520_Kapp_055.jpg\" target=\"_blank\"><img decoding=\"async\" src=\"http:\/\/www.schoene-nachrichten.de\/wp-content\/uploads\/2009\/05\/090520_Kapp_055.thumbnail.jpg\" alt=\"090520_Kapp_055.jpg\" width=\"265\" \/><\/a> <a title=\"Foto: Elisabeth Miller &amp; Markus Jakobi\" rel=\"lightbox[roadtrip]\" href=\"http:\/\/www.schoene-nachrichten.de\/wp-content\/uploads\/2009\/05\/090520_Kapp_056.jpg\" target=\"_blank\"><img decoding=\"async\" src=\"http:\/\/www.schoene-nachrichten.de\/wp-content\/uploads\/2009\/05\/090520_Kapp_056.thumbnail.jpg\" alt=\"090520_Kapp_056.jpg\" width=\"265\" \/><\/a><\/p>\n<p><a title=\"Foto: Elisabeth Miller &amp; Markus Jakobi\" rel=\"lightbox[roadtrip]\" href=\"http:\/\/www.schoene-nachrichten.de\/wp-content\/uploads\/2009\/05\/090520_Kapp_057.jpg\" target=\"_blank\"><img decoding=\"async\" src=\"http:\/\/www.schoene-nachrichten.de\/wp-content\/uploads\/2009\/05\/090520_Kapp_057.thumbnail.jpg\" alt=\"090520_Kapp_057.jpg\" width=\"265\" \/><\/a> <a title=\"Foto: Elisabeth Miller &amp; Markus Jakobi\" rel=\"lightbox[roadtrip]\" href=\"http:\/\/www.schoene-nachrichten.de\/wp-content\/uploads\/2009\/05\/090520_Kapp_058.jpg\" target=\"_blank\"><img decoding=\"async\" src=\"http:\/\/www.schoene-nachrichten.de\/wp-content\/uploads\/2009\/05\/090520_Kapp_058.thumbnail.jpg\" alt=\"090520_Kapp_058.jpg\" width=\"265\" \/><\/a><\/p>\n<p><a title=\"Foto: Elisabeth Miller &amp; Markus Jakobi\" rel=\"lightbox[roadtrip]\" href=\"http:\/\/www.schoene-nachrichten.de\/wp-content\/uploads\/2009\/05\/090520_Kapp_061.jpg\" target=\"_blank\"><img decoding=\"async\" src=\"http:\/\/www.schoene-nachrichten.de\/wp-content\/uploads\/2009\/05\/090520_Kapp_061.thumbnail.jpg\" alt=\"090520_Kapp_061.jpg\" width=\"265\" \/><\/a> <a title=\"Foto: Elisabeth Miller &amp; Markus Jakobi\" rel=\"lightbox[roadtrip]\" href=\"http:\/\/www.schoene-nachrichten.de\/wp-content\/uploads\/2009\/05\/090520_Kapp_062.jpg\" target=\"_blank\"><img decoding=\"async\" src=\"http:\/\/www.schoene-nachrichten.de\/wp-content\/uploads\/2009\/05\/090520_Kapp_062.thumbnail.jpg\" alt=\"090520_Kapp_062.jpg\" width=\"265\" \/><\/a><\/p>\n<p><a title=\"Foto: Elisabeth Miller &amp; Markus Jakobi\" rel=\"lightbox[roadtrip]\" href=\"http:\/\/www.schoene-nachrichten.de\/wp-content\/uploads\/2009\/05\/090520_Kapp_067.jpg\" target=\"_blank\"><img decoding=\"async\" src=\"http:\/\/www.schoene-nachrichten.de\/wp-content\/uploads\/2009\/05\/090520_Kapp_067.thumbnail.jpg\" alt=\"090520_Kapp_067.jpg\" width=\"265\" \/><\/a> <a title=\"Foto: Elisabeth Miller &amp; Markus Jakobi\" rel=\"lightbox[roadtrip]\" href=\"http:\/\/www.schoene-nachrichten.de\/wp-content\/uploads\/2009\/05\/090520_Kapp_068.jpg\" target=\"_blank\"><img decoding=\"async\" src=\"http:\/\/www.schoene-nachrichten.de\/wp-content\/uploads\/2009\/05\/090520_Kapp_068.thumbnail.jpg\" alt=\"090520_Kapp_068.jpg\" width=\"265\" \/><\/a><\/p>\n<p><a title=\"Foto: Elisabeth Miller &amp; Markus Jakobi\" rel=\"lightbox[roadtrip]\" href=\"http:\/\/www.schoene-nachrichten.de\/wp-content\/uploads\/2009\/05\/090520_Kapp_069.jpg\" target=\"_blank\"><img decoding=\"async\" src=\"http:\/\/www.schoene-nachrichten.de\/wp-content\/uploads\/2009\/05\/090520_Kapp_069.thumbnail.jpg\" alt=\"090520_Kapp_069.jpg\" width=\"265\" \/><\/a> <a title=\"Foto: Elisabeth Miller &amp; Markus Jakobi\" rel=\"lightbox[roadtrip]\" href=\"http:\/\/www.schoene-nachrichten.de\/wp-content\/uploads\/2009\/05\/090520_Kapp_070.jpg\" target=\"_blank\"><img decoding=\"async\" src=\"http:\/\/www.schoene-nachrichten.de\/wp-content\/uploads\/2009\/05\/090520_Kapp_070.thumbnail.jpg\" alt=\"090520_Kapp_070.jpg\" width=\"265\" \/><\/a><\/p>\n<p><a title=\"Foto: Elisabeth Miller &amp; Markus Jakobi\" rel=\"lightbox[roadtrip]\" href=\"http:\/\/www.schoene-nachrichten.de\/wp-content\/uploads\/2009\/05\/090520_Kapp_071.jpg\" target=\"_blank\"><img decoding=\"async\" src=\"http:\/\/www.schoene-nachrichten.de\/wp-content\/uploads\/2009\/05\/090520_Kapp_071.thumbnail.jpg\" alt=\"090520_Kapp_071.jpg\" width=\"265\" \/><\/a> <a title=\"Foto: Elisabeth Miller &amp; Markus Jakobi\" rel=\"lightbox[roadtrip]\" href=\"http:\/\/www.schoene-nachrichten.de\/wp-content\/uploads\/2009\/05\/090520_Kapp_072.jpg\" target=\"_blank\"><img decoding=\"async\" src=\"http:\/\/www.schoene-nachrichten.de\/wp-content\/uploads\/2009\/05\/090520_Kapp_072.thumbnail.jpg\" alt=\"090520_Kapp_072.jpg\" width=\"265\" \/><\/a><\/p>\n<p><a title=\"Foto: Elisabeth Miller &amp; Markus Jakobi\" rel=\"lightbox[roadtrip]\" href=\"http:\/\/www.schoene-nachrichten.de\/wp-content\/uploads\/2009\/05\/090520_Kapp_073.jpg\" target=\"_blank\"><img decoding=\"async\" src=\"http:\/\/www.schoene-nachrichten.de\/wp-content\/uploads\/2009\/05\/090520_Kapp_073.thumbnail.jpg\" alt=\"090520_Kapp_073.jpg\" width=\"265\" \/><\/a> <a title=\"Foto: Elisabeth Miller &amp; Markus Jakobi\" rel=\"lightbox[roadtrip]\" href=\"http:\/\/www.schoene-nachrichten.de\/wp-content\/uploads\/2009\/05\/090520_Kapp_074.jpg\" target=\"_blank\"><img decoding=\"async\" src=\"http:\/\/www.schoene-nachrichten.de\/wp-content\/uploads\/2009\/05\/090520_Kapp_074.thumbnail.jpg\" alt=\"090520_Kapp_074.jpg\" width=\"265\" \/><\/a><\/p>\n<p><a title=\"Foto: Elisabeth Miller &amp; Markus Jakobi\" rel=\"lightbox[roadtrip]\" href=\"http:\/\/www.schoene-nachrichten.de\/wp-content\/uploads\/2009\/05\/090520_Kapp_075.jpg\" target=\"_blank\"><img decoding=\"async\" src=\"http:\/\/www.schoene-nachrichten.de\/wp-content\/uploads\/2009\/05\/090520_Kapp_075.thumbnail.jpg\" alt=\"090520_Kapp_075.jpg\" width=\"265\" \/><\/a> <a title=\"Foto: Elisabeth Miller &amp; Markus Jakobi\" rel=\"lightbox[roadtrip]\" href=\"http:\/\/www.schoene-nachrichten.de\/wp-content\/uploads\/2009\/05\/090520_Kapp_076.jpg\" target=\"_blank\"><img decoding=\"async\" src=\"http:\/\/www.schoene-nachrichten.de\/wp-content\/uploads\/2009\/05\/090520_Kapp_076.thumbnail.jpg\" alt=\"090520_Kapp_076.jpg\" width=\"265\" \/><\/a><\/p>\n<p><a title=\"Foto: Elisabeth Miller &amp; Markus Jakobi\" rel=\"lightbox[roadtrip]\" href=\"http:\/\/www.schoene-nachrichten.de\/wp-content\/uploads\/2009\/05\/090520_Kapp_077.jpg\" target=\"_blank\"><img decoding=\"async\" src=\"http:\/\/www.schoene-nachrichten.de\/wp-content\/uploads\/2009\/05\/090520_Kapp_077.thumbnail.jpg\" alt=\"090520_Kapp_077.jpg\" width=\"265\" \/><\/a> <a title=\"Foto: Elisabeth Miller &amp; Markus Jakobi\" rel=\"lightbox[roadtrip]\" href=\"http:\/\/www.schoene-nachrichten.de\/wp-content\/uploads\/2009\/05\/090520_Kapp_078.jpg\" target=\"_blank\"><img decoding=\"async\" src=\"http:\/\/www.schoene-nachrichten.de\/wp-content\/uploads\/2009\/05\/090520_Kapp_078.thumbnail.jpg\" alt=\"090520_Kapp_078.jpg\" width=\"265\" \/><\/a><\/p>\n<p><a title=\"Foto: Elisabeth Miller &amp; Markus Jakobi\" rel=\"lightbox[roadtrip]\" href=\"http:\/\/www.schoene-nachrichten.de\/wp-content\/uploads\/2009\/05\/090520_Kapp_079.jpg\" target=\"_blank\"><img decoding=\"async\" src=\"http:\/\/www.schoene-nachrichten.de\/wp-content\/uploads\/2009\/05\/090520_Kapp_079.thumbnail.jpg\" alt=\"090520_Kapp_079.jpg\" width=\"265\" \/><\/a> <a title=\"Foto: Elisabeth Miller &amp; Markus Jakobi\" rel=\"lightbox[roadtrip]\" href=\"http:\/\/www.schoene-nachrichten.de\/wp-content\/uploads\/2009\/05\/090520_Kapp_080.jpg\" target=\"_blank\"><img decoding=\"async\" src=\"http:\/\/www.schoene-nachrichten.de\/wp-content\/uploads\/2009\/05\/090520_Kapp_080.thumbnail.jpg\" alt=\"090520_Kapp_080.jpg\" width=\"265\" \/><\/a><\/p>\n<p><a title=\"Foto: Elisabeth Miller &amp; Markus Jakobi\" rel=\"lightbox[roadtrip]\" href=\"http:\/\/www.schoene-nachrichten.de\/wp-content\/uploads\/2009\/05\/090520_Kapp_081.jpg\" target=\"_blank\"><img decoding=\"async\" src=\"http:\/\/www.schoene-nachrichten.de\/wp-content\/uploads\/2009\/05\/090520_Kapp_081.thumbnail.jpg\" alt=\"090520_Kapp_081.jpg\" width=\"265\" \/><\/a> <a title=\"Foto: Elisabeth Miller &amp; Markus Jakobi\" rel=\"lightbox[roadtrip]\" href=\"http:\/\/www.schoene-nachrichten.de\/wp-content\/uploads\/2009\/05\/090520_Kapp_082.jpg\" target=\"_blank\"><img decoding=\"async\" src=\"http:\/\/www.schoene-nachrichten.de\/wp-content\/uploads\/2009\/05\/090520_Kapp_082.thumbnail.jpg\" alt=\"090520_Kapp_082.jpg\" width=\"265\" \/><\/a><\/p>\n<p><a title=\"Foto: Elisabeth Miller &amp; Markus Jakobi\" rel=\"lightbox[roadtrip]\" href=\"http:\/\/www.schoene-nachrichten.de\/wp-content\/uploads\/2009\/05\/090520_Kapp_083.jpg\" target=\"_blank\"><img decoding=\"async\" src=\"http:\/\/www.schoene-nachrichten.de\/wp-content\/uploads\/2009\/05\/090520_Kapp_083.thumbnail.jpg\" alt=\"090520_Kapp_083.jpg\" width=\"265\" \/><\/a> <a title=\"Foto: Elisabeth Miller &amp; Markus Jakobi\" rel=\"lightbox[roadtrip]\" href=\"http:\/\/www.schoene-nachrichten.de\/wp-content\/uploads\/2009\/05\/090520_Kapp_084.jpg\" target=\"_blank\"><img decoding=\"async\" src=\"http:\/\/www.schoene-nachrichten.de\/wp-content\/uploads\/2009\/05\/090520_Kapp_084.thumbnail.jpg\" alt=\"090520_Kapp_084.jpg\" width=\"265\" \/><\/a><\/p>\n<p><a title=\"Foto: Elisabeth Miller &amp; Markus Jakobi\" rel=\"lightbox[roadtrip]\" href=\"http:\/\/www.schoene-nachrichten.de\/wp-content\/uploads\/2009\/05\/090520_Kapp_085.jpg\" target=\"_blank\"><img decoding=\"async\" src=\"http:\/\/www.schoene-nachrichten.de\/wp-content\/uploads\/2009\/05\/090520_Kapp_085.thumbnail.jpg\" alt=\"090520_Kapp_085.jpg\" width=\"265\" \/><\/a> <a title=\"Foto: Elisabeth Miller &amp; Markus Jakobi\" rel=\"lightbox[roadtrip]\" href=\"http:\/\/www.schoene-nachrichten.de\/wp-content\/uploads\/2009\/05\/090520_Kapp_086.jpg\" target=\"_blank\"><img decoding=\"async\" src=\"http:\/\/www.schoene-nachrichten.de\/wp-content\/uploads\/2009\/05\/090520_Kapp_086.thumbnail.jpg\" alt=\"090520_Kapp_086.jpg\" width=\"265\" \/><\/a><\/p>\n<p><a title=\"Foto: Elisabeth Miller &amp; Markus Jakobi\" rel=\"lightbox[roadtrip]\" href=\"http:\/\/www.schoene-nachrichten.de\/wp-content\/uploads\/2009\/05\/090520_Kapp_087.jpg\" target=\"_blank\"><img decoding=\"async\" src=\"http:\/\/www.schoene-nachrichten.de\/wp-content\/uploads\/2009\/05\/090520_Kapp_087.thumbnail.jpg\" alt=\"090520_Kapp_087.jpg\" width=\"265\" \/><\/a> <a title=\"Foto: Elisabeth Miller &amp; Markus Jakobi\" rel=\"lightbox[roadtrip]\" href=\"http:\/\/www.schoene-nachrichten.de\/wp-content\/uploads\/2009\/05\/090520_Kapp_088.jpg\" target=\"_blank\"><img decoding=\"async\" src=\"http:\/\/www.schoene-nachrichten.de\/wp-content\/uploads\/2009\/05\/090520_Kapp_088.thumbnail.jpg\" alt=\"090520_Kapp_088.jpg\" width=\"265\" \/><\/a><\/p>\n<p><a title=\"Foto: Elisabeth Miller &amp; Markus Jakobi\" rel=\"lightbox[roadtrip]\" href=\"http:\/\/www.schoene-nachrichten.de\/wp-content\/uploads\/2009\/05\/090520_Kapp_089.jpg\" target=\"_blank\"><img decoding=\"async\" src=\"http:\/\/www.schoene-nachrichten.de\/wp-content\/uploads\/2009\/05\/090520_Kapp_089.thumbnail.jpg\" alt=\"090520_Kapp_089.jpg\" width=\"265\" \/><\/a> <a title=\"Foto: Elisabeth Miller &amp; Markus Jakobi\" rel=\"lightbox[roadtrip]\" href=\"http:\/\/www.schoene-nachrichten.de\/wp-content\/uploads\/2009\/05\/090520_Kapp_090.jpg\" target=\"_blank\"><img decoding=\"async\" src=\"http:\/\/www.schoene-nachrichten.de\/wp-content\/uploads\/2009\/05\/090520_Kapp_090.thumbnail.jpg\" alt=\"090520_Kapp_090.jpg\" width=\"265\" \/><\/a><\/p>\n<p><a title=\"Foto: Elisabeth Miller &amp; Markus Jakobi\" rel=\"lightbox[roadtrip]\" href=\"http:\/\/www.schoene-nachrichten.de\/wp-content\/uploads\/2009\/05\/090520_Kapp_091.jpg\" target=\"_blank\"><img decoding=\"async\" src=\"http:\/\/www.schoene-nachrichten.de\/wp-content\/uploads\/2009\/05\/090520_Kapp_091.thumbnail.jpg\" alt=\"090520_Kapp_091.jpg\" width=\"265\" \/><\/a> <a title=\"Foto: Elisabeth Miller &amp; Markus Jakobi\" rel=\"lightbox[roadtrip]\" href=\"http:\/\/www.schoene-nachrichten.de\/wp-content\/uploads\/2009\/05\/090520_Kapp_092.jpg\" target=\"_blank\"><img decoding=\"async\" src=\"http:\/\/www.schoene-nachrichten.de\/wp-content\/uploads\/2009\/05\/090520_Kapp_092.thumbnail.jpg\" alt=\"090520_Kapp_092.jpg\" width=\"265\" \/><\/a><\/p>\n<p><a title=\"Foto: Elisabeth Miller &amp; Markus Jakobi\" rel=\"lightbox[roadtrip]\" href=\"http:\/\/www.schoene-nachrichten.de\/wp-content\/uploads\/2009\/05\/090520_Kapp_093.jpg\" target=\"_blank\"><img decoding=\"async\" src=\"http:\/\/www.schoene-nachrichten.de\/wp-content\/uploads\/2009\/05\/090520_Kapp_093.thumbnail.jpg\" alt=\"090520_Kapp_093.jpg\" width=\"265\" \/><\/a> <a title=\"Foto: Elisabeth Miller &amp; Markus Jakobi\" rel=\"lightbox[roadtrip]\" href=\"http:\/\/www.schoene-nachrichten.de\/wp-content\/uploads\/2009\/05\/090520_Kapp_094.jpg\" target=\"_blank\"><img decoding=\"async\" src=\"http:\/\/www.schoene-nachrichten.de\/wp-content\/uploads\/2009\/05\/090520_Kapp_094.thumbnail.jpg\" alt=\"090520_Kapp_094.jpg\" width=\"265\" \/><\/a><\/p>\n<p><a title=\"Foto: Elisabeth Miller &amp; Markus Jakobi\" rel=\"lightbox[roadtrip]\" href=\"http:\/\/www.schoene-nachrichten.de\/wp-content\/uploads\/2009\/05\/090520_Kapp_095.jpg\" target=\"_blank\"><img decoding=\"async\" src=\"http:\/\/www.schoene-nachrichten.de\/wp-content\/uploads\/2009\/05\/090520_Kapp_095.thumbnail.jpg\" alt=\"090520_Kapp_095.jpg\" width=\"265\" \/><\/a> <a title=\"Foto: Elisabeth Miller &amp; Markus Jakobi\" rel=\"lightbox[roadtrip]\" href=\"http:\/\/www.schoene-nachrichten.de\/wp-content\/uploads\/2009\/05\/090520_Kapp_096.jpg\" target=\"_blank\"><img decoding=\"async\" src=\"http:\/\/www.schoene-nachrichten.de\/wp-content\/uploads\/2009\/05\/090520_Kapp_096.thumbnail.jpg\" alt=\"090520_Kapp_096.jpg\" width=\"265\" \/><\/a><\/p>\n<p><a title=\"Foto: Elisabeth Miller &amp; Markus Jakobi\" rel=\"lightbox[roadtrip]\" href=\"http:\/\/www.schoene-nachrichten.de\/wp-content\/uploads\/2009\/05\/090520_Kapp_097.jpg\" target=\"_blank\"><img decoding=\"async\" src=\"http:\/\/www.schoene-nachrichten.de\/wp-content\/uploads\/2009\/05\/090520_Kapp_097.thumbnail.jpg\" alt=\"090520_Kapp_097.jpg\" width=\"265\" \/><\/a> <a title=\"Foto: Elisabeth Miller &amp; Markus Jakobi\" rel=\"lightbox[roadtrip]\" href=\"http:\/\/www.schoene-nachrichten.de\/wp-content\/uploads\/2009\/05\/090520_Kapp_098.jpg\" target=\"_blank\"><img decoding=\"async\" src=\"http:\/\/www.schoene-nachrichten.de\/wp-content\/uploads\/2009\/05\/090520_Kapp_098.thumbnail.jpg\" alt=\"090520_Kapp_098.jpg\" width=\"265\" \/><\/a><\/p>\n<p><a title=\"Foto: Elisabeth Miller &amp; Markus Jakobi\" rel=\"lightbox[roadtrip]\" href=\"http:\/\/www.schoene-nachrichten.de\/wp-content\/uploads\/2009\/05\/090520_Kapp_099.jpg\" target=\"_blank\"><img decoding=\"async\" src=\"http:\/\/www.schoene-nachrichten.de\/wp-content\/uploads\/2009\/05\/090520_Kapp_099.thumbnail.jpg\" alt=\"090520_Kapp_099.jpg\" width=\"265\" \/><\/a> <a title=\"Foto: Elisabeth Miller &amp; Markus Jakobi\" rel=\"lightbox[roadtrip]\" href=\"http:\/\/www.schoene-nachrichten.de\/wp-content\/uploads\/2009\/05\/090520_Kapp_100.jpg\" target=\"_blank\"><img decoding=\"async\" src=\"http:\/\/www.schoene-nachrichten.de\/wp-content\/uploads\/2009\/05\/090520_Kapp_100.thumbnail.jpg\" alt=\"090520_Kapp_100.jpg\" width=\"265\" \/><\/a><\/p>\n<p><a title=\"Foto: Elisabeth Miller &amp; Markus Jakobi\" rel=\"lightbox[roadtrip]\" href=\"http:\/\/www.schoene-nachrichten.de\/wp-content\/uploads\/2009\/05\/090520_Kapp_101.jpg\" target=\"_blank\"><img decoding=\"async\" src=\"http:\/\/www.schoene-nachrichten.de\/wp-content\/uploads\/2009\/05\/090520_Kapp_101.thumbnail.jpg\" alt=\"090520_Kapp_101.jpg\" width=\"265\" \/><\/a><\/p>\n","protected":false},"excerpt":{"rendered":"<div class=\"tmnf_excerpt\"><p>Fulda (bpf). \u201eDas Bistum Fulda in seiner Ganzheit ist mir zur Heimat und Familie geworden\u201c, stellte Weihbischof Johannes Kapp am Donnerstag im Hohen Dom zu Fulda heraus. In einem feierlichen Pontifikalamt in der vollbesetzten Kathedralkirche unterstrich der Jubilar vor Gl\u00e4ubigen aus nah und fern, wie wichtig es sei, \u201eda\u00df wir uns dieser Familie zwischen Bad &hellip;<\/p>\n<\/div>","protected":false},"author":1,"featured_media":0,"comment_status":"closed","ping_status":"closed","sticky":false,"template":"","format":"standard","meta":{"footnotes":""},"categories":[1,54,50],"tags":[],"class_list":["post-29507","post","type-post","status-publish","format-standard","hentry","category-startseite","category-bildergalerien","category-kirche"],"_links":{"self":[{"href":"https:\/\/www.fuldaernachrichten.de\/index.php?rest_route=\/wp\/v2\/posts\/29507","targetHints":{"allow":["GET"]}}],"collection":[{"href":"https:\/\/www.fuldaernachrichten.de\/index.php?rest_route=\/wp\/v2\/posts"}],"about":[{"href":"https:\/\/www.fuldaernachrichten.de\/index.php?rest_route=\/wp\/v2\/types\/post"}],"author":[{"embeddable":true,"href":"https:\/\/www.fuldaernachrichten.de\/index.php?rest_route=\/wp\/v2\/users\/1"}],"replies":[{"embeddable":true,"href":"https:\/\/www.fuldaernachrichten.de\/index.php?rest_route=%2Fwp%2Fv2%2Fcomments&post=29507"}],"version-history":[{"count":8,"href":"https:\/\/www.fuldaernachrichten.de\/index.php?rest_route=\/wp\/v2\/posts\/29507\/revisions"}],"predecessor-version":[{"id":29556,"href":"https:\/\/www.fuldaernachrichten.de\/index.php?rest_route=\/wp\/v2\/posts\/29507\/revisions\/29556"}],"wp:attachment":[{"href":"https:\/\/www.fuldaernachrichten.de\/index.php?rest_route=%2Fwp%2Fv2%2Fmedia&parent=29507"}],"wp:term":[{"taxonomy":"category","embeddable":true,"href":"https:\/\/www.fuldaernachrichten.de\/index.php?rest_route=%2Fwp%2Fv2%2Fcategories&post=29507"},{"taxonomy":"post_tag","embeddable":true,"href":"https:\/\/www.fuldaernachrichten.de\/index.php?rest_route=%2Fwp%2Fv2%2Ftags&post=29507"}],"curies":[{"name":"wp","href":"https:\/\/api.w.org\/{rel}","templated":true}]}}