{"id":29459,"date":"2009-05-21T05:44:57","date_gmt":"2009-05-21T03:44:57","guid":{"rendered":"http:\/\/www.schoene-nachrichten.de\/?p=29459"},"modified":"2009-05-21T08:47:55","modified_gmt":"2009-05-21T06:47:55","slug":"mit-zertifikat-die-wanderfreundlichste-jugendherberge-liegt-am-rheinsteig","status":"publish","type":"post","link":"https:\/\/www.fuldaernachrichten.de\/?p=29459","title":{"rendered":"Mit Zertifikat: Die wanderfreundlichste Jugendherberge liegt am Rheinsteig"},"content":{"rendered":"<p><strong>Bad Honnef. <\/strong>Die Jugendherberge Bad Honnef erf\u00fcllt als erste in Deutschland die Qualit\u00e4tskriterien des Deutschen Wanderverbandes. Daf\u00fcr erhielt sie das Zertifikat \u201eQualit\u00e4tsgastgeber Wanderbares Deutschland\u201c.<!--more--><\/p>\n<p><strong>Wertsch\u00e4tzung unseres Angebots<\/strong><\/p>\n<p>Bislang wurden nur sterneklassifizierte \u00dcbernachtungsbetriebe ausgezeichnet, jetzt ist dies auch Jugendherbergen m\u00f6glich. Der Deutsche Wanderverband (DWV) und das Deutsche Jugendherbergswerk (DJH) haben vereinbart, bei der Vergabe das DJH-eigene Qualit\u00e4tskonzept \u201eJugendherbergen 2009\u201c anzuerkennen, denn es erf\u00fcllt das Kernkriterium 3 der Qualit\u00e4tsklassifizierung. \u201eWir freuen uns \u00fcber die Wertsch\u00e4tzung unseres Angebots und betrachten dies als Aufwertung\u201c, sagte Stephan Riese, Leiter der DJH-Akademie.<\/p>\n<p>J\u00f6rg Haase, Vizepr\u00e4sident des DWV, \u00fcberreichte die Urkunde in Bad Honnef. Das Zertifikat sei ein wichtiger Hinweis f\u00fcr Wanderer, betonte er. So werde in Jugendherbergen das Thema Wandern verst\u00e4rkt unter dem Gesichtspunkt Qualit\u00e4t beachtet.<\/p>\n<p><strong>\u201eWandern ohne Gep\u00e4ck\u201c<\/strong><\/p>\n<p>Bereits w\u00e4hrend der Komplettrenovierung des Hauses im Jahr 2004 haben die Herbergseltern der Jugendherberge Bad Honnef, Christiane und Uwe Becker, in allen Bereichen auf Qualit\u00e4t geachtet. \u201eEs war f\u00fcr sie daher vollkommen unproblematisch, allen Anforderungen zu entsprechen\u201c, sagte Haase. Ebenso selbstverst\u00e4ndlich war es, die anderen 20 Kernkriterien nachzuweisen, beispielsweise das gesunde Wanderfr\u00fchst\u00fcck, aktuelle Wetterinformationen oder ein Gep\u00e4cktransfer f\u00fcr \u201eWandern ohne Gep\u00e4ck\u201c.<\/p>\n<p>Gleichzeitig wurde die Jugendherberge Bad Honnef auch offizieller Partner des \u201eRheinsteig\u201c. Denn s\u00e4mtliche \u201eQualit\u00e4tsgastgeber Wanderbares Deutschland\u201c in der N\u00e4he dieser Pr\u00e4dikats-Wanderstrecke k\u00f6nnen eine Kooperation mit dem Rheinsteig-B\u00fcro eingehen. \u201eMit der Jugendherberge Bad Honnef haben wir im n\u00f6rdlichen Teil des Rheinsteigs einen starken Partner gefunden.\u201c, erl\u00e4uterte Frank Gallas, Leiter des Rheinsteig\u00c2\u00ae-B\u00fcros.Das Haus ist der ideale Ausgangspunkt f\u00fcr Wanderungen: Von der Jugendherberge sind es nur 300 Meter bis zum Hauptweg.<\/p>\n","protected":false},"excerpt":{"rendered":"<div class=\"tmnf_excerpt\"><p>Bad Honnef. Die Jugendherberge Bad Honnef erf\u00fcllt als erste in Deutschland die Qualit\u00e4tskriterien des Deutschen Wanderverbandes. Daf\u00fcr erhielt sie das Zertifikat \u201eQualit\u00e4tsgastgeber Wanderbares Deutschland\u201c.<\/p>\n<\/div>","protected":false},"author":1,"featured_media":0,"comment_status":"closed","ping_status":"closed","sticky":false,"template":"","format":"standard","meta":{"footnotes":""},"categories":[1,44,52],"tags":[],"class_list":["post-29459","post","type-post","status-publish","format-standard","hentry","category-startseite","category-kultur","category-umwelt"],"_links":{"self":[{"href":"https:\/\/www.fuldaernachrichten.de\/index.php?rest_route=\/wp\/v2\/posts\/29459","targetHints":{"allow":["GET"]}}],"collection":[{"href":"https:\/\/www.fuldaernachrichten.de\/index.php?rest_route=\/wp\/v2\/posts"}],"about":[{"href":"https:\/\/www.fuldaernachrichten.de\/index.php?rest_route=\/wp\/v2\/types\/post"}],"author":[{"embeddable":true,"href":"https:\/\/www.fuldaernachrichten.de\/index.php?rest_route=\/wp\/v2\/users\/1"}],"replies":[{"embeddable":true,"href":"https:\/\/www.fuldaernachrichten.de\/index.php?rest_route=%2Fwp%2Fv2%2Fcomments&post=29459"}],"version-history":[{"count":3,"href":"https:\/\/www.fuldaernachrichten.de\/index.php?rest_route=\/wp\/v2\/posts\/29459\/revisions"}],"predecessor-version":[{"id":29639,"href":"https:\/\/www.fuldaernachrichten.de\/index.php?rest_route=\/wp\/v2\/posts\/29459\/revisions\/29639"}],"wp:attachment":[{"href":"https:\/\/www.fuldaernachrichten.de\/index.php?rest_route=%2Fwp%2Fv2%2Fmedia&parent=29459"}],"wp:term":[{"taxonomy":"category","embeddable":true,"href":"https:\/\/www.fuldaernachrichten.de\/index.php?rest_route=%2Fwp%2Fv2%2Fcategories&post=29459"},{"taxonomy":"post_tag","embeddable":true,"href":"https:\/\/www.fuldaernachrichten.de\/index.php?rest_route=%2Fwp%2Fv2%2Ftags&post=29459"}],"curies":[{"name":"wp","href":"https:\/\/api.w.org\/{rel}","templated":true}]}}