{"id":29456,"date":"2009-05-22T05:39:48","date_gmt":"2009-05-22T03:39:48","guid":{"rendered":"http:\/\/www.schoene-nachrichten.de\/?p=29456"},"modified":"2009-05-21T08:48:25","modified_gmt":"2009-05-21T06:48:25","slug":"flugzeuge-und-palmen-gemeindefahrt-der-bonhoeffergemeinde","status":"publish","type":"post","link":"https:\/\/www.fuldaernachrichten.de\/?p=29456","title":{"rendered":"Flugzeuge und Palmen &#8211; Gemeindefahrt der Bonhoeffergemeinde"},"content":{"rendered":"<p><strong>Fulda.<\/strong> Die Bonhoeffergemeinde in Ziehers-Nord plant am Samstag, 6. Juni 2009, eine Gemeindefahrt nach Frankfurt mit Besichtigung des Flughafens und F\u00fchrung durch den Palmengarten. Auf der R\u00fcckfahrt kehrt die Ausflugsgruppe ins &#8220;Landhotel Grashof in Kalbach&#8221; ein. Die Kosten f\u00fcr Fahrt und Eintrittsgelder betragen 35 Euro pro Person. Um schriftliche Anmeldung wird bis zum 22. Mai im Pfarrb\u00fcro der Bonhoeffergemeinde, Goerdelerstr. 34, Tel. 65400.<\/p>\n","protected":false},"excerpt":{"rendered":"<div class=\"tmnf_excerpt\"><p>Fulda. Die Bonhoeffergemeinde in Ziehers-Nord plant am Samstag, 6. Juni 2009, eine Gemeindefahrt nach Frankfurt mit Besichtigung des Flughafens und F\u00fchrung durch den Palmengarten. Auf der R\u00fcckfahrt kehrt die Ausflugsgruppe ins &#8220;Landhotel Grashof in Kalbach&#8221; ein. Die Kosten f\u00fcr Fahrt und Eintrittsgelder betragen 35 Euro pro Person. Um schriftliche Anmeldung wird bis zum 22. Mai &hellip;<\/p>\n<\/div>","protected":false},"author":1,"featured_media":0,"comment_status":"closed","ping_status":"closed","sticky":false,"template":"","format":"standard","meta":{"footnotes":""},"categories":[1,29],"tags":[],"class_list":["post-29456","post","type-post","status-publish","format-standard","hentry","category-startseite","category-politik"],"_links":{"self":[{"href":"https:\/\/www.fuldaernachrichten.de\/index.php?rest_route=\/wp\/v2\/posts\/29456","targetHints":{"allow":["GET"]}}],"collection":[{"href":"https:\/\/www.fuldaernachrichten.de\/index.php?rest_route=\/wp\/v2\/posts"}],"about":[{"href":"https:\/\/www.fuldaernachrichten.de\/index.php?rest_route=\/wp\/v2\/types\/post"}],"author":[{"embeddable":true,"href":"https:\/\/www.fuldaernachrichten.de\/index.php?rest_route=\/wp\/v2\/users\/1"}],"replies":[{"embeddable":true,"href":"https:\/\/www.fuldaernachrichten.de\/index.php?rest_route=%2Fwp%2Fv2%2Fcomments&post=29456"}],"version-history":[{"count":3,"href":"https:\/\/www.fuldaernachrichten.de\/index.php?rest_route=\/wp\/v2\/posts\/29456\/revisions"}],"predecessor-version":[{"id":29640,"href":"https:\/\/www.fuldaernachrichten.de\/index.php?rest_route=\/wp\/v2\/posts\/29456\/revisions\/29640"}],"wp:attachment":[{"href":"https:\/\/www.fuldaernachrichten.de\/index.php?rest_route=%2Fwp%2Fv2%2Fmedia&parent=29456"}],"wp:term":[{"taxonomy":"category","embeddable":true,"href":"https:\/\/www.fuldaernachrichten.de\/index.php?rest_route=%2Fwp%2Fv2%2Fcategories&post=29456"},{"taxonomy":"post_tag","embeddable":true,"href":"https:\/\/www.fuldaernachrichten.de\/index.php?rest_route=%2Fwp%2Fv2%2Ftags&post=29456"}],"curies":[{"name":"wp","href":"https:\/\/api.w.org\/{rel}","templated":true}]}}