{"id":29451,"date":"2009-05-24T05:38:35","date_gmt":"2009-05-24T03:38:35","guid":{"rendered":"http:\/\/www.schoene-nachrichten.de\/?p=29451"},"modified":"2009-05-24T10:06:35","modified_gmt":"2009-05-24T08:06:35","slug":"chance-zur-horizonterweiterung-nutzen-spanische-azubis-absolvieren-praktikum-in-der-region","status":"publish","type":"post","link":"https:\/\/www.fuldaernachrichten.de\/?p=29451","title":{"rendered":"\u201eChance zur Horizonterweiterung nutzen\u201c &#8211; Spanische Azubis absolvieren Praktikum in der Region"},"content":{"rendered":"<p><strong>Fulda. <\/strong>Neun junge Spanier von der Ferieninsel Teneriffa absolvieren derzeit ein vierw\u00f6chiges Praktikum bei Betrieben in der Region Fulda. Erster Kreisbeigeordneter Dr. Heiko Wingenfeld begr\u00fc\u00dfte die spanischen Auszubildenden im Landratsamt. Da die Unterhaltung in ihrer Heimatsprache gef\u00fchrt wurde, konnten Ber\u00fchrungs\u00e4ngste so erst gar nicht entstehen. Auf diese Weise kam im Sitzungsraum des Kreiseshauses ein lockeres Gespr\u00e4ch \u00fcber die ersten Eindr\u00fccke der spanischen G\u00e4ste zu Stande, die seit Freitag vergangener Woche in Deutschland sind.<\/p>\n<p><a href=\"http:\/\/www.schoene-nachrichten.de\/wp-content\/uploads\/2009\/05\/region1.jpg\"><img decoding=\"async\" class=\"alignnone size-thumbnail wp-image-29452\" title=\"LK Fulda\" src=\"http:\/\/www.schoene-nachrichten.de\/wp-content\/uploads\/2009\/05\/region1-265x176.jpg\" alt=\"LK Fulda\" width=\"265\" height=\"176\" srcset=\"https:\/\/www.fuldaernachrichten.de\/wp-content\/uploads\/2009\/05\/region1-265x176.jpg 265w, https:\/\/www.fuldaernachrichten.de\/wp-content\/uploads\/2009\/05\/region1.jpg 902w\" sizes=\"(max-width: 265px) 100vw, 265px\" \/><\/a> <a href=\"http:\/\/www.schoene-nachrichten.de\/wp-content\/uploads\/2009\/05\/region2.jpg\"><img decoding=\"async\" class=\"alignnone size-thumbnail wp-image-29453\" title=\"LK Fulda\" src=\"http:\/\/www.schoene-nachrichten.de\/wp-content\/uploads\/2009\/05\/region2-265x176.jpg\" alt=\"LK Fulda\" width=\"265\" height=\"176\" srcset=\"https:\/\/www.fuldaernachrichten.de\/wp-content\/uploads\/2009\/05\/region2-265x176.jpg 265w, https:\/\/www.fuldaernachrichten.de\/wp-content\/uploads\/2009\/05\/region2.jpg 902w\" sizes=\"(max-width: 265px) 100vw, 265px\" \/><\/a><!--more--><\/p>\n<p><strong>Austausch<\/strong><\/p>\n<p>Die Spanier nehmen an einem Austausch der Europ\u00e4ischen Union zur F\u00f6rderung der Zusammenarbeit in der beruflichen Aus- und Fortbildung teil (\u201eLeonardo da Vinci\u201c). Der Land-+kreis Fulda tritt dabei als Ansprechpartner und Koordinator auf, wof\u00fcr bei der Kreisverwaltung Sandra Buresch verantwortlich zeichnet, die von Lehramtsstudentin Corinna Kuschnick unterst\u00fctzt wird. Im vergangenen Jahr leisteten drei Auszubildende aus Italien ein dreimonatiges Praktikum bei Betrieben in der hiesigen Region ab. Dieser Austausch wurde ebenfalls \u00fcber \u201eLeonardo da Vinci\u201c gef\u00f6rdert.<\/p>\n<p>Die jungen Spanier im Alter von 18 bis 24 Jahren machen eine schulische Ausbildung zum Elektriker an der Schule ICES Puerto de la Cruz. Teil der zweij\u00e4hrigen Ausbildung sind zwei vierw\u00f6chige Betriebspraktika, wovon eines in ihrer Heimat und das zweite bei insgesamt sieben Betrieben in der Region Fulda absolviert wird, die sich an dem Austausch beteiligen. Im Programm ist ein Deutschkurs enthalten, der an den arbeitsfreien Tagen stattfindet. Auch hat die Kreisverwaltung f\u00fcr die Wochenenden Ausfl\u00fcge zu touristischen Sehensw\u00fcrdigkeiten im n\u00e4heren Umkreis organisiert.<\/p>\n<p><strong>Gro\u00dfe Unterst\u00fctzung<\/strong><\/p>\n<p>Erster Kreisbeigeordneter Dr. Wingenfeld stellte den spanischen G\u00e4sten, die in Personalwohnungen des Klinikums untergebracht sind und sich selbst verk\u00f6stigen, die Region Fulda kurz vor. Er ging dabei besonders auf die geschichtliche Entwicklung an der ehemaligen innerdeutschen Grenze ein und hob die zentrale Lage im zusammenwachsenden Europa hervor. Internationale Austauschprogramme bezeichnete er als wichtige Horizonterweiterungen, die junge Menschen unbedingt nutzen sollten. Sein besonderer Dank galt den beteiligten Unternehmen f\u00fcr ihre Unterst\u00fctzung.<\/p>\n","protected":false},"excerpt":{"rendered":"<div class=\"tmnf_excerpt\"><p>Fulda. Neun junge Spanier von der Ferieninsel Teneriffa absolvieren derzeit ein vierw\u00f6chiges Praktikum bei Betrieben in der Region Fulda. Erster Kreisbeigeordneter Dr. Heiko Wingenfeld begr\u00fc\u00dfte die spanischen Auszubildenden im Landratsamt. Da die Unterhaltung in ihrer Heimatsprache gef\u00fchrt wurde, konnten Ber\u00fchrungs\u00e4ngste so erst gar nicht entstehen. Auf diese Weise kam im Sitzungsraum des Kreiseshauses ein lockeres &hellip;<\/p>\n<\/div>","protected":false},"author":1,"featured_media":0,"comment_status":"closed","ping_status":"closed","sticky":false,"template":"","format":"standard","meta":{"footnotes":""},"categories":[1,53,72,29],"tags":[],"class_list":["post-29451","post","type-post","status-publish","format-standard","hentry","category-startseite","category-bildung","category-jugend","category-politik"],"_links":{"self":[{"href":"https:\/\/www.fuldaernachrichten.de\/index.php?rest_route=\/wp\/v2\/posts\/29451","targetHints":{"allow":["GET"]}}],"collection":[{"href":"https:\/\/www.fuldaernachrichten.de\/index.php?rest_route=\/wp\/v2\/posts"}],"about":[{"href":"https:\/\/www.fuldaernachrichten.de\/index.php?rest_route=\/wp\/v2\/types\/post"}],"author":[{"embeddable":true,"href":"https:\/\/www.fuldaernachrichten.de\/index.php?rest_route=\/wp\/v2\/users\/1"}],"replies":[{"embeddable":true,"href":"https:\/\/www.fuldaernachrichten.de\/index.php?rest_route=%2Fwp%2Fv2%2Fcomments&post=29451"}],"version-history":[{"count":3,"href":"https:\/\/www.fuldaernachrichten.de\/index.php?rest_route=\/wp\/v2\/posts\/29451\/revisions"}],"predecessor-version":[{"id":29696,"href":"https:\/\/www.fuldaernachrichten.de\/index.php?rest_route=\/wp\/v2\/posts\/29451\/revisions\/29696"}],"wp:attachment":[{"href":"https:\/\/www.fuldaernachrichten.de\/index.php?rest_route=%2Fwp%2Fv2%2Fmedia&parent=29451"}],"wp:term":[{"taxonomy":"category","embeddable":true,"href":"https:\/\/www.fuldaernachrichten.de\/index.php?rest_route=%2Fwp%2Fv2%2Fcategories&post=29451"},{"taxonomy":"post_tag","embeddable":true,"href":"https:\/\/www.fuldaernachrichten.de\/index.php?rest_route=%2Fwp%2Fv2%2Ftags&post=29451"}],"curies":[{"name":"wp","href":"https:\/\/api.w.org\/{rel}","templated":true}]}}