{"id":29445,"date":"2009-05-22T05:47:15","date_gmt":"2009-05-22T03:47:15","guid":{"rendered":"http:\/\/www.schoene-nachrichten.de\/?p=29445"},"modified":"2009-05-21T22:07:48","modified_gmt":"2009-05-21T20:07:48","slug":"der-goldene-buecherwurm-als-lesetipp-buecher-gelesen-von-kindern-fuer-kinder","status":"publish","type":"post","link":"https:\/\/www.fuldaernachrichten.de\/?p=29445","title":{"rendered":"\u201eDer Goldene B\u00fccherwurm als Lesetipp\u201c &#8211; B\u00fccher gelesen von Kindern f\u00fcr Kinder"},"content":{"rendered":"<p><strong>Fulda. <\/strong>Zum 12. Mal wird sich der Goldene B\u00fccherwurm durch die B\u00fccher fressen, die zum Deutschen Jugendliteraturpreis 2009 nominiert wurden. Es warten insgesamt 29 B\u00fccher aus den Sparten Bilderbuch, Kinderbuch, Jugendbuch, Sachbuch und Jugendjurybuch darauf, von Kindern und Jugendlichen im Alter von 10 &#8211; 20 Jahren gelesen und beurteilt zu werden. Als Jury verleihen die jungen Teilnehmer den B\u00fcchern, die sie besonders interessant, spannend und ihrem Alter entsprechend finden, ihren eigenen Jugendliteraturpreis \u201eDer Goldene B\u00fccherwurm als Lesetipp 2009\u201c. Bitte beachten Sie: Die meisten der nominierten B\u00fccher sind 2009 f\u00fcr Leser ab 10 bzw. 11 Jahren empfohlen. Aus diesem Grund ist die Teilnahme am B\u00fccherwurm (nur) in diesem Jahr erst f\u00fcr Kinder ab 10 Jahren m\u00f6glich.<\/p>\n<p><a href=\"http:\/\/www.schoene-nachrichten.de\/wp-content\/uploads\/2009\/05\/img_3172.jpg\"><img decoding=\"async\" class=\"alignnone size-thumbnail wp-image-29447\" title=\"Kinder-Akademie Fulda\" src=\"http:\/\/www.schoene-nachrichten.de\/wp-content\/uploads\/2009\/05\/img_3172-265x175.jpg\" alt=\"Kinder-Akademie Fulda\" width=\"265\" height=\"175\" srcset=\"https:\/\/www.fuldaernachrichten.de\/wp-content\/uploads\/2009\/05\/img_3172-265x175.jpg 265w, https:\/\/www.fuldaernachrichten.de\/wp-content\/uploads\/2009\/05\/img_3172.jpg 904w\" sizes=\"(max-width: 265px) 100vw, 265px\" \/><\/a> <a href=\"http:\/\/www.schoene-nachrichten.de\/wp-content\/uploads\/2009\/05\/img_3178.jpg\"><img decoding=\"async\" class=\"alignnone size-thumbnail wp-image-29448\" title=\"Kinder-Akademie Fulda\" src=\"http:\/\/www.schoene-nachrichten.de\/wp-content\/uploads\/2009\/05\/img_3178-265x175.jpg\" alt=\"Kinder-Akademie Fulda\" width=\"265\" height=\"175\" srcset=\"https:\/\/www.fuldaernachrichten.de\/wp-content\/uploads\/2009\/05\/img_3178-265x175.jpg 265w, https:\/\/www.fuldaernachrichten.de\/wp-content\/uploads\/2009\/05\/img_3178.jpg 904w\" sizes=\"(max-width: 265px) 100vw, 265px\" \/><\/a><!--more--><\/p>\n<p><strong>Autoren-Werkstattgespr\u00e4ch mit Nikolaus N\u00fctzel<\/strong><\/p>\n<p>Nach der Anmeldung in der Kinder-Akademie Fulda treffen sich die B\u00fccherw\u00fcrmer zum ersten Mal am 6. Juli 2009, um 17.00 Uhr, in der Kinder-Akademie Fulda zu einem Autoren-Werkstattgespr\u00e4ch mit Nikolaus N\u00fctzel. Seinem Sachbuch \u201eSprache oder Was den Mensch zum Menschen macht\u201c wurde im Jahr 2008 der \u201eGoldene B\u00fccherwurm\u201c verliehen. In diesem Jahr reist der Journalist und Autor nach Fulda, um seine Arbeit als Buchautor vorzustellen und um mit den B\u00fccherw\u00fcrmern und anderen Sachbuch-Interessierten sein neues Buchprojekt zu diskutieren (f\u00fcr B\u00fccherw\u00fcrmer ist der Eintritt frei!).<\/p>\n<p>In den Sommerferien, ab dem 10. Juli 2009, werden die nominierten B\u00fccher in der Buch-handlung Uptmoor ausgeliehen, zu Hause gelesen und in der Buchhandlung Uptmoor wieder ausgetauscht. Ab Dienstag, 25. August 2009, beginnen die Treffen in der Kinder-Akademie Fulda, um die B\u00fccher gemeinsam zu besprechen. Wichtig: Bitte zu den Treffen immer alle B\u00fccher \u2013 gelesen oder noch nicht gelesen \u2013 mitbringen.<\/p>\n<p><strong>Alter:<\/strong> 10 \u2013 20 Jahre<br \/>\n<strong>Kostenbeitrag:<\/strong> 5 \u00e2\u201a\u00ac<br \/>\n<strong>Anmeldung:<\/strong> ab sofort:<br \/>\nKinder-Akademie Fulda, Mehlerstra\u00dfe 4, 36043 Fulda, Tel: 0661 \u2013 90273-0<\/p>\n<p><strong>Termine in der Kinder-Akademie Fulda: <\/strong><br \/>\n1. Treffen: Dienstag, 25. August\u00c2\u00a0\u00c2\u00a0\u00c2\u00a0 2009, 17.00-18.30 Uhr<br \/>\n2. Treffen: Dienstag,\u00c2\u00a0\u00c2\u00a0 8. September 2009, 17.00-18.30 Uhr<br \/>\n3. Treffen : Dienstag, 15. September 2009, 17.00-18.30 Uhr<br \/>\n4. Treffen: Dienstag, 22. September 2009, 17.00-18.30 Uhr<br \/>\n5. Treffen Jury: Dienstag, 29. September 2009, 17.00-18.30 Uhr<br \/>\nPreisverleihung: Dienstag, 6. Oktober 2009, 16.00 Uhr<\/p>\n<p>Wir sind sehr gespannt, wie unsere Kinder- und Jugendjury entscheiden wird und welche B\u00fccher dann auf der Buchmesse in Frankfurt am 16. Oktober 2009 den Deutschen Jugend-literaturpreis 2009 erhalten werden.<\/p>\n","protected":false},"excerpt":{"rendered":"<div class=\"tmnf_excerpt\"><p>Fulda. Zum 12. Mal wird sich der Goldene B\u00fccherwurm durch die B\u00fccher fressen, die zum Deutschen Jugendliteraturpreis 2009 nominiert wurden. Es warten insgesamt 29 B\u00fccher aus den Sparten Bilderbuch, Kinderbuch, Jugendbuch, Sachbuch und Jugendjurybuch darauf, von Kindern und Jugendlichen im Alter von 10 &#8211; 20 Jahren gelesen und beurteilt zu werden. Als Jury verleihen die &hellip;<\/p>\n<\/div>","protected":false},"author":1,"featured_media":0,"comment_status":"closed","ping_status":"closed","sticky":false,"template":"","format":"standard","meta":{"footnotes":""},"categories":[1,53,72,44],"tags":[],"class_list":["post-29445","post","type-post","status-publish","format-standard","hentry","category-startseite","category-bildung","category-jugend","category-kultur"],"_links":{"self":[{"href":"https:\/\/www.fuldaernachrichten.de\/index.php?rest_route=\/wp\/v2\/posts\/29445","targetHints":{"allow":["GET"]}}],"collection":[{"href":"https:\/\/www.fuldaernachrichten.de\/index.php?rest_route=\/wp\/v2\/posts"}],"about":[{"href":"https:\/\/www.fuldaernachrichten.de\/index.php?rest_route=\/wp\/v2\/types\/post"}],"author":[{"embeddable":true,"href":"https:\/\/www.fuldaernachrichten.de\/index.php?rest_route=\/wp\/v2\/users\/1"}],"replies":[{"embeddable":true,"href":"https:\/\/www.fuldaernachrichten.de\/index.php?rest_route=%2Fwp%2Fv2%2Fcomments&post=29445"}],"version-history":[{"count":3,"href":"https:\/\/www.fuldaernachrichten.de\/index.php?rest_route=\/wp\/v2\/posts\/29445\/revisions"}],"predecessor-version":[{"id":29652,"href":"https:\/\/www.fuldaernachrichten.de\/index.php?rest_route=\/wp\/v2\/posts\/29445\/revisions\/29652"}],"wp:attachment":[{"href":"https:\/\/www.fuldaernachrichten.de\/index.php?rest_route=%2Fwp%2Fv2%2Fmedia&parent=29445"}],"wp:term":[{"taxonomy":"category","embeddable":true,"href":"https:\/\/www.fuldaernachrichten.de\/index.php?rest_route=%2Fwp%2Fv2%2Fcategories&post=29445"},{"taxonomy":"post_tag","embeddable":true,"href":"https:\/\/www.fuldaernachrichten.de\/index.php?rest_route=%2Fwp%2Fv2%2Ftags&post=29445"}],"curies":[{"name":"wp","href":"https:\/\/api.w.org\/{rel}","templated":true}]}}