{"id":29438,"date":"2009-05-23T05:50:42","date_gmt":"2009-05-23T03:50:42","guid":{"rendered":"http:\/\/www.schoene-nachrichten.de\/?p=29438"},"modified":"2009-05-23T09:04:12","modified_gmt":"2009-05-23T07:04:12","slug":"fit-und-ohne-stau-zur-arbeit-gemeinsame-aktion-von-adfc-und-aok-hessen-feiert-jubilaeum","status":"publish","type":"post","link":"https:\/\/www.fuldaernachrichten.de\/?p=29438","title":{"rendered":"Fit und ohne Stau zur Arbeit &#8211; Gemeinsame Aktion von ADFC und AOK Hessen feiert Jubil\u00e4um"},"content":{"rendered":"<p><strong>Frankfurt\/Bad Homburg.<\/strong> Hessenweit zum f\u00fcnften Mal startet die dreimonatige Kampagne \u201eMit dem Rad zur Arbeit\u201c am 1. Juni. Die AOK Hessen und der Allgemeine Deutsche Fahrrad-Club (ADFC) erwarten auch in diesem Jahr wieder eine hohe Resonanz. Von 2005 bis 2008 ist die Zahl der Teilnehmer um mehr als 100 Prozent gestiegen. Im vergangenen Jahr waren es 11.400 Radbegeisterte aus 1.150 Unternehmen.<!--more--><\/p>\n<p><strong>Zwanzig Radtage nachweisen<\/strong><\/p>\n<p>Von Juni bis August m\u00fcssen die Teilnehmer zwanzig Radtage nachweisen. Dann haben sie die Chance auf gesponserte Team- und Einzelpreise. Bekannte Firmen wie die Gesellschaft f\u00fcr Technische Zusammenarbeit (GTZ) oder die Stadt Frankfurt wollen ihre Mitarbeiter motivieren, das Auto f\u00fcr einige Zeit stehen zu lassen. Zugpendler sind keinesfalls ausgeschlossen: Es z\u00e4hlt auch der Weg vom Bahnhof zur Arbeitsst\u00e4tte. Die Kilometerzahl ist ohnehin nicht entscheidend.<\/p>\n<p>Durchschnittlich legen die Aktionsteilnehmer eine Radstrecke von etwa sechs bis zehn Kilometern zwischen Wohnung und Arbeitsst\u00e4tte zur\u00fcck. \u201eDas ist nach Aussagen im 2. Fahrradbericht der Bundesregierung genau der Bereich, in dem die Fahrradnutzung am effektivsten zur CO2-Vermeidung beitr\u00e4gt\u201c, erkl\u00e4rt Volkmar Gerstein, der hessische Landesvorsitzende des ADFC. Dass damit auch ein Spareffekt an der Tankstelle zu verzeichnen ist, tr\u00e4gt zur zus\u00e4tzlichen Motivation bei. Auf zwei R\u00e4dern umgeht man nicht nur Verkehrsstaus, sondern entspannt sich merklich besser als im Auto und kommt gut gelaunt im Betrieb oder zu Hause an. Da sich im Idealfall jeweils vier Personen finden sollten, die gemeinsam ein Team bilden, wird die Teilnahme zum Gruppenerlebnis.\u00c2\u00a0 \u201eDar\u00fcber hinaus ist das Fahrrad ein hervorragendes Pr\u00e4ventionsinstrument. Wer \u00fcber Jahre mehrmals w\u00f6chentlich im Sattel sitzt, kann die Wahrscheinlichkeit eines Herzinfarktes oder eines Schlaganfalles deutlich verringern\u201c, sagt Dieter Bock, stv. Vorsitzender des Vorstandes der AOK Hessen. Deshalb sei das Fahrrad nicht nur das leiseste, sondern auch das ges\u00fcndeste Verkehrsmittel.<\/p>\n","protected":false},"excerpt":{"rendered":"<div class=\"tmnf_excerpt\"><p>Frankfurt\/Bad Homburg. Hessenweit zum f\u00fcnften Mal startet die dreimonatige Kampagne \u201eMit dem Rad zur Arbeit\u201c am 1. Juni. Die AOK Hessen und der Allgemeine Deutsche Fahrrad-Club (ADFC) erwarten auch in diesem Jahr wieder eine hohe Resonanz. Von 2005 bis 2008 ist die Zahl der Teilnehmer um mehr als 100 Prozent gestiegen. Im vergangenen Jahr waren &hellip;<\/p>\n<\/div>","protected":false},"author":1,"featured_media":0,"comment_status":"closed","ping_status":"closed","sticky":false,"template":"","format":"standard","meta":{"footnotes":""},"categories":[1,51,29],"tags":[],"class_list":["post-29438","post","type-post","status-publish","format-standard","hentry","category-startseite","category-medizin","category-politik"],"_links":{"self":[{"href":"https:\/\/www.fuldaernachrichten.de\/index.php?rest_route=\/wp\/v2\/posts\/29438","targetHints":{"allow":["GET"]}}],"collection":[{"href":"https:\/\/www.fuldaernachrichten.de\/index.php?rest_route=\/wp\/v2\/posts"}],"about":[{"href":"https:\/\/www.fuldaernachrichten.de\/index.php?rest_route=\/wp\/v2\/types\/post"}],"author":[{"embeddable":true,"href":"https:\/\/www.fuldaernachrichten.de\/index.php?rest_route=\/wp\/v2\/users\/1"}],"replies":[{"embeddable":true,"href":"https:\/\/www.fuldaernachrichten.de\/index.php?rest_route=%2Fwp%2Fv2%2Fcomments&post=29438"}],"version-history":[{"count":3,"href":"https:\/\/www.fuldaernachrichten.de\/index.php?rest_route=\/wp\/v2\/posts\/29438\/revisions"}],"predecessor-version":[{"id":29684,"href":"https:\/\/www.fuldaernachrichten.de\/index.php?rest_route=\/wp\/v2\/posts\/29438\/revisions\/29684"}],"wp:attachment":[{"href":"https:\/\/www.fuldaernachrichten.de\/index.php?rest_route=%2Fwp%2Fv2%2Fmedia&parent=29438"}],"wp:term":[{"taxonomy":"category","embeddable":true,"href":"https:\/\/www.fuldaernachrichten.de\/index.php?rest_route=%2Fwp%2Fv2%2Fcategories&post=29438"},{"taxonomy":"post_tag","embeddable":true,"href":"https:\/\/www.fuldaernachrichten.de\/index.php?rest_route=%2Fwp%2Fv2%2Ftags&post=29438"}],"curies":[{"name":"wp","href":"https:\/\/api.w.org\/{rel}","templated":true}]}}