{"id":29425,"date":"2009-05-23T04:27:07","date_gmt":"2009-05-23T02:27:07","guid":{"rendered":"http:\/\/www.schoene-nachrichten.de\/?p=29425"},"modified":"2009-05-23T09:03:39","modified_gmt":"2009-05-23T07:03:39","slug":"generalvikar-stanke-dankt-jugendlichen-fuer-ihr-engagement-in-72-stunden-aktion","status":"publish","type":"post","link":"https:\/\/www.fuldaernachrichten.de\/?p=29425","title":{"rendered":"Generalvikar Stanke dankt Jugendlichen f\u00fcr ihr Engagement in 72-Stunden-Aktion"},"content":{"rendered":"<p><strong>Fulda (bpf). <\/strong>\u201eEuer gro\u00dfartiges Vorhaben, die Welt in 72 Stunden ein bi\u00dfchen besser zu machen, ist nicht nur in beeindruckender Art und Weise gelungen, sondern auch mit gro\u00dfem \u00f6ffentlichen Interesse anerkennend zur Kenntnis genommen worden.\u201c Dies schrieb Generalvikar Prof. Dr. Gerhard Stanke den Kindern und Jugendlichen, die an der 72-Stunden-Aktion von BDKJ und Bisch\u00f6flichem Jugendamt in der Zeit vom 7. bis 10. Mai teilgenommen haben. Der Generalvikar sprach ihnen seinen Dank daf\u00fcr aus, da\u00df sie als junge Menschen motiviert und mit viel Freude etwas f\u00fcr andere getan h\u00e4tten und bereit gewesen seien, ihre Talente und F\u00e4higkeiten selbstlos einzusetzen.<!--more--><br \/>\n<strong> <\/strong><\/p>\n<p><strong>Bereitschaft zu selbstlosem Handeln gew\u00fcrdigt<\/strong><\/p>\n<p>Zwar setzten die kirchlichen Jugendgruppen nicht erst seit jenem Wochenende soziale Projekte um. Doch habe die 72-Stunden-Aktion etwas \u00f6ffentlich gemacht, was vielfach im Verborgenen bereits geschehe. Dabei sei allen deutlich geworden, da\u00df \u201eunsere kirchliche Jugendarbeit eine gro\u00dfe Dynamik hat und wir zusammenstehen, um das Evangelium in die Tat am N\u00e4chsten umzusetzen\u201c. Sehr erfreulich sei dabei auch, da\u00df nicht nur katholische, sondern auch einzelne evangelische und nichtkirchliche Gruppen der Einladung des BDKJ gefolgt seien und das Projekt zum \u00f6kumenischen Projekt werden lie\u00dfen.<br \/>\n<strong><\/strong><\/p>\n<p><strong>Bistum Fulda lebt von jugendlichen Eifer <\/strong><\/p>\n<p>\u201eBei meinen Besuchen einzelner Gruppen habe ich den mit unter sehr anstrengenden Einsatz, aber auch die Freude an der Sache selbst erleben k\u00f6nnen und war tief beeindruckt davon!\u201c, unterstrich Pr\u00e4lat Stanke. Sein Dank galt auch den Multiplikatoren und Helfern sowie den gro\u00dfz\u00fcgigen Unterst\u00fctzern und Sponsoren der Aktion. Hier sei eine Welle der Solidarit\u00e4t in unb\u00fcrokratischer und spontaner Hilfe festzustellen gewesen, die in der Gesellschaft vielfach nicht selbstverst\u00e4ndlich sei. Nach dem sichtbaren Zeichen dieser Aktion wolle er alle Gruppen ermutigen, auch weiterhin mit Freude als junge Kirche zu wirken. \u201eDas Bistum Fulda lebt von eurem jugendlichen Eifer!\u201c, so der Generalvikar.<\/p>\n","protected":false},"excerpt":{"rendered":"<div class=\"tmnf_excerpt\"><p>Fulda (bpf). \u201eEuer gro\u00dfartiges Vorhaben, die Welt in 72 Stunden ein bi\u00dfchen besser zu machen, ist nicht nur in beeindruckender Art und Weise gelungen, sondern auch mit gro\u00dfem \u00f6ffentlichen Interesse anerkennend zur Kenntnis genommen worden.\u201c Dies schrieb Generalvikar Prof. Dr. Gerhard Stanke den Kindern und Jugendlichen, die an der 72-Stunden-Aktion von BDKJ und Bisch\u00f6flichem Jugendamt &hellip;<\/p>\n<\/div>","protected":false},"author":1,"featured_media":0,"comment_status":"closed","ping_status":"closed","sticky":false,"template":"","format":"standard","meta":{"footnotes":""},"categories":[1,72,50],"tags":[],"class_list":["post-29425","post","type-post","status-publish","format-standard","hentry","category-startseite","category-jugend","category-kirche"],"_links":{"self":[{"href":"https:\/\/www.fuldaernachrichten.de\/index.php?rest_route=\/wp\/v2\/posts\/29425","targetHints":{"allow":["GET"]}}],"collection":[{"href":"https:\/\/www.fuldaernachrichten.de\/index.php?rest_route=\/wp\/v2\/posts"}],"about":[{"href":"https:\/\/www.fuldaernachrichten.de\/index.php?rest_route=\/wp\/v2\/types\/post"}],"author":[{"embeddable":true,"href":"https:\/\/www.fuldaernachrichten.de\/index.php?rest_route=\/wp\/v2\/users\/1"}],"replies":[{"embeddable":true,"href":"https:\/\/www.fuldaernachrichten.de\/index.php?rest_route=%2Fwp%2Fv2%2Fcomments&post=29425"}],"version-history":[{"count":7,"href":"https:\/\/www.fuldaernachrichten.de\/index.php?rest_route=\/wp\/v2\/posts\/29425\/revisions"}],"predecessor-version":[{"id":29683,"href":"https:\/\/www.fuldaernachrichten.de\/index.php?rest_route=\/wp\/v2\/posts\/29425\/revisions\/29683"}],"wp:attachment":[{"href":"https:\/\/www.fuldaernachrichten.de\/index.php?rest_route=%2Fwp%2Fv2%2Fmedia&parent=29425"}],"wp:term":[{"taxonomy":"category","embeddable":true,"href":"https:\/\/www.fuldaernachrichten.de\/index.php?rest_route=%2Fwp%2Fv2%2Fcategories&post=29425"},{"taxonomy":"post_tag","embeddable":true,"href":"https:\/\/www.fuldaernachrichten.de\/index.php?rest_route=%2Fwp%2Fv2%2Ftags&post=29425"}],"curies":[{"name":"wp","href":"https:\/\/api.w.org\/{rel}","templated":true}]}}