{"id":29421,"date":"2009-05-24T05:55:38","date_gmt":"2009-05-24T03:55:38","guid":{"rendered":"http:\/\/www.schoene-nachrichten.de\/?p=29421"},"modified":"2009-05-24T10:07:45","modified_gmt":"2009-05-24T08:07:45","slug":"tagesausflug-in-den-heidepark","status":"publish","type":"post","link":"https:\/\/www.fuldaernachrichten.de\/?p=29421","title":{"rendered":"Tagesausflug in den Heidepark"},"content":{"rendered":"<p><strong>H\u00fcnfeld<\/strong>. Im Rahmen ihres Sommerprogramms f\u00fcr Kinder und Jugendliche bietet die Stadt H\u00fcnfeld am Mittwoch, 29. Juli, in der dritten Ferienwoche einen Tagesausflug f\u00fcr Jugendliche in den Heidepark nach Soltau an. Gedacht ist der Ausflug f\u00fcr Jugendliche im Alter von 13 bis 16 Jahren, die mit Betreuern diesen Ausflug unternehmen werden. Der Teilnehmerbeitrag betr\u00e4gt 25 Euro. Karten sind ab sofort im Rathaus erh\u00e4ltlich. <!--more--><\/p>\n<p>Der Bus wird in H\u00fcnfeld um 6 Uhr morgens am Bahnhof starten, die R\u00fcckkehr ist f\u00fcr 21.30 Uhr geplant. Dieser Tagesausflug ist Teil des Ferienprogramms f\u00fcr Kinder und Jugendliche in der Stadt H\u00fcnfeld und wendet sich vor allem an Jugendliche und Kinder, die w\u00e4hrend der Ferien zuhause bleiben. Zusammengestellt wird dieses Programm, zu denen auch wieder zwei Ferienaktivwochen geh\u00f6ren werden, auf Vorschlag der Kommission f\u00fcr Kinder- und Jugendangelegenheiten der Stadt H\u00fcnfeld unter Leitung von Erster Stadtr\u00e4tin Monika Mihm.<\/p>\n","protected":false},"excerpt":{"rendered":"<div class=\"tmnf_excerpt\"><p>H\u00fcnfeld. Im Rahmen ihres Sommerprogramms f\u00fcr Kinder und Jugendliche bietet die Stadt H\u00fcnfeld am Mittwoch, 29. Juli, in der dritten Ferienwoche einen Tagesausflug f\u00fcr Jugendliche in den Heidepark nach Soltau an. Gedacht ist der Ausflug f\u00fcr Jugendliche im Alter von 13 bis 16 Jahren, die mit Betreuern diesen Ausflug unternehmen werden. Der Teilnehmerbeitrag betr\u00e4gt 25 &hellip;<\/p>\n<\/div>","protected":false},"author":1,"featured_media":0,"comment_status":"closed","ping_status":"closed","sticky":false,"template":"","format":"standard","meta":{"footnotes":""},"categories":[1,72,44],"tags":[],"class_list":["post-29421","post","type-post","status-publish","format-standard","hentry","category-startseite","category-jugend","category-kultur"],"_links":{"self":[{"href":"https:\/\/www.fuldaernachrichten.de\/index.php?rest_route=\/wp\/v2\/posts\/29421","targetHints":{"allow":["GET"]}}],"collection":[{"href":"https:\/\/www.fuldaernachrichten.de\/index.php?rest_route=\/wp\/v2\/posts"}],"about":[{"href":"https:\/\/www.fuldaernachrichten.de\/index.php?rest_route=\/wp\/v2\/types\/post"}],"author":[{"embeddable":true,"href":"https:\/\/www.fuldaernachrichten.de\/index.php?rest_route=\/wp\/v2\/users\/1"}],"replies":[{"embeddable":true,"href":"https:\/\/www.fuldaernachrichten.de\/index.php?rest_route=%2Fwp%2Fv2%2Fcomments&post=29421"}],"version-history":[{"count":3,"href":"https:\/\/www.fuldaernachrichten.de\/index.php?rest_route=\/wp\/v2\/posts\/29421\/revisions"}],"predecessor-version":[{"id":29697,"href":"https:\/\/www.fuldaernachrichten.de\/index.php?rest_route=\/wp\/v2\/posts\/29421\/revisions\/29697"}],"wp:attachment":[{"href":"https:\/\/www.fuldaernachrichten.de\/index.php?rest_route=%2Fwp%2Fv2%2Fmedia&parent=29421"}],"wp:term":[{"taxonomy":"category","embeddable":true,"href":"https:\/\/www.fuldaernachrichten.de\/index.php?rest_route=%2Fwp%2Fv2%2Fcategories&post=29421"},{"taxonomy":"post_tag","embeddable":true,"href":"https:\/\/www.fuldaernachrichten.de\/index.php?rest_route=%2Fwp%2Fv2%2Ftags&post=29421"}],"curies":[{"name":"wp","href":"https:\/\/api.w.org\/{rel}","templated":true}]}}