{"id":29399,"date":"2009-05-20T06:00:47","date_gmt":"2009-05-20T04:00:47","guid":{"rendered":"http:\/\/www.schoene-nachrichten.de\/?p=29399"},"modified":"2009-05-19T22:31:17","modified_gmt":"2009-05-19T20:31:17","slug":"ziehers-nord-bringt-uns-zum-wachsen-kooperationsprojekt-gestartet","status":"publish","type":"post","link":"https:\/\/www.fuldaernachrichten.de\/?p=29399","title":{"rendered":"\u201eZiehers-Nord bringt uns zum Wachsen&#8221; &#8211; Kooperationsprojekt gestartet"},"content":{"rendered":"<p><strong>Fulda. <\/strong>Seit Anfang Mai wird es endlich gr\u00fcn, auch in Ziehers-Nord. Doch nicht nur die Natur ist wieder aktiv geworden: Zum zweiten Mal startet ein Kooperationsprojekt der Geschwister-Scholl-Schule und dem Jugendwerk der AWO Hessen-Nord. Das Motto lautet diesmal: \u201eZiehers-Nord bringt uns zum Wachsen.\u201c<\/p>\n<p><a href=\"http:\/\/www.schoene-nachrichten.de\/wp-content\/uploads\/2009\/05\/clip_image002.jpg\"><img fetchpriority=\"high\" decoding=\"async\" class=\"alignnone size-thumbnail wp-image-29400\" title=\"Marianne Blum\" src=\"http:\/\/www.schoene-nachrichten.de\/wp-content\/uploads\/2009\/05\/clip_image002-265x198.jpg\" alt=\"Marianne Blum\" width=\"265\" height=\"198\" srcset=\"https:\/\/www.fuldaernachrichten.de\/wp-content\/uploads\/2009\/05\/clip_image002-265x198.jpg 265w, https:\/\/www.fuldaernachrichten.de\/wp-content\/uploads\/2009\/05\/clip_image002.jpg 801w\" sizes=\"(max-width: 265px) 100vw, 265px\" \/><\/a> <a href=\"http:\/\/www.schoene-nachrichten.de\/wp-content\/uploads\/2009\/05\/clip_image022.jpg\"><img decoding=\"async\" class=\"alignnone size-thumbnail wp-image-29401\" title=\"Marianne Blum\" src=\"http:\/\/www.schoene-nachrichten.de\/wp-content\/uploads\/2009\/05\/clip_image022-265x198.jpg\" alt=\"Marianne Blum\" width=\"265\" height=\"198\" srcset=\"https:\/\/www.fuldaernachrichten.de\/wp-content\/uploads\/2009\/05\/clip_image022-265x198.jpg 265w, https:\/\/www.fuldaernachrichten.de\/wp-content\/uploads\/2009\/05\/clip_image022.jpg 801w\" sizes=\"(max-width: 265px) 100vw, 265px\" \/><\/a><!--more--><\/p>\n<p><strong>Begeisterung<\/strong><\/p>\n<p>Der Titel ist Programm, denn die jugendlichen Besucher des Jugendtreffs in Ziehers-Nord haben dort die M\u00f6glichkeit, einen f\u00fcr Sie bereitgestellten Garten nach Ihren W\u00fcnschen zu bepflanzen und zu gestalten. \u201eDas Angebot wird begeistert angenommen,\u201c freut sich Juli-ja Te\u00c5\u00a1i\u00c4\u2021, Leiterin des Jugendtreffs \u201eRed Dragon\u201c an der Geschwister-Scholl-Schule. Die Jugendlichen, die an dem Projekt freiwillig teilnehmen, haben alle tolle Ideen mitge-bracht. Verschiedene Arten von Blumen wollen sie pflanzen, aber auch einen Kr\u00e4utergar-ten anlegen, der von der Koch-AG des Jugendtreffs mitgenutzt werden kann und von einem selbstgebauten Zaun gesch\u00fctzt wird.<\/p>\n<p>Jeden Donnerstag, von 15.30 bis 17.00 Uhr, treffen sie sich um gemeinsam mit zwei Studierenden der Fachrichtung Sozialwesen im Garten zu arbeiten. Hermann-Josef Schwarz, kommissarischer Rektor der Schule, freut sich \u00fcber die Berei-cherung der Angebote f\u00fcr den offenen Treff, und hofft weiterhin auf rege Teilnahme der Jugendlichen.<br \/>\n\u201eDie Zusammenarbeit l\u00e4uft hervorragend\u201c bemerkt Christian Schmitt vom Jugendwerk der AWO, der die Finanzierung durch das Programm \u201edieGesellschafter.de\u201c der Aktion Mensch m\u00f6glich gemacht hat, \u201eund es wird hoffentlich noch weitere erfolgreiche Projekte mit der Geschwister-Scholl-Schule geben\u201c.<\/p>\n<p>Weitere Informationen zu dem Projekt erhalten Sie bei Julija Te\u00c5\u00a1i\u00c4\u2021 unter 0661-63081 oder bei Christian Schmitt unter 0661-480045-90<\/p>\n","protected":false},"excerpt":{"rendered":"<div class=\"tmnf_excerpt\"><p>Fulda. Seit Anfang Mai wird es endlich gr\u00fcn, auch in Ziehers-Nord. Doch nicht nur die Natur ist wieder aktiv geworden: Zum zweiten Mal startet ein Kooperationsprojekt der Geschwister-Scholl-Schule und dem Jugendwerk der AWO Hessen-Nord. Das Motto lautet diesmal: \u201eZiehers-Nord bringt uns zum Wachsen.\u201c<\/p>\n<\/div>","protected":false},"author":1,"featured_media":0,"comment_status":"closed","ping_status":"closed","sticky":false,"template":"","format":"standard","meta":{"footnotes":""},"categories":[1,72,44],"tags":[],"class_list":["post-29399","post","type-post","status-publish","format-standard","hentry","category-startseite","category-jugend","category-kultur"],"_links":{"self":[{"href":"https:\/\/www.fuldaernachrichten.de\/index.php?rest_route=\/wp\/v2\/posts\/29399","targetHints":{"allow":["GET"]}}],"collection":[{"href":"https:\/\/www.fuldaernachrichten.de\/index.php?rest_route=\/wp\/v2\/posts"}],"about":[{"href":"https:\/\/www.fuldaernachrichten.de\/index.php?rest_route=\/wp\/v2\/types\/post"}],"author":[{"embeddable":true,"href":"https:\/\/www.fuldaernachrichten.de\/index.php?rest_route=\/wp\/v2\/users\/1"}],"replies":[{"embeddable":true,"href":"https:\/\/www.fuldaernachrichten.de\/index.php?rest_route=%2Fwp%2Fv2%2Fcomments&post=29399"}],"version-history":[{"count":4,"href":"https:\/\/www.fuldaernachrichten.de\/index.php?rest_route=\/wp\/v2\/posts\/29399\/revisions"}],"predecessor-version":[{"id":29446,"href":"https:\/\/www.fuldaernachrichten.de\/index.php?rest_route=\/wp\/v2\/posts\/29399\/revisions\/29446"}],"wp:attachment":[{"href":"https:\/\/www.fuldaernachrichten.de\/index.php?rest_route=%2Fwp%2Fv2%2Fmedia&parent=29399"}],"wp:term":[{"taxonomy":"category","embeddable":true,"href":"https:\/\/www.fuldaernachrichten.de\/index.php?rest_route=%2Fwp%2Fv2%2Fcategories&post=29399"},{"taxonomy":"post_tag","embeddable":true,"href":"https:\/\/www.fuldaernachrichten.de\/index.php?rest_route=%2Fwp%2Fv2%2Ftags&post=29399"}],"curies":[{"name":"wp","href":"https:\/\/api.w.org\/{rel}","templated":true}]}}