{"id":29390,"date":"2009-05-20T05:00:15","date_gmt":"2009-05-20T03:00:15","guid":{"rendered":"http:\/\/www.schoene-nachrichten.de\/?p=29390"},"modified":"2009-05-19T22:27:04","modified_gmt":"2009-05-19T20:27:04","slug":"3-hammelburger-weinmesse-im-fuldaer-esperanto-erfolgreiche-weinpraesentation-mit-weinkoenigin-und-prinzessinnen","status":"publish","type":"post","link":"https:\/\/www.fuldaernachrichten.de\/?p=29390","title":{"rendered":"3. Hammelburger Weinmesse im Fuldaer Esperanto &#8211; Erfolgreiche Weinpr\u00e4sentation mit Weink\u00f6nigin und Prinzessinnen"},"content":{"rendered":"<p><strong>Fulda.<\/strong> Gro\u00dfen Anklang bei Fuldas Weinfreunden fand die 3. Hammelburger Weinmesse im Fuldaer Esperanto, auf dem sich 7 Winzer sowie die Winzergenossenschaft der St\u00e4dtischen Weinkellerei mit edlen Tropfen aus dem Saaletal pr\u00e4sentierten. Marcel H\u00fcmmler, der neue Vorsitzende des nur aus Direktvermarktern bestehenden Hammelburger Weinbauvereins, erl\u00e4uterte, dass in diesem Jahr erstmals auch Winzer aus dem etwas s\u00fcdlich gelegenen Ramsthal den Weg nach Fulda gefunden h\u00e4tten.<\/p>\n<p><a href=\"http:\/\/www.schoene-nachrichten.de\/wp-content\/uploads\/2009\/05\/weinmesse-3.jpg\"><img fetchpriority=\"high\" decoding=\"async\" class=\"alignnone size-thumbnail wp-image-29391\" title=\"Reinhold Jordan\" src=\"http:\/\/www.schoene-nachrichten.de\/wp-content\/uploads\/2009\/05\/weinmesse-3-265x189.jpg\" alt=\"Reinhold Jordan\" width=\"265\" height=\"189\" srcset=\"https:\/\/www.fuldaernachrichten.de\/wp-content\/uploads\/2009\/05\/weinmesse-3-265x189.jpg 265w, https:\/\/www.fuldaernachrichten.de\/wp-content\/uploads\/2009\/05\/weinmesse-3.jpg 600w\" sizes=\"(max-width: 265px) 100vw, 265px\" \/><\/a> <a href=\"http:\/\/www.schoene-nachrichten.de\/wp-content\/uploads\/2009\/05\/weinmesse_2.jpg\"><img decoding=\"async\" class=\"alignnone size-thumbnail wp-image-29392\" title=\"Reinhold Jordan\" src=\"http:\/\/www.schoene-nachrichten.de\/wp-content\/uploads\/2009\/05\/weinmesse_2-265x177.jpg\" alt=\"Reinhold Jordan\" width=\"265\" height=\"177\" srcset=\"https:\/\/www.fuldaernachrichten.de\/wp-content\/uploads\/2009\/05\/weinmesse_2-265x177.jpg 265w, https:\/\/www.fuldaernachrichten.de\/wp-content\/uploads\/2009\/05\/weinmesse_2.jpg 600w\" sizes=\"(max-width: 265px) 100vw, 265px\" \/><\/a><!--more--><\/p>\n<p><strong>Frische, kernige und kr\u00e4ftige Weine<\/strong><\/p>\n<p>Der staatlich gepr\u00fcfte Techniker f\u00fcr Weinbau und Oenologie erkl\u00e4rte weiter, dass die neuen Jahrg\u00e4nge 2008 allesamt frische, kernige und kr\u00e4ftige Weine geworden seien trotz der\u00c2\u00a0 Witterungsbedingungen, die eine sehr schnelle Lese notwendig gemacht h\u00e4tten. Ernst Stross Hammelburgs B\u00fcrgermeister machte darauf aufmerksam, dass die Hammelburger Weine gerade f\u00fcr Fulda und die Rh\u00f6n als regionale Weine zu verstehen sind und sich den Vergleich mit dem ausl\u00e4ndischen Wettbewerb nicht scheuen brauchten. Auch g\u00e4be es zwischen der \u00e4ltesten Weinstadt Frankens und Fulda eine Jahrhundert alte gewachsene Tradition, die man in Zukunft weiter beleben m\u00f6chte.<\/p>\n<p><a href=\"http:\/\/www.schoene-nachrichten.de\/wp-content\/uploads\/2009\/05\/weinmesse_fulda1.jpg\"><img decoding=\"async\" class=\"alignnone size-thumbnail wp-image-29393\" title=\"Reinhold Jordan\" src=\"http:\/\/www.schoene-nachrichten.de\/wp-content\/uploads\/2009\/05\/weinmesse_fulda1-265x259.jpg\" alt=\"Reinhold Jordan\" hspace=\"5\" width=\"265\" height=\"259\" align=\"left\" srcset=\"https:\/\/www.fuldaernachrichten.de\/wp-content\/uploads\/2009\/05\/weinmesse_fulda1-265x259.jpg 265w, https:\/\/www.fuldaernachrichten.de\/wp-content\/uploads\/2009\/05\/weinmesse_fulda1.jpg 612w\" sizes=\"(max-width: 265px) 100vw, 265px\" \/><\/a><\/p>\n<p>Neben der frisch gek\u00fcrten fr\u00e4nkischen Weink\u00f6nigin Anna Saum waren auch die Hammelburger Weinprinzessin Julia Sch\u00e4fer sowie die Ramstahler Weinprinzessin Melanie Unsleber ins Fuldaer Esperanto gekommen, um mit den zahlreichen G\u00e4sten anzusto\u00dfen. Die n\u00e4chste M\u00f6glichkeit die edlen Tropfen aus Hammelburg in ihrer ganzen Vielfalt zu entdecken sind das Saalecker Schlossweinfest (10 bis 11 Juni)\u00c2\u00a0 und die \u201eWein \u2013 und Gaumenfreuden\u201c auf dem Hammelburger Marktplatz zwischen 20 bis 22. Juni 2009. Weitere Infos unter: <a href=\"http:\/\/www.hammelburger-wein.de\" target=\"_blank\">www.hammelburger-wein.de<\/a><\/p>\n","protected":false},"excerpt":{"rendered":"<div class=\"tmnf_excerpt\"><p>Fulda. Gro\u00dfen Anklang bei Fuldas Weinfreunden fand die 3. Hammelburger Weinmesse im Fuldaer Esperanto, auf dem sich 7 Winzer sowie die Winzergenossenschaft der St\u00e4dtischen Weinkellerei mit edlen Tropfen aus dem Saaletal pr\u00e4sentierten. Marcel H\u00fcmmler, der neue Vorsitzende des nur aus Direktvermarktern bestehenden Hammelburger Weinbauvereins, erl\u00e4uterte, dass in diesem Jahr erstmals auch Winzer aus dem etwas &hellip;<\/p>\n<\/div>","protected":false},"author":1,"featured_media":0,"comment_status":"closed","ping_status":"closed","sticky":false,"template":"","format":"standard","meta":{"footnotes":""},"categories":[1,37,44],"tags":[],"class_list":["post-29390","post","type-post","status-publish","format-standard","hentry","category-startseite","category-essen-und-trinken","category-kultur"],"_links":{"self":[{"href":"https:\/\/www.fuldaernachrichten.de\/index.php?rest_route=\/wp\/v2\/posts\/29390","targetHints":{"allow":["GET"]}}],"collection":[{"href":"https:\/\/www.fuldaernachrichten.de\/index.php?rest_route=\/wp\/v2\/posts"}],"about":[{"href":"https:\/\/www.fuldaernachrichten.de\/index.php?rest_route=\/wp\/v2\/types\/post"}],"author":[{"embeddable":true,"href":"https:\/\/www.fuldaernachrichten.de\/index.php?rest_route=\/wp\/v2\/users\/1"}],"replies":[{"embeddable":true,"href":"https:\/\/www.fuldaernachrichten.de\/index.php?rest_route=%2Fwp%2Fv2%2Fcomments&post=29390"}],"version-history":[{"count":3,"href":"https:\/\/www.fuldaernachrichten.de\/index.php?rest_route=\/wp\/v2\/posts\/29390\/revisions"}],"predecessor-version":[{"id":29434,"href":"https:\/\/www.fuldaernachrichten.de\/index.php?rest_route=\/wp\/v2\/posts\/29390\/revisions\/29434"}],"wp:attachment":[{"href":"https:\/\/www.fuldaernachrichten.de\/index.php?rest_route=%2Fwp%2Fv2%2Fmedia&parent=29390"}],"wp:term":[{"taxonomy":"category","embeddable":true,"href":"https:\/\/www.fuldaernachrichten.de\/index.php?rest_route=%2Fwp%2Fv2%2Fcategories&post=29390"},{"taxonomy":"post_tag","embeddable":true,"href":"https:\/\/www.fuldaernachrichten.de\/index.php?rest_route=%2Fwp%2Fv2%2Ftags&post=29390"}],"curies":[{"name":"wp","href":"https:\/\/api.w.org\/{rel}","templated":true}]}}