{"id":29343,"date":"2009-05-19T04:48:37","date_gmt":"2009-05-19T02:48:37","guid":{"rendered":"http:\/\/www.schoene-nachrichten.de\/?p=29343"},"modified":"2009-05-18T20:08:16","modified_gmt":"2009-05-18T18:08:16","slug":"bis-zu-100-euro-extra-von-der-aok-hessen-teilnahme-an-aok-aktiv-vital-wird-doppelt-belohnt","status":"publish","type":"post","link":"https:\/\/www.fuldaernachrichten.de\/?p=29343","title":{"rendered":"Bis zu 100 Euro extra von der AOK Hessen &#8211; Teilnahme an AOK aktiv + vital wird doppelt belohnt"},"content":{"rendered":"<p><strong>Fulda. <\/strong>Mit einem Bonus von bis zu 100 Euro k\u00f6nnen osthessische Teilnehmer an AOK aktiv + vital j\u00e4hrlich rechnen. Das Pr\u00e4ventionsprogramm f\u00fcr Diabetiker und Diabetesgef\u00e4hrdete soll durch diesen zus\u00e4tzlichen Anreiz noch mehr Zulauf bekommen. Schon heute sind \u00fcber 2.200 AOK-Versicherte bei den \u00c4rzten im Gesundheitsnetz Osthessen eingeschrieben.<!--more--><\/p>\n<p><strong>Positive Beeinflussung der Krankheit<br \/>\n<\/strong><br \/>\nDas Hauptziel von AOK aktiv + vital ist die positive Beeinflussung der Krankheit oder die Reduktion der Risikofaktoren durch Lebensstil\u00e4nderungen (z. B. kontrolliertes Abnehmen, mehr Bewegung und Rauchen aufgeben). Es umfasst exklusive Facharztsprechstunden und Schulungen, die andere Versicherte nicht erhalten. \u201eZum Programm gibt es jetzt auch einen Wahltarif. Deshalb lohnt sich die Teilnahme f\u00fcr unsere Kunden nicht nur in gesundheitlicher Hinsicht, sondern auch finanziell\u201c, beschreibt Matthias Gr\u00fcn, verantwortlich f\u00fcr Integrierte Versorgung bei der Gesundheitskasse.<\/p>\n<p><strong>6 Mio. Menschen an Diabetes erkrankt<\/strong><\/p>\n<p>Die Volkskrankheit Diabetes ist weiterhin auf dem Vormarsch: Derzeit sind nach Angaben des Deutschen Diabetikerbundes in Deutschland etwa 6 Mio. Menschen erkrankt. Dazu rechnen Experten noch eine Dunkelziffer von \u00fcber\u00c2\u00a0 2 Mio. B\u00fcrgern, die unwissend an Diabetes leiden. Hinzu kommen diejenigen, die fr\u00fcher oder sp\u00e4ter auf eine Erkrankung zusteuern. Durch ein fragw\u00fcrdiges Ern\u00e4hrungs- und Bewegungsverhalten sowie andere Faktoren werden sie zu Risikopatienten, die vom Arzt nicht immer fr\u00fchzeitig genug als solche diagnostiziert werden k\u00f6nnen. Bei AOK aktiv + vital legen Arzt und Patient einvernehmliche Therapieziele fest und sehen sich regelm\u00e4\u00dfig. Dazu geh\u00f6rt auch eine optimale Arznei-, Heil- und Hilfsmittelversorgung.<\/p>\n<p><strong>Weitere Informationen<\/strong> unter: <a href=\"http:\/\/www.aok-aktivundvital.de\" target=\"_blank\">www.aok-aktivundvital.de<\/a><\/p>\n","protected":false},"excerpt":{"rendered":"<div class=\"tmnf_excerpt\"><p>Fulda. Mit einem Bonus von bis zu 100 Euro k\u00f6nnen osthessische Teilnehmer an AOK aktiv + vital j\u00e4hrlich rechnen. Das Pr\u00e4ventionsprogramm f\u00fcr Diabetiker und Diabetesgef\u00e4hrdete soll durch diesen zus\u00e4tzlichen Anreiz noch mehr Zulauf bekommen. Schon heute sind \u00fcber 2.200 AOK-Versicherte bei den \u00c4rzten im Gesundheitsnetz Osthessen eingeschrieben.<\/p>\n<\/div>","protected":false},"author":1,"featured_media":0,"comment_status":"closed","ping_status":"closed","sticky":false,"template":"","format":"standard","meta":{"footnotes":""},"categories":[1,37,51,29,46],"tags":[],"class_list":["post-29343","post","type-post","status-publish","format-standard","hentry","category-startseite","category-essen-und-trinken","category-medizin","category-politik","category-sport"],"_links":{"self":[{"href":"https:\/\/www.fuldaernachrichten.de\/index.php?rest_route=\/wp\/v2\/posts\/29343","targetHints":{"allow":["GET"]}}],"collection":[{"href":"https:\/\/www.fuldaernachrichten.de\/index.php?rest_route=\/wp\/v2\/posts"}],"about":[{"href":"https:\/\/www.fuldaernachrichten.de\/index.php?rest_route=\/wp\/v2\/types\/post"}],"author":[{"embeddable":true,"href":"https:\/\/www.fuldaernachrichten.de\/index.php?rest_route=\/wp\/v2\/users\/1"}],"replies":[{"embeddable":true,"href":"https:\/\/www.fuldaernachrichten.de\/index.php?rest_route=%2Fwp%2Fv2%2Fcomments&post=29343"}],"version-history":[{"count":3,"href":"https:\/\/www.fuldaernachrichten.de\/index.php?rest_route=\/wp\/v2\/posts\/29343\/revisions"}],"predecessor-version":[{"id":29347,"href":"https:\/\/www.fuldaernachrichten.de\/index.php?rest_route=\/wp\/v2\/posts\/29343\/revisions\/29347"}],"wp:attachment":[{"href":"https:\/\/www.fuldaernachrichten.de\/index.php?rest_route=%2Fwp%2Fv2%2Fmedia&parent=29343"}],"wp:term":[{"taxonomy":"category","embeddable":true,"href":"https:\/\/www.fuldaernachrichten.de\/index.php?rest_route=%2Fwp%2Fv2%2Fcategories&post=29343"},{"taxonomy":"post_tag","embeddable":true,"href":"https:\/\/www.fuldaernachrichten.de\/index.php?rest_route=%2Fwp%2Fv2%2Ftags&post=29343"}],"curies":[{"name":"wp","href":"https:\/\/api.w.org\/{rel}","templated":true}]}}