{"id":29331,"date":"2009-05-19T04:44:03","date_gmt":"2009-05-19T02:44:03","guid":{"rendered":"http:\/\/www.schoene-nachrichten.de\/?p=29331"},"modified":"2009-05-18T20:07:52","modified_gmt":"2009-05-18T18:07:52","slug":"mdl-brand-ueberbrachte-gruesse-von-ursula-von-der-leyen","status":"publish","type":"post","link":"https:\/\/www.fuldaernachrichten.de\/?p=29331","title":{"rendered":"MdL Brand \u00fcberbrachte Gr\u00fc\u00dfe von Ursula von der Leyen"},"content":{"rendered":"<p><strong>Vogelsbergkreis.<\/strong> Aus Berlin und aus Wiesbaden gab es am Freitag ein dickes Lob &#8211; sowohl f\u00fcrs Vogelsberger B\u00fcndnis f\u00fcr Familien als auch f\u00fcrs Mehrgenerationenhaus in Romrod. Dort feierte das lokale B\u00fcndnis den bundesweiten B\u00fcndnistag &#8211; wie gleichzeitig an \u00fcber 300 Orten in der Republik. &#8220;Zeit f\u00fcr Familie&#8221; war das Motto. Der CDU-Bundestagsabgeordnete Michael Brand \u00fcberbrachte Gr\u00fc\u00dfe seines SPD-Kollegen R\u00fcdiger Veit und vor allem von Bundesfamilienministerin Ursula von der Leyen, &#8220;die sehr gut Bescheid wei\u00df, was hier im Vogelsbergkreis Positives geschieht&#8221;, so Brand. Ministerialdirigentin Cornelia Lange, Abteilungsleiterin im hessischen Familienministerium, sprach von einem &#8220;hessischen Leuchtturmprojekt in Romrod&#8221; und lobte ebenfalls das Familienb\u00fcndnis. Beide bezeichneten die Vereinbarkeit von Familie und Beruf als ein &#8220;Herzst\u00fcck&#8221; der Regierungspolitik in Berlin und Wiesbaden.<\/p>\n<p><a href=\"http:\/\/www.schoene-nachrichten.de\/wp-content\/uploads\/2009\/05\/cid_7873045c-dcf6-4f96-8a9.jpg\"><img fetchpriority=\"high\" decoding=\"async\" class=\"alignnone size-thumbnail wp-image-29332\" title=\"Pressestelle Vogelsbergkreis\" src=\"http:\/\/www.schoene-nachrichten.de\/wp-content\/uploads\/2009\/05\/cid_7873045c-dcf6-4f96-8a9-265x198.jpg\" alt=\"Pressestelle Vogelsbergkreis\" width=\"265\" height=\"198\" srcset=\"https:\/\/www.fuldaernachrichten.de\/wp-content\/uploads\/2009\/05\/cid_7873045c-dcf6-4f96-8a9-265x198.jpg 265w, https:\/\/www.fuldaernachrichten.de\/wp-content\/uploads\/2009\/05\/cid_7873045c-dcf6-4f96-8a9.jpg 600w\" sizes=\"(max-width: 265px) 100vw, 265px\" \/><\/a> <a href=\"http:\/\/www.schoene-nachrichten.de\/wp-content\/uploads\/2009\/05\/cid_6fa49623-b57c-4bb1-9e3.jpg\"><img decoding=\"async\" class=\"alignnone size-thumbnail wp-image-29334\" title=\"Pressestelle Vogelsbergkreis\" src=\"http:\/\/www.schoene-nachrichten.de\/wp-content\/uploads\/2009\/05\/cid_6fa49623-b57c-4bb1-9e3-265x334.jpg\" alt=\"Pressestelle Vogelsbergkreis\" width=\"265\" height=\"334\" srcset=\"https:\/\/www.fuldaernachrichten.de\/wp-content\/uploads\/2009\/05\/cid_6fa49623-b57c-4bb1-9e3-265x334.jpg 265w, https:\/\/www.fuldaernachrichten.de\/wp-content\/uploads\/2009\/05\/cid_6fa49623-b57c-4bb1-9e3.jpg 476w\" sizes=\"(max-width: 265px) 100vw, 265px\" \/><\/a><!--more--><\/p>\n<p><strong>&#8220;Da geht es um Standortpolitik&#8221;<\/strong><\/p>\n<p>B\u00fcrgermeisterin Dr. Birgit Richtberg und Landrat Rudolf Marx er\u00f6ffneten die Veranstaltung in Romrod und dankten der IHK und der Handwerkskammer Wiesbaden f\u00fcr das Engagement, im Familienb\u00fcndnis mitzuarbeiten und nach Wegen zu suchen, Familie und Beruf besser unter einen Hut zu bringen. Manfred Weber (Handwerkskammer Wiesbaden) betonte: &#8220;Das ist f\u00fcr uns ein ganz wichtiges Thema. Da geht es um Standortpolitik.&#8221; Die Arbeitsgruppensprecherin Andrea Ortstadt von der Vogelsberg Consult GmbH hatte Harald Finke und Hubert Straub als Moderatoren gewonnen, die sich in zwei Workshops mit den Themen &#8220;Das Unternehmen schafft Perspektive f\u00fcr Familie&#8221; und &#8220;Familie schafft Zukunft f\u00fcr Unternehmen&#8221; besch\u00e4ftigten.<\/p>\n<p>Rund 40 Vogelsberger Unternehmerinnen und Unternehmer waren zusammen mit ihren Familien nach Romrod gekommen, um die Gr\u00fcnde zu beleuchten, warum gerade in der wirtschaftlichen Krise familienorientierte L\u00f6sungen im Betrieb kurz- und langfristig betriebswirtschaftlich vern\u00fcnftig sind.<\/p>\n<p><strong>&#8220;Das ist aktive Demographiepolitik&#8221;<\/strong><\/p>\n<p>Aus Sicht von Landrat Marx und B\u00fcrgermeisterin Dr. Richtberg ist die bessere Vereinbarkeit von Familie und Beruf ein klarer Standortvorteil. Verbesserungen gerade in diesem Bereich k\u00f6nnen dazu beitragen, die Wirtschaftskraft der l\u00e4ndlichen Region zu sichern. &#8220;Das ist aktive Demographiepolitik&#8221;, unterstrich Landrat Marx, der in Romrod im Rahmen der Veranstaltung auch den Unternehmens-Wettbewerb &#8220;Zukunft Familie &#8211; familienunterst\u00fctzende Ma\u00dfnahmen am Arbeitsplatz&#8221; offiziell startete. N\u00e4here Informationen hierzu unter <a href=\"http:\/\/www.vogelsbergkreis.de\" target=\"_blank\">www.vogelsbergkreis.de<\/a><\/p>\n","protected":false},"excerpt":{"rendered":"<div class=\"tmnf_excerpt\"><p>Vogelsbergkreis. Aus Berlin und aus Wiesbaden gab es am Freitag ein dickes Lob &#8211; sowohl f\u00fcrs Vogelsberger B\u00fcndnis f\u00fcr Familien als auch f\u00fcrs Mehrgenerationenhaus in Romrod. Dort feierte das lokale B\u00fcndnis den bundesweiten B\u00fcndnistag &#8211; wie gleichzeitig an \u00fcber 300 Orten in der Republik. &#8220;Zeit f\u00fcr Familie&#8221; war das Motto. Der CDU-Bundestagsabgeordnete Michael Brand \u00fcberbrachte &hellip;<\/p>\n<\/div>","protected":false},"author":1,"featured_media":0,"comment_status":"closed","ping_status":"closed","sticky":false,"template":"","format":"standard","meta":{"footnotes":""},"categories":[1,53,29],"tags":[],"class_list":["post-29331","post","type-post","status-publish","format-standard","hentry","category-startseite","category-bildung","category-politik"],"_links":{"self":[{"href":"https:\/\/www.fuldaernachrichten.de\/index.php?rest_route=\/wp\/v2\/posts\/29331","targetHints":{"allow":["GET"]}}],"collection":[{"href":"https:\/\/www.fuldaernachrichten.de\/index.php?rest_route=\/wp\/v2\/posts"}],"about":[{"href":"https:\/\/www.fuldaernachrichten.de\/index.php?rest_route=\/wp\/v2\/types\/post"}],"author":[{"embeddable":true,"href":"https:\/\/www.fuldaernachrichten.de\/index.php?rest_route=\/wp\/v2\/users\/1"}],"replies":[{"embeddable":true,"href":"https:\/\/www.fuldaernachrichten.de\/index.php?rest_route=%2Fwp%2Fv2%2Fcomments&post=29331"}],"version-history":[{"count":3,"href":"https:\/\/www.fuldaernachrichten.de\/index.php?rest_route=\/wp\/v2\/posts\/29331\/revisions"}],"predecessor-version":[{"id":29346,"href":"https:\/\/www.fuldaernachrichten.de\/index.php?rest_route=\/wp\/v2\/posts\/29331\/revisions\/29346"}],"wp:attachment":[{"href":"https:\/\/www.fuldaernachrichten.de\/index.php?rest_route=%2Fwp%2Fv2%2Fmedia&parent=29331"}],"wp:term":[{"taxonomy":"category","embeddable":true,"href":"https:\/\/www.fuldaernachrichten.de\/index.php?rest_route=%2Fwp%2Fv2%2Fcategories&post=29331"},{"taxonomy":"post_tag","embeddable":true,"href":"https:\/\/www.fuldaernachrichten.de\/index.php?rest_route=%2Fwp%2Fv2%2Ftags&post=29331"}],"curies":[{"name":"wp","href":"https:\/\/api.w.org\/{rel}","templated":true}]}}