{"id":29305,"date":"2009-05-19T04:27:01","date_gmt":"2009-05-19T02:27:01","guid":{"rendered":"http:\/\/www.schoene-nachrichten.de\/?p=29305"},"modified":"2009-05-18T20:10:51","modified_gmt":"2009-05-18T18:10:51","slug":"familienwanderung-bauernhof-und-naturerlebnis-rund-um-melperts-und-ehrenberg","status":"publish","type":"post","link":"https:\/\/www.fuldaernachrichten.de\/?p=29305","title":{"rendered":"Familienwanderung \u201eBauernhof- und Naturerlebnis rund um Melperts und Ehrenberg\u201c"},"content":{"rendered":"<p><strong>Rh\u00f6n.<\/strong> Das Biosph\u00e4renreservat Rh\u00f6n bietet in Kooperation mit der VHS des Landkreises Fulda unter Leitung von Julia Djabalameli und Sabine Massel eine Familienwanderung \u201eBauernhof- und Naturerlebnis rund um Melperts und Ehrenberg\u201c f\u00fcr Kinder im Alter von 5- 10 Jahren an. Treffpunkt ist am Samstag, 30. Mai 2009, 14.00 Uhr, auf dem Spiegelshof in Ehrenberg-Melperts, Waldstr. 25. Kosten inkl. Verk\u00f6stigung: 5 \u00e2\u201a\u00ac pro Erwachsener, 2,50 \u00e2\u201a\u00ac pro Kind.<\/p>\n","protected":false},"excerpt":{"rendered":"<div class=\"tmnf_excerpt\"><p>Rh\u00f6n. Das Biosph\u00e4renreservat Rh\u00f6n bietet in Kooperation mit der VHS des Landkreises Fulda unter Leitung von Julia Djabalameli und Sabine Massel eine Familienwanderung \u201eBauernhof- und Naturerlebnis rund um Melperts und Ehrenberg\u201c f\u00fcr Kinder im Alter von 5- 10 Jahren an. Treffpunkt ist am Samstag, 30. Mai 2009, 14.00 Uhr, auf dem Spiegelshof in Ehrenberg-Melperts, Waldstr. &hellip;<\/p>\n<\/div>","protected":false},"author":1,"featured_media":0,"comment_status":"closed","ping_status":"closed","sticky":false,"template":"","format":"standard","meta":{"footnotes":""},"categories":[1,72,44,52],"tags":[],"class_list":["post-29305","post","type-post","status-publish","format-standard","hentry","category-startseite","category-jugend","category-kultur","category-umwelt"],"_links":{"self":[{"href":"https:\/\/www.fuldaernachrichten.de\/index.php?rest_route=\/wp\/v2\/posts\/29305","targetHints":{"allow":["GET"]}}],"collection":[{"href":"https:\/\/www.fuldaernachrichten.de\/index.php?rest_route=\/wp\/v2\/posts"}],"about":[{"href":"https:\/\/www.fuldaernachrichten.de\/index.php?rest_route=\/wp\/v2\/types\/post"}],"author":[{"embeddable":true,"href":"https:\/\/www.fuldaernachrichten.de\/index.php?rest_route=\/wp\/v2\/users\/1"}],"replies":[{"embeddable":true,"href":"https:\/\/www.fuldaernachrichten.de\/index.php?rest_route=%2Fwp%2Fv2%2Fcomments&post=29305"}],"version-history":[{"count":3,"href":"https:\/\/www.fuldaernachrichten.de\/index.php?rest_route=\/wp\/v2\/posts\/29305\/revisions"}],"predecessor-version":[{"id":29351,"href":"https:\/\/www.fuldaernachrichten.de\/index.php?rest_route=\/wp\/v2\/posts\/29305\/revisions\/29351"}],"wp:attachment":[{"href":"https:\/\/www.fuldaernachrichten.de\/index.php?rest_route=%2Fwp%2Fv2%2Fmedia&parent=29305"}],"wp:term":[{"taxonomy":"category","embeddable":true,"href":"https:\/\/www.fuldaernachrichten.de\/index.php?rest_route=%2Fwp%2Fv2%2Fcategories&post=29305"},{"taxonomy":"post_tag","embeddable":true,"href":"https:\/\/www.fuldaernachrichten.de\/index.php?rest_route=%2Fwp%2Fv2%2Ftags&post=29305"}],"curies":[{"name":"wp","href":"https:\/\/api.w.org\/{rel}","templated":true}]}}