{"id":2928,"date":"2007-05-04T05:52:15","date_gmt":"2007-05-04T03:52:15","guid":{"rendered":"http:\/\/www.schoene-nachrichten.de\/?p=2928"},"modified":"2007-05-04T05:59:25","modified_gmt":"2007-05-04T03:59:25","slug":"morgen-orgelmatinee-im-dom-2","status":"publish","type":"post","link":"https:\/\/www.fuldaernachrichten.de\/?p=2928","title":{"rendered":"Morgen: Orgelmatinee im Dom"},"content":{"rendered":"<p><strong>Termin.<\/strong>\u00c2\u00a0In einer Orgelmatinee am morgigen Samstag, 5. Mai, um 12.05 Uhr im Fuldaer Dom wird Iris Rieg aus K\u00f6ln Werke von C. Tournemire, M. Dupr\u00e9, L. Vierne und J. Langlais vorstellen. <!--more--><\/p>\n<p>Iris Rieg studierte Schul- und Kirchenmusik sowie K\u00fcnstlerisches Orgelspiel und Solistenklasse in Stuttgart, Detmold und Paris. Sie war Stipendiatin des Sokrates-Programms und des Deutschen Akademischen Austauschdienstes in Paris und gewann Preise bei internationalen Orgel- und Kirchenmusikwettbewerben in Laubach, F\u00fcrth und Linz.<\/p>\n<p>Neben einer Lehrt\u00e4tigkeit hat sie CD-live-Produktionen, Urauff\u00fchrungen, Radio\u00fcbertragungen und internationale Konzerte. Sie wirkt als Kirchenmusikerin in K\u00f6ln-West. (bpf)<br \/>\n\u00c2\u00a0<\/p>\n","protected":false},"excerpt":{"rendered":"<div class=\"tmnf_excerpt\"><p>Termin.\u00c2\u00a0In einer Orgelmatinee am morgigen Samstag, 5. Mai, um 12.05 Uhr im Fuldaer Dom wird Iris Rieg aus K\u00f6ln Werke von C. Tournemire, M. Dupr\u00e9, L. Vierne und J. Langlais vorstellen.<\/p>\n<\/div>","protected":false},"author":1,"featured_media":0,"comment_status":"closed","ping_status":"closed","sticky":false,"template":"","format":"standard","meta":{"footnotes":""},"categories":[1],"tags":[],"class_list":["post-2928","post","type-post","status-publish","format-standard","hentry","category-startseite"],"_links":{"self":[{"href":"https:\/\/www.fuldaernachrichten.de\/index.php?rest_route=\/wp\/v2\/posts\/2928","targetHints":{"allow":["GET"]}}],"collection":[{"href":"https:\/\/www.fuldaernachrichten.de\/index.php?rest_route=\/wp\/v2\/posts"}],"about":[{"href":"https:\/\/www.fuldaernachrichten.de\/index.php?rest_route=\/wp\/v2\/types\/post"}],"author":[{"embeddable":true,"href":"https:\/\/www.fuldaernachrichten.de\/index.php?rest_route=\/wp\/v2\/users\/1"}],"replies":[{"embeddable":true,"href":"https:\/\/www.fuldaernachrichten.de\/index.php?rest_route=%2Fwp%2Fv2%2Fcomments&post=2928"}],"version-history":[{"count":0,"href":"https:\/\/www.fuldaernachrichten.de\/index.php?rest_route=\/wp\/v2\/posts\/2928\/revisions"}],"wp:attachment":[{"href":"https:\/\/www.fuldaernachrichten.de\/index.php?rest_route=%2Fwp%2Fv2%2Fmedia&parent=2928"}],"wp:term":[{"taxonomy":"category","embeddable":true,"href":"https:\/\/www.fuldaernachrichten.de\/index.php?rest_route=%2Fwp%2Fv2%2Fcategories&post=2928"},{"taxonomy":"post_tag","embeddable":true,"href":"https:\/\/www.fuldaernachrichten.de\/index.php?rest_route=%2Fwp%2Fv2%2Ftags&post=2928"}],"curies":[{"name":"wp","href":"https:\/\/api.w.org\/{rel}","templated":true}]}}