{"id":2927,"date":"2007-05-03T14:34:27","date_gmt":"2007-05-03T12:34:27","guid":{"rendered":"http:\/\/www.schoene-nachrichten.de\/?p=2927"},"modified":"2007-05-06T22:43:13","modified_gmt":"2007-05-06T20:43:13","slug":"carsten-feller-ist-neuer-kanzler-der-hochschule-fulda","status":"publish","type":"post","link":"https:\/\/www.fuldaernachrichten.de\/?p=2927","title":{"rendered":"Carsten Feller ist neuer Kanzler der Hochschule Fulda"},"content":{"rendered":"<p><strong><a rel=\"lightbox[roadtrip]\" target=\"_blank\" href=\"http:\/\/www.schoene-nachrichten.de\/wp-content\/uploads\/2007\/05\/050503_feller.jpg\" title=\"050503_feller.jpg\"><img decoding=\"async\" align=\"left\" hspace=\"5\" src=\"http:\/\/www.schoene-nachrichten.de\/wp-content\/uploads\/2007\/05\/050503_feller.thumbnail.jpg\" alt=\"050503_feller.jpg\" \/><\/a>Leute.<\/strong> Carsten Feller ist seit dem 1. Mai der neue Kanzler der Hochschule Fulda. Er l\u00f6st Volker Stempel ab, der an die Helmut-Schmidt-Universit\u00e4t der Bundeswehr in Hamburg wechselte. Die Ernennung Fellers erfolgte in der letzten Woche durch den Staatssekret\u00e4r Prof. Dr. Ralph Alexander Lorz im Hessischen Ministerium f\u00fcr Wissenschaft und Kunst.<!--more--><\/p>\n<p>Feller, Jahrgang 1966, wurde im nordhessischen Fritzlar geboren. Nach dem Abitur und zweij\u00e4hrigem Bundeswehrdienst studierte er in Gie\u00dfen und Lissabon Geschichts- und Politikwissenschaft, Philosophie und \u00f6ffentliches Recht.\u00c2\u00a0 Es folgten berufliche T\u00e4tigkeiten in der Pressestelle der Universit\u00e4t Gie\u00dfen, als Referent im Transferzentrum Mittelhessen und als Unternehmensberater im Technologie- und Innovationszentrum Gie\u00dfen.<\/p>\n<p>Seit 1997 war Feller an der Fachhochschule Schmalkalden in Th\u00fcringen t\u00e4tig. Dort leitete er das Referat f\u00fcr Kommunikation und Hochschulentwicklung. Dabei war er f\u00fcr die externe und interne Kommunikation zust\u00e4ndig und mit Fragen der Hochschul-entwicklung und -steuerung sowie der Verwaltungsmodernisierung befasst.<\/p>\n<p>Carsten Feller ist verheiratet und hat zwei Kinder.<\/p>\n<p><strong>Zum Bild:<\/strong> Der Pr\u00e4sident der Hochschule Fulda, Prof. Dr. Roland Schopf (re.) begr\u00fc\u00dft Carsten Feller, den neuen Kanzler.<\/p>\n","protected":false},"excerpt":{"rendered":"<div class=\"tmnf_excerpt\"><p>Leute. Carsten Feller ist seit dem 1. Mai der neue Kanzler der Hochschule Fulda. Er l\u00f6st Volker Stempel ab, der an die Helmut-Schmidt-Universit\u00e4t der Bundeswehr in Hamburg wechselte. Die Ernennung Fellers erfolgte in der letzten Woche durch den Staatssekret\u00e4r Prof. Dr. Ralph Alexander Lorz im Hessischen Ministerium f\u00fcr Wissenschaft und Kunst.<\/p>\n<\/div>","protected":false},"author":1,"featured_media":0,"comment_status":"closed","ping_status":"closed","sticky":false,"template":"","format":"standard","meta":{"footnotes":""},"categories":[1,53,48],"tags":[],"class_list":["post-2927","post","type-post","status-publish","format-standard","hentry","category-startseite","category-bildung","category-forschung"],"_links":{"self":[{"href":"https:\/\/www.fuldaernachrichten.de\/index.php?rest_route=\/wp\/v2\/posts\/2927","targetHints":{"allow":["GET"]}}],"collection":[{"href":"https:\/\/www.fuldaernachrichten.de\/index.php?rest_route=\/wp\/v2\/posts"}],"about":[{"href":"https:\/\/www.fuldaernachrichten.de\/index.php?rest_route=\/wp\/v2\/types\/post"}],"author":[{"embeddable":true,"href":"https:\/\/www.fuldaernachrichten.de\/index.php?rest_route=\/wp\/v2\/users\/1"}],"replies":[{"embeddable":true,"href":"https:\/\/www.fuldaernachrichten.de\/index.php?rest_route=%2Fwp%2Fv2%2Fcomments&post=2927"}],"version-history":[{"count":0,"href":"https:\/\/www.fuldaernachrichten.de\/index.php?rest_route=\/wp\/v2\/posts\/2927\/revisions"}],"wp:attachment":[{"href":"https:\/\/www.fuldaernachrichten.de\/index.php?rest_route=%2Fwp%2Fv2%2Fmedia&parent=2927"}],"wp:term":[{"taxonomy":"category","embeddable":true,"href":"https:\/\/www.fuldaernachrichten.de\/index.php?rest_route=%2Fwp%2Fv2%2Fcategories&post=2927"},{"taxonomy":"post_tag","embeddable":true,"href":"https:\/\/www.fuldaernachrichten.de\/index.php?rest_route=%2Fwp%2Fv2%2Ftags&post=2927"}],"curies":[{"name":"wp","href":"https:\/\/api.w.org\/{rel}","templated":true}]}}