{"id":2924,"date":"2007-05-03T00:15:22","date_gmt":"2007-05-02T22:15:22","guid":{"rendered":"http:\/\/www.schoene-nachrichten.de\/?p=2924"},"modified":"2007-05-03T00:15:43","modified_gmt":"2007-05-02T22:15:43","slug":"techniker-krankenkasse-informiert-ueber-hautkrankheiten","status":"publish","type":"post","link":"https:\/\/www.fuldaernachrichten.de\/?p=2924","title":{"rendered":"Techniker Krankenkasse informiert \u00fcber Hautkrankheiten"},"content":{"rendered":"<p><strong>Tipp.<\/strong>\u00c2\u00a0Am Mittwoch, dem 9. Mai 2007, bietet die Techniker Krankenkasse (TK) unter der Nummer 01802\/ 85 00 85 eine Hotline zum Thema Haut an. Von acht bis 20 Uhr informieren die Experten des TK-\u00c4rztezentrums kostenlos \u00fcber Ursachen, Symptome und Behandlungsoptionen von Hauterkrankungen. <!--more--><\/p>\n<p>Auch Fragen zum Sonnenschutz oder zur Hautpflege beantworten die Fach\u00e4rzte. Parallel dazu steht in einer Internetsprechstunde die Haut\u00e4rztin Dr. Inga Kreiselmaier f\u00fcr Fragen zur Verf\u00fcgung. Die speziell als Trainerin f\u00fcr Neurodermitis und Schuppenflechte ausgebildete \u00c4rztin der Uni-Hautklinik Kiel ist von 19 bis 20.30 Uhr unter <a target=\"_blank\" href=\"http:\/\/www.tk-online.de\">www.tk-online.de<\/a> erreichbar. Beide Angebote stehen auch nicht TK-Versicherten offen.<\/p>\n","protected":false},"excerpt":{"rendered":"<div class=\"tmnf_excerpt\"><p>Tipp.\u00c2\u00a0Am Mittwoch, dem 9. Mai 2007, bietet die Techniker Krankenkasse (TK) unter der Nummer 01802\/ 85 00 85 eine Hotline zum Thema Haut an. Von acht bis 20 Uhr informieren die Experten des TK-\u00c4rztezentrums kostenlos \u00fcber Ursachen, Symptome und Behandlungsoptionen von Hauterkrankungen.<\/p>\n<\/div>","protected":false},"author":1,"featured_media":0,"comment_status":"closed","ping_status":"closed","sticky":false,"template":"","format":"standard","meta":{"footnotes":""},"categories":[1],"tags":[],"class_list":["post-2924","post","type-post","status-publish","format-standard","hentry","category-startseite"],"_links":{"self":[{"href":"https:\/\/www.fuldaernachrichten.de\/index.php?rest_route=\/wp\/v2\/posts\/2924","targetHints":{"allow":["GET"]}}],"collection":[{"href":"https:\/\/www.fuldaernachrichten.de\/index.php?rest_route=\/wp\/v2\/posts"}],"about":[{"href":"https:\/\/www.fuldaernachrichten.de\/index.php?rest_route=\/wp\/v2\/types\/post"}],"author":[{"embeddable":true,"href":"https:\/\/www.fuldaernachrichten.de\/index.php?rest_route=\/wp\/v2\/users\/1"}],"replies":[{"embeddable":true,"href":"https:\/\/www.fuldaernachrichten.de\/index.php?rest_route=%2Fwp%2Fv2%2Fcomments&post=2924"}],"version-history":[{"count":0,"href":"https:\/\/www.fuldaernachrichten.de\/index.php?rest_route=\/wp\/v2\/posts\/2924\/revisions"}],"wp:attachment":[{"href":"https:\/\/www.fuldaernachrichten.de\/index.php?rest_route=%2Fwp%2Fv2%2Fmedia&parent=2924"}],"wp:term":[{"taxonomy":"category","embeddable":true,"href":"https:\/\/www.fuldaernachrichten.de\/index.php?rest_route=%2Fwp%2Fv2%2Fcategories&post=2924"},{"taxonomy":"post_tag","embeddable":true,"href":"https:\/\/www.fuldaernachrichten.de\/index.php?rest_route=%2Fwp%2Fv2%2Ftags&post=2924"}],"curies":[{"name":"wp","href":"https:\/\/api.w.org\/{rel}","templated":true}]}}