{"id":2915,"date":"2007-05-03T06:07:22","date_gmt":"2007-05-03T04:07:22","guid":{"rendered":"http:\/\/www.schoene-nachrichten.de\/?p=2915"},"modified":"2007-05-03T06:08:22","modified_gmt":"2007-05-03T04:08:22","slug":"34-neue-helferinnen-und-helfer-im-technischen-hilfswerk","status":"publish","type":"post","link":"https:\/\/www.fuldaernachrichten.de\/?p=2915","title":{"rendered":"34 neue Helferinnen und Helfer im THW"},"content":{"rendered":"<p><strong>Sch\u00f6nes aus Fulda.<\/strong> Am vergangenen Samstag\u00c2\u00a0fand auf dem Gel\u00e4nde des THW Ortsverbandes Fulda die diesj\u00e4hrige Abschlusspr\u00fcfung der Basisausbildung I statt. 34 Helferanw\u00e4rterinnen und Helferanw\u00e4rter der THW-Ortsverb\u00e4nde H\u00fcnfeld, Fulda, Neuhof, Lauterbach, Alsfeld, Bad Orb, W\u00e4chtersbach, Erlensee, Gelnhausen und Steinau\/Stra\u00dfe\u00c2\u00a0stellten ihre erlernten Kenntnisse und F\u00e4higkeiten unter den Augen\u00c2\u00a0der Pr\u00fcfer an verschiedenen Stationen unter Beweis.<\/p>\n<p><strong>Fotos (6):<\/strong> Erwin Hillenbrand<\/p>\n<p><a rel=\"lightbox[roadtrip]\" target=\"_blank\" href=\"http:\/\/www.schoene-nachrichten.de\/wp-content\/uploads\/2007\/05\/070502_thw_1.jpg\" title=\"070502_thw_1.jpg\"><img decoding=\"async\" src=\"http:\/\/www.schoene-nachrichten.de\/wp-content\/uploads\/2007\/05\/070502_thw_1.thumbnail.jpg\" alt=\"070502_thw_1.jpg\" \/><\/a>\u00c2\u00a0<a rel=\"lightbox[roadtrip]\" target=\"_blank\" href=\"http:\/\/www.schoene-nachrichten.de\/wp-content\/uploads\/2007\/05\/070502_thw_2.jpg\" title=\"070502_thw_2.jpg\"><img decoding=\"async\" src=\"http:\/\/www.schoene-nachrichten.de\/wp-content\/uploads\/2007\/05\/070502_thw_2.thumbnail.jpg\" alt=\"070502_thw_2.jpg\" \/><\/a>\u00c2\u00a0<a rel=\"lightbox[roadtrip]\" target=\"_blank\" href=\"http:\/\/www.schoene-nachrichten.de\/wp-content\/uploads\/2007\/05\/070502_thw_3.jpg\" title=\"070502_thw_3.jpg\"><img decoding=\"async\" src=\"http:\/\/www.schoene-nachrichten.de\/wp-content\/uploads\/2007\/05\/070502_thw_3.thumbnail.jpg\" alt=\"070502_thw_3.jpg\" \/><\/a><!--more--><a rel=\"lightbox[roadtrip]\" target=\"_blank\" href=\"http:\/\/www.schoene-nachrichten.de\/wp-content\/uploads\/2007\/05\/070502_thw_4.jpg\" title=\"070502_thw_4.jpg\"><img decoding=\"async\" src=\"http:\/\/www.schoene-nachrichten.de\/wp-content\/uploads\/2007\/05\/070502_thw_4.thumbnail.jpg\" alt=\"070502_thw_4.jpg\" \/><\/a>\u00c2\u00a0<a rel=\"lightbox[roadtrip]\" target=\"_blank\" href=\"http:\/\/www.schoene-nachrichten.de\/wp-content\/uploads\/2007\/05\/070502_thw_6.jpg\" title=\"070502_thw_6.jpg\"><img decoding=\"async\" src=\"http:\/\/www.schoene-nachrichten.de\/wp-content\/uploads\/2007\/05\/070502_thw_6.thumbnail.jpg\" alt=\"070502_thw_6.jpg\" \/><\/a>\u00c2\u00a0<a rel=\"lightbox[roadtrip]\" target=\"_blank\" href=\"http:\/\/www.schoene-nachrichten.de\/wp-content\/uploads\/2007\/05\/070502_thw_8.jpg\" title=\"070502_thw_8.jpg\"><img decoding=\"async\" src=\"http:\/\/www.schoene-nachrichten.de\/wp-content\/uploads\/2007\/05\/070502_thw_8.thumbnail.jpg\" alt=\"070502_thw_8.jpg\" \/><\/a><\/p>\n<p>Teilnahmevoraussetzung f\u00fcr die Pr\u00fcfung ist eine Ausbildungszeit von 145 Stunden. Die Ausbildung findet im Zeitraum von Oktober bis April an jedem zweiten Samstag statt und endet mit einer dreiteiligen Pr\u00fcfung.<\/p>\n<p>Teil 1 ist ein schriftlicher Multiple Choice Fragebogen. Im zweiten Teil\u00c2\u00a0\u00c2\u00a0sind sieben praktische Stationen zu bew\u00e4ltigen.\u00c2\u00a0Darunter fallen beispielsweise der Umgang mit der Kettens\u00e4ge, Aufbau von Beleuchtung, Abl\u00f6schen einer brennenden Person, Arbeiten mit dem hydraulischem Ger\u00e4t, Anheben und Bewegen von Lasten, sowie das Aufstellen und Sichern von Leitern. Teil 3 ist eine so genannte Teampr\u00fcfung,\u00c2\u00a0bei der\u00c2\u00a0vier Pr\u00fcflinge zusammen eine Aufgabe erf\u00fcllen m\u00fcssen. Dabei wird jeder einzeln bewertet.<\/p>\n<p>Das THW Fulda nutzte den Samstag als Informationsveranstaltung und zeigte den G\u00e4sten\u00c2\u00a0die verschiedenen Aufgaben des THW und erl\u00e4uterte das Prinzip der Ausbildung im THW.<\/p>\n","protected":false},"excerpt":{"rendered":"<div class=\"tmnf_excerpt\"><p>Sch\u00f6nes aus Fulda. Am vergangenen Samstag\u00c2\u00a0fand auf dem Gel\u00e4nde des THW Ortsverbandes Fulda die diesj\u00e4hrige Abschlusspr\u00fcfung der Basisausbildung I statt. 34 Helferanw\u00e4rterinnen und Helferanw\u00e4rter der THW-Ortsverb\u00e4nde H\u00fcnfeld, Fulda, Neuhof, Lauterbach, Alsfeld, Bad Orb, W\u00e4chtersbach, Erlensee, Gelnhausen und Steinau\/Stra\u00dfe\u00c2\u00a0stellten ihre erlernten Kenntnisse und F\u00e4higkeiten unter den Augen\u00c2\u00a0der Pr\u00fcfer an verschiedenen Stationen unter Beweis. Fotos (6): Erwin &hellip;<\/p>\n<\/div>","protected":false},"author":1,"featured_media":0,"comment_status":"closed","ping_status":"closed","sticky":false,"template":"","format":"standard","meta":{"footnotes":""},"categories":[1],"tags":[],"class_list":["post-2915","post","type-post","status-publish","format-standard","hentry","category-startseite"],"_links":{"self":[{"href":"https:\/\/www.fuldaernachrichten.de\/index.php?rest_route=\/wp\/v2\/posts\/2915","targetHints":{"allow":["GET"]}}],"collection":[{"href":"https:\/\/www.fuldaernachrichten.de\/index.php?rest_route=\/wp\/v2\/posts"}],"about":[{"href":"https:\/\/www.fuldaernachrichten.de\/index.php?rest_route=\/wp\/v2\/types\/post"}],"author":[{"embeddable":true,"href":"https:\/\/www.fuldaernachrichten.de\/index.php?rest_route=\/wp\/v2\/users\/1"}],"replies":[{"embeddable":true,"href":"https:\/\/www.fuldaernachrichten.de\/index.php?rest_route=%2Fwp%2Fv2%2Fcomments&post=2915"}],"version-history":[{"count":0,"href":"https:\/\/www.fuldaernachrichten.de\/index.php?rest_route=\/wp\/v2\/posts\/2915\/revisions"}],"wp:attachment":[{"href":"https:\/\/www.fuldaernachrichten.de\/index.php?rest_route=%2Fwp%2Fv2%2Fmedia&parent=2915"}],"wp:term":[{"taxonomy":"category","embeddable":true,"href":"https:\/\/www.fuldaernachrichten.de\/index.php?rest_route=%2Fwp%2Fv2%2Fcategories&post=2915"},{"taxonomy":"post_tag","embeddable":true,"href":"https:\/\/www.fuldaernachrichten.de\/index.php?rest_route=%2Fwp%2Fv2%2Ftags&post=2915"}],"curies":[{"name":"wp","href":"https:\/\/api.w.org\/{rel}","templated":true}]}}