{"id":2910,"date":"2007-05-02T16:50:07","date_gmt":"2007-05-02T14:50:07","guid":{"rendered":"http:\/\/www.schoene-nachrichten.de\/?p=2910"},"modified":"2007-05-06T22:44:22","modified_gmt":"2007-05-06T20:44:22","slug":"klaeranlage-marbach-geht-am-7-5-in-betrieb-tag-der-offenen-tuer","status":"publish","type":"post","link":"https:\/\/www.fuldaernachrichten.de\/?p=2910","title":{"rendered":"Kl\u00e4ranlage Marbach geht am 7. 5. in Betrieb &#8211; Tag der offenen T\u00fcr"},"content":{"rendered":"<p><strong><a rel=\"lightbox[roadtrip]\" target=\"_blank\" href=\"http:\/\/www.schoene-nachrichten.de\/wp-content\/uploads\/2007\/05\/070502_marbach.jpg\" title=\"070502_marbach.jpg\"><img decoding=\"async\" align=\"left\" hspace=\"5\" src=\"http:\/\/www.schoene-nachrichten.de\/wp-content\/uploads\/2007\/05\/070502_marbach.thumbnail.jpg\" alt=\"070502_marbach.jpg\" \/><\/a>Sch\u00f6nes aus Petersberg.<\/strong> Der Abwasserverband Fulda beendet am Montag, 7. Mai 2007, mit der feierlichen und offiziellen Inbetriebnahme der erweiterten Kl\u00e4ranlage Marbach eines seiner aktuell gr\u00f6\u00dften Bauprojekte. Staatsminister Dietzel wird um 12:00 Uhr in der Kl\u00e4ranlage Marbach erwartet, um mit der Verbandsvorsitzenden des Abwasserverbandes Fulda, Stadtbaur\u00e4tin Cornelia Zuschke, die erweiterte Kl\u00e4ranlage in Betrieb zu nehmen.<!--more--><\/p>\n<p>Der Abwasserverband Fulda bietet im Anschluss der interessierten \u00d6ffentlichkeit bis 19:00 Uhr die M\u00f6glichkeit, die Kl\u00e4ranlage zu besichtigen. Ein Shuttle-Dienst wird die Besucher vom \u00f6ffentlichen Parkplatz Haunesee zur Kl\u00e4ranlage und wieder zur\u00fcck bringen!<\/p>\n<p>Seit dem offiziellen Spatenstich am 31. August 2004 wurde, von der \u00d6ffentlichkeit fast unbemerkt und unter Aufrechterhaltung des Kl\u00e4rbetriebes, die Kapazit\u00e4t der Anlage nahezu vervierfacht. Der Neubau von zwei Belebungsbecken (Nutzvolumen jeweils 2.000 cbm) und einem Nachkl\u00e4rbecken mit 1.900 cbm Nutzvolumen, die Erweiterung der Schlammbehandlung und die Erneuerung der mechanischen Reinigungsstufe waren neben der kompletten Erneuerung der Elektrotechnik zentrale Punkte des Ausbaukonzeptes.<\/p>\n<p>Die umfangreichen Bauarbeiten wurden erforderlich, um eine zentrale Abwasserbehandlung in der Kl\u00e4ranlage Marbach vorzunehmen. Die Abw\u00e4sser aus den Einzugsgebieten der Teichkl\u00e4ranlagen Margretenhaun und Wissels werden noch dieses Jahr der Kl\u00e4ranlage Marbach zur zentralen Behandlung nach dem Stand der Technik weitergeleitet. Diese wirtschaftlich und \u00f6kologisch g\u00fcnstige L\u00f6sung zeichnete sich nach umfangreichen Voruntersuchungen ab.<\/p>\n<p>Die zun\u00e4chst veranschlagten Kosten in H\u00f6he von 5,7 Mio. \u00e2\u201a\u00ac sind nach Angebande des Abwasserverbandes durch Optimierungen (und g\u00fcnstige Baupreise) auf schlie\u00dflich 4,7 Mio. \u00e2\u201a\u00ac reduziert worden. Dar\u00fcber hinaus gabe es einen Zuschuss des Landes Hessen in H\u00f6he von ca. 2,27 Mio. \u00e2\u201a\u00ac.<\/p>\n","protected":false},"excerpt":{"rendered":"<div class=\"tmnf_excerpt\"><p>Sch\u00f6nes aus Petersberg. Der Abwasserverband Fulda beendet am Montag, 7. Mai 2007, mit der feierlichen und offiziellen Inbetriebnahme der erweiterten Kl\u00e4ranlage Marbach eines seiner aktuell gr\u00f6\u00dften Bauprojekte. Staatsminister Dietzel wird um 12:00 Uhr in der Kl\u00e4ranlage Marbach erwartet, um mit der Verbandsvorsitzenden des Abwasserverbandes Fulda, Stadtbaur\u00e4tin Cornelia Zuschke, die erweiterte Kl\u00e4ranlage in Betrieb zu nehmen.<\/p>\n<\/div>","protected":false},"author":1,"featured_media":0,"comment_status":"closed","ping_status":"closed","sticky":false,"template":"","format":"standard","meta":{"footnotes":""},"categories":[1,52],"tags":[],"class_list":["post-2910","post","type-post","status-publish","format-standard","hentry","category-startseite","category-umwelt"],"_links":{"self":[{"href":"https:\/\/www.fuldaernachrichten.de\/index.php?rest_route=\/wp\/v2\/posts\/2910","targetHints":{"allow":["GET"]}}],"collection":[{"href":"https:\/\/www.fuldaernachrichten.de\/index.php?rest_route=\/wp\/v2\/posts"}],"about":[{"href":"https:\/\/www.fuldaernachrichten.de\/index.php?rest_route=\/wp\/v2\/types\/post"}],"author":[{"embeddable":true,"href":"https:\/\/www.fuldaernachrichten.de\/index.php?rest_route=\/wp\/v2\/users\/1"}],"replies":[{"embeddable":true,"href":"https:\/\/www.fuldaernachrichten.de\/index.php?rest_route=%2Fwp%2Fv2%2Fcomments&post=2910"}],"version-history":[{"count":0,"href":"https:\/\/www.fuldaernachrichten.de\/index.php?rest_route=\/wp\/v2\/posts\/2910\/revisions"}],"wp:attachment":[{"href":"https:\/\/www.fuldaernachrichten.de\/index.php?rest_route=%2Fwp%2Fv2%2Fmedia&parent=2910"}],"wp:term":[{"taxonomy":"category","embeddable":true,"href":"https:\/\/www.fuldaernachrichten.de\/index.php?rest_route=%2Fwp%2Fv2%2Fcategories&post=2910"},{"taxonomy":"post_tag","embeddable":true,"href":"https:\/\/www.fuldaernachrichten.de\/index.php?rest_route=%2Fwp%2Fv2%2Ftags&post=2910"}],"curies":[{"name":"wp","href":"https:\/\/api.w.org\/{rel}","templated":true}]}}