{"id":29069,"date":"2009-05-14T05:33:17","date_gmt":"2009-05-14T03:33:17","guid":{"rendered":"http:\/\/www.schoene-nachrichten.de\/?p=29069"},"modified":"2009-05-15T08:08:47","modified_gmt":"2009-05-15T06:08:47","slug":"175-jahre-barmherzige-schwestern-in-fulda-schwesterntag-und-begegnung-am-ursprung","status":"publish","type":"post","link":"https:\/\/www.fuldaernachrichten.de\/?p=29069","title":{"rendered":"175 Jahre Barmherzige Schwestern in Fulda &#8211; Schwesterntag und Begegnung am Ursprung"},"content":{"rendered":"<p><a href=\"http:\/\/www.schoene-nachrichten.de\/wp-content\/uploads\/2009\/05\/cid_e04f5f76-b05a-4175-902.jpg\"><img decoding=\"async\" class=\"alignnone size-thumbnail wp-image-29078\" title=\"cid_e04f5f76-b05a-4175-902\" src=\"http:\/\/www.schoene-nachrichten.de\/wp-content\/uploads\/2009\/05\/cid_e04f5f76-b05a-4175-902.jpg\" alt=\"cid_e04f5f76-b05a-4175-902\" width=\"560\" srcset=\"https:\/\/www.fuldaernachrichten.de\/wp-content\/uploads\/2009\/05\/cid_e04f5f76-b05a-4175-902.jpg 800w, https:\/\/www.fuldaernachrichten.de\/wp-content\/uploads\/2009\/05\/cid_e04f5f76-b05a-4175-902-265x198.jpg 265w\" sizes=\"(max-width: 800px) 100vw, 800px\" \/><\/a><\/p>\n<p><strong>Fulda. <\/strong>Anl\u00e4sslich ihres 175-j\u00e4hrigen Ordensjubil\u00e4ums hatten die Barmherzigen Schwestern in Fulda alle Schwestern, Mitarbeiterinnen und Mitarbeiter sowie Freunde der Gemeinschaft zu einer \u201eBegegnung am Ursprung\u201c, n\u00e4mlich der ersten Wirkungsst\u00e4tte der Barmherzigen Schwestern in Fulda, dem ehemaligen Landkrankenhaus, an dem heute die Musikschule der Stadt Fulda ihr Domizil hat, eingeladen.<!--more--><\/p>\n<p><strong>Festgottesdienst am Morgen<\/strong><\/p>\n<p>Im Rahmen eines Schwesterntages wurden die Feierlichkeiten mit einem Festgottesdienst am Morgen in der Stadtparrkirche St. Blasius er\u00f6ffnet, an dem fast 100 Schwestern teilnahmen. Superior Dr. Winfried Kurzschenkel zelebrierte den Gottesdienst zusammen mit Diakon Brachtl aus Hanau. Musikalisch wurde die Messe erstmalig durch den eigens zum Jubil\u00e4um gegr\u00fcndeten Mitarbeiter-Chor sowie einer Bl\u00e4sergruppe, dem Vinzenz-Quintett, begleitet, das bereits bei der Er\u00f6ffnung der Jubil\u00e4ums-Ausstellung im M\u00e4rz in der Sparkasse Fulda aufgetreten war.<\/p>\n<p>Am Nachmittag versammelten sich dann Schwestern und Mitarbeiter der Einrichtungen zu einer gemeinsamen Statio an der Heilig-Geist-Kirche in der Gambettagasse, an der Superior Kurzschenkel einen geschichtlichen Impuls \u00fcber den Dienst der ersten Schwestern im damaligen Heilig-Geist-Hospital vermitteln konnte. Empfangen wurde die Gruppe vom Heimleiter des Seniorenzentrums Heilig Geist, Gerhard Dehler, der \u00fcber den Besuch sehr erfreut war und sich gleichzeitig f\u00fcr den Dienst der Schwestern aus dem Mutterhaus in seiner Einrichtung bedankte.<\/p>\n<p><strong>Ort des Ursprungs<\/strong><\/p>\n<p>Im Anschluss begab sich die Gruppe auf den Weg zur Musikschule in der Buseckstra\u00dfe, dem \u201eOrt des Ursprungs.\u201c Im Bereich der ehemaligen Krankenhauskapelle feierten Schwestern und Mitarbeiter unter freiem Himmel gemeinsam einen \u00f6kumenischen Wortgottesdienst, der von Pfarrerin Petra Hegmann und Stadtpfarrer Winfried Reith gehalten wurde. Nach der Begr\u00fc\u00dfung der Festgemeinde durch Generaloberin Schwester Maria Rosalia zeichnete Sr. Dominika Kr\u00f6nung einige wichtige und interessante Ereignisse zur historischen Gr\u00fcndung des damaligen Landkrankenhauses und zum ersten Einsatz der Barmherzigen Schwestern im vinzentinischen Dienst nach.<\/p>\n<p>Auch an diesem geschichtstr\u00e4chtigen Ort durfte die musikalische Gestaltung durch den Jubil\u00e4umschor unter der Leitung von Michael Junk und durch das Vinzenz-Quintett unter Leitung von Oliver Krah nicht fehlen.<\/p>\n<p>Nach dem Gottesdienst bot sich f\u00fcr alle Teilnehmer die M\u00f6glichkeit, bei zahlreichen pers\u00f6nlichen Begegnungen und frohem Beisammensein eine kleine St\u00e4rkung zu sich zu nehmen und den extra von der Mutterhaus-K\u00fcche gebackenen \u201eEls\u00e4ssischen Gugelhupf\u201c zu kosten.<\/p>\n<p><strong>Bilder (20): <\/strong>Christian Most<\/p>\n\n\t\t<style type=\"text\/css\">\n\t\t\t#gallery-1 {\n\t\t\t\tmargin: auto;\n\t\t\t}\n\t\t\t#gallery-1 .gallery-item {\n\t\t\t\tfloat: left;\n\t\t\t\tmargin-top: 10px;\n\t\t\t\ttext-align: center;\n\t\t\t\twidth: 50%;\n\t\t\t}\n\t\t\t#gallery-1 img {\n\t\t\t\tborder: 2px solid #cfcfcf;\n\t\t\t}\n\t\t\t#gallery-1 .gallery-caption {\n\t\t\t\tmargin-left: 0;\n\t\t\t}\n\t\t\t\/* see gallery_shortcode() in wp-includes\/media.php *\/\n\t\t<\/style>\n\t\t<div id='gallery-1' class='gallery galleryid-29069 gallery-columns-2 gallery-size-thumbnail'><dl class='gallery-item'>\n\t\t\t<dt class='gallery-icon landscape'>\n\t\t\t\t<a href='https:\/\/www.fuldaernachrichten.de\/wp-content\/uploads\/2009\/05\/cid_4ba06788-570f-4169-bf6.jpg'><img decoding=\"async\" width=\"150\" height=\"112\" src=\"https:\/\/www.fuldaernachrichten.de\/wp-content\/uploads\/2009\/05\/cid_4ba06788-570f-4169-bf6-265x198.jpg\" class=\"attachment-thumbnail size-thumbnail\" alt=\"\" srcset=\"https:\/\/www.fuldaernachrichten.de\/wp-content\/uploads\/2009\/05\/cid_4ba06788-570f-4169-bf6-265x198.jpg 265w, https:\/\/www.fuldaernachrichten.de\/wp-content\/uploads\/2009\/05\/cid_4ba06788-570f-4169-bf6.jpg 800w\" sizes=\"(max-width: 150px) 100vw, 150px\" \/><\/a>\n\t\t\t<\/dt><\/dl><dl class='gallery-item'>\n\t\t\t<dt class='gallery-icon landscape'>\n\t\t\t\t<a href='https:\/\/www.fuldaernachrichten.de\/wp-content\/uploads\/2009\/05\/cid_a5b8fe8c-7d4f-4fc2-8cd.jpg'><img decoding=\"async\" width=\"150\" height=\"112\" src=\"https:\/\/www.fuldaernachrichten.de\/wp-content\/uploads\/2009\/05\/cid_a5b8fe8c-7d4f-4fc2-8cd-265x198.jpg\" class=\"attachment-thumbnail size-thumbnail\" alt=\"\" srcset=\"https:\/\/www.fuldaernachrichten.de\/wp-content\/uploads\/2009\/05\/cid_a5b8fe8c-7d4f-4fc2-8cd-265x198.jpg 265w, https:\/\/www.fuldaernachrichten.de\/wp-content\/uploads\/2009\/05\/cid_a5b8fe8c-7d4f-4fc2-8cd.jpg 800w\" sizes=\"(max-width: 150px) 100vw, 150px\" \/><\/a>\n\t\t\t<\/dt><\/dl><br style=\"clear: both\" \/><dl class='gallery-item'>\n\t\t\t<dt class='gallery-icon portrait'>\n\t\t\t\t<a href='https:\/\/www.fuldaernachrichten.de\/wp-content\/uploads\/2009\/05\/cid_a420cc07-dac3-41f7-84b.jpg'><img decoding=\"async\" width=\"113\" height=\"150\" src=\"https:\/\/www.fuldaernachrichten.de\/wp-content\/uploads\/2009\/05\/cid_a420cc07-dac3-41f7-84b-265x353.jpg\" class=\"attachment-thumbnail size-thumbnail\" alt=\"\" srcset=\"https:\/\/www.fuldaernachrichten.de\/wp-content\/uploads\/2009\/05\/cid_a420cc07-dac3-41f7-84b-265x353.jpg 265w, https:\/\/www.fuldaernachrichten.de\/wp-content\/uploads\/2009\/05\/cid_a420cc07-dac3-41f7-84b.jpg 450w\" sizes=\"(max-width: 113px) 100vw, 113px\" \/><\/a>\n\t\t\t<\/dt><\/dl><dl class='gallery-item'>\n\t\t\t<dt class='gallery-icon landscape'>\n\t\t\t\t<a href='https:\/\/www.fuldaernachrichten.de\/wp-content\/uploads\/2009\/05\/cid_b8ba0f10-7865-4667-a2a.jpg'><img loading=\"lazy\" decoding=\"async\" width=\"150\" height=\"112\" src=\"https:\/\/www.fuldaernachrichten.de\/wp-content\/uploads\/2009\/05\/cid_b8ba0f10-7865-4667-a2a-265x198.jpg\" class=\"attachment-thumbnail size-thumbnail\" alt=\"\" srcset=\"https:\/\/www.fuldaernachrichten.de\/wp-content\/uploads\/2009\/05\/cid_b8ba0f10-7865-4667-a2a-265x198.jpg 265w, https:\/\/www.fuldaernachrichten.de\/wp-content\/uploads\/2009\/05\/cid_b8ba0f10-7865-4667-a2a.jpg 800w\" sizes=\"(max-width: 150px) 100vw, 150px\" \/><\/a>\n\t\t\t<\/dt><\/dl><br style=\"clear: both\" \/><dl class='gallery-item'>\n\t\t\t<dt class='gallery-icon landscape'>\n\t\t\t\t<a href='https:\/\/www.fuldaernachrichten.de\/wp-content\/uploads\/2009\/05\/cid_dd5c29d8-8502-40fa-b2a.jpg'><img loading=\"lazy\" decoding=\"async\" width=\"150\" height=\"112\" src=\"https:\/\/www.fuldaernachrichten.de\/wp-content\/uploads\/2009\/05\/cid_dd5c29d8-8502-40fa-b2a-265x198.jpg\" class=\"attachment-thumbnail size-thumbnail\" alt=\"\" srcset=\"https:\/\/www.fuldaernachrichten.de\/wp-content\/uploads\/2009\/05\/cid_dd5c29d8-8502-40fa-b2a-265x198.jpg 265w, https:\/\/www.fuldaernachrichten.de\/wp-content\/uploads\/2009\/05\/cid_dd5c29d8-8502-40fa-b2a.jpg 800w\" sizes=\"(max-width: 150px) 100vw, 150px\" \/><\/a>\n\t\t\t<\/dt><\/dl><dl class='gallery-item'>\n\t\t\t<dt class='gallery-icon landscape'>\n\t\t\t\t<a href='https:\/\/www.fuldaernachrichten.de\/wp-content\/uploads\/2009\/05\/cid_e04f5f76-b05a-4175-902.jpg'><img loading=\"lazy\" decoding=\"async\" width=\"150\" height=\"112\" src=\"https:\/\/www.fuldaernachrichten.de\/wp-content\/uploads\/2009\/05\/cid_e04f5f76-b05a-4175-902-265x198.jpg\" class=\"attachment-thumbnail size-thumbnail\" alt=\"\" srcset=\"https:\/\/www.fuldaernachrichten.de\/wp-content\/uploads\/2009\/05\/cid_e04f5f76-b05a-4175-902-265x198.jpg 265w, https:\/\/www.fuldaernachrichten.de\/wp-content\/uploads\/2009\/05\/cid_e04f5f76-b05a-4175-902.jpg 800w\" sizes=\"(max-width: 150px) 100vw, 150px\" \/><\/a>\n\t\t\t<\/dt><\/dl><br style=\"clear: both\" \/><dl class='gallery-item'>\n\t\t\t<dt class='gallery-icon landscape'>\n\t\t\t\t<a href='https:\/\/www.fuldaernachrichten.de\/wp-content\/uploads\/2009\/05\/cid_fdb7b036-811c-4af7-ae7.jpg'><img loading=\"lazy\" decoding=\"async\" width=\"150\" height=\"112\" src=\"https:\/\/www.fuldaernachrichten.de\/wp-content\/uploads\/2009\/05\/cid_fdb7b036-811c-4af7-ae7-265x198.jpg\" class=\"attachment-thumbnail size-thumbnail\" alt=\"\" srcset=\"https:\/\/www.fuldaernachrichten.de\/wp-content\/uploads\/2009\/05\/cid_fdb7b036-811c-4af7-ae7-265x198.jpg 265w, https:\/\/www.fuldaernachrichten.de\/wp-content\/uploads\/2009\/05\/cid_fdb7b036-811c-4af7-ae7.jpg 800w\" sizes=\"(max-width: 150px) 100vw, 150px\" \/><\/a>\n\t\t\t<\/dt><\/dl><dl class='gallery-item'>\n\t\t\t<dt class='gallery-icon landscape'>\n\t\t\t\t<a href='https:\/\/www.fuldaernachrichten.de\/wp-content\/uploads\/2009\/05\/cid_ff14e2ac-ad08-4fa4-8d1.jpg'><img loading=\"lazy\" decoding=\"async\" width=\"150\" height=\"112\" src=\"https:\/\/www.fuldaernachrichten.de\/wp-content\/uploads\/2009\/05\/cid_ff14e2ac-ad08-4fa4-8d1-265x198.jpg\" class=\"attachment-thumbnail size-thumbnail\" alt=\"\" srcset=\"https:\/\/www.fuldaernachrichten.de\/wp-content\/uploads\/2009\/05\/cid_ff14e2ac-ad08-4fa4-8d1-265x198.jpg 265w, https:\/\/www.fuldaernachrichten.de\/wp-content\/uploads\/2009\/05\/cid_ff14e2ac-ad08-4fa4-8d1.jpg 800w\" sizes=\"(max-width: 150px) 100vw, 150px\" \/><\/a>\n\t\t\t<\/dt><\/dl><br style=\"clear: both\" \/><dl class='gallery-item'>\n\t\t\t<dt class='gallery-icon landscape'>\n\t\t\t\t<a href='https:\/\/www.fuldaernachrichten.de\/wp-content\/uploads\/2009\/05\/cid_6cdf530f-f8b7-41b3-ab0.jpg'><img loading=\"lazy\" decoding=\"async\" width=\"150\" height=\"112\" src=\"https:\/\/www.fuldaernachrichten.de\/wp-content\/uploads\/2009\/05\/cid_6cdf530f-f8b7-41b3-ab0-265x198.jpg\" class=\"attachment-thumbnail size-thumbnail\" alt=\"\" srcset=\"https:\/\/www.fuldaernachrichten.de\/wp-content\/uploads\/2009\/05\/cid_6cdf530f-f8b7-41b3-ab0-265x198.jpg 265w, https:\/\/www.fuldaernachrichten.de\/wp-content\/uploads\/2009\/05\/cid_6cdf530f-f8b7-41b3-ab0.jpg 800w\" sizes=\"(max-width: 150px) 100vw, 150px\" \/><\/a>\n\t\t\t<\/dt><\/dl><dl class='gallery-item'>\n\t\t\t<dt class='gallery-icon landscape'>\n\t\t\t\t<a href='https:\/\/www.fuldaernachrichten.de\/wp-content\/uploads\/2009\/05\/cid_8fd9e062-ff39-4775-8fe.jpg'><img loading=\"lazy\" decoding=\"async\" width=\"150\" height=\"112\" src=\"https:\/\/www.fuldaernachrichten.de\/wp-content\/uploads\/2009\/05\/cid_8fd9e062-ff39-4775-8fe-265x198.jpg\" class=\"attachment-thumbnail size-thumbnail\" alt=\"\" srcset=\"https:\/\/www.fuldaernachrichten.de\/wp-content\/uploads\/2009\/05\/cid_8fd9e062-ff39-4775-8fe-265x198.jpg 265w, https:\/\/www.fuldaernachrichten.de\/wp-content\/uploads\/2009\/05\/cid_8fd9e062-ff39-4775-8fe.jpg 800w\" sizes=\"(max-width: 150px) 100vw, 150px\" \/><\/a>\n\t\t\t<\/dt><\/dl><br style=\"clear: both\" \/><dl class='gallery-item'>\n\t\t\t<dt class='gallery-icon landscape'>\n\t\t\t\t<a href='https:\/\/www.fuldaernachrichten.de\/wp-content\/uploads\/2009\/05\/cid_53f32f3f-da08-43b6-b1c.jpg'><img loading=\"lazy\" decoding=\"async\" width=\"150\" height=\"112\" src=\"https:\/\/www.fuldaernachrichten.de\/wp-content\/uploads\/2009\/05\/cid_53f32f3f-da08-43b6-b1c-265x198.jpg\" class=\"attachment-thumbnail size-thumbnail\" alt=\"\" srcset=\"https:\/\/www.fuldaernachrichten.de\/wp-content\/uploads\/2009\/05\/cid_53f32f3f-da08-43b6-b1c-265x198.jpg 265w, https:\/\/www.fuldaernachrichten.de\/wp-content\/uploads\/2009\/05\/cid_53f32f3f-da08-43b6-b1c.jpg 800w\" sizes=\"(max-width: 150px) 100vw, 150px\" \/><\/a>\n\t\t\t<\/dt><\/dl><dl class='gallery-item'>\n\t\t\t<dt class='gallery-icon landscape'>\n\t\t\t\t<a href='https:\/\/www.fuldaernachrichten.de\/wp-content\/uploads\/2009\/05\/cid_71d17264-64de-4ba6-936.jpg'><img loading=\"lazy\" decoding=\"async\" width=\"150\" height=\"112\" src=\"https:\/\/www.fuldaernachrichten.de\/wp-content\/uploads\/2009\/05\/cid_71d17264-64de-4ba6-936-265x198.jpg\" class=\"attachment-thumbnail size-thumbnail\" alt=\"\" srcset=\"https:\/\/www.fuldaernachrichten.de\/wp-content\/uploads\/2009\/05\/cid_71d17264-64de-4ba6-936-265x198.jpg 265w, https:\/\/www.fuldaernachrichten.de\/wp-content\/uploads\/2009\/05\/cid_71d17264-64de-4ba6-936.jpg 800w\" sizes=\"(max-width: 150px) 100vw, 150px\" \/><\/a>\n\t\t\t<\/dt><\/dl><br style=\"clear: both\" \/><dl class='gallery-item'>\n\t\t\t<dt class='gallery-icon landscape'>\n\t\t\t\t<a href='https:\/\/www.fuldaernachrichten.de\/wp-content\/uploads\/2009\/05\/cid_73bac3dc-5b48-4bf1-a7a.jpg'><img loading=\"lazy\" decoding=\"async\" width=\"150\" height=\"112\" src=\"https:\/\/www.fuldaernachrichten.de\/wp-content\/uploads\/2009\/05\/cid_73bac3dc-5b48-4bf1-a7a-265x198.jpg\" class=\"attachment-thumbnail size-thumbnail\" alt=\"\" srcset=\"https:\/\/www.fuldaernachrichten.de\/wp-content\/uploads\/2009\/05\/cid_73bac3dc-5b48-4bf1-a7a-265x198.jpg 265w, https:\/\/www.fuldaernachrichten.de\/wp-content\/uploads\/2009\/05\/cid_73bac3dc-5b48-4bf1-a7a.jpg 800w\" sizes=\"(max-width: 150px) 100vw, 150px\" \/><\/a>\n\t\t\t<\/dt><\/dl><dl class='gallery-item'>\n\t\t\t<dt class='gallery-icon landscape'>\n\t\t\t\t<a href='https:\/\/www.fuldaernachrichten.de\/wp-content\/uploads\/2009\/05\/cid_82db9e6c-8885-4ad2-86b.jpg'><img loading=\"lazy\" decoding=\"async\" width=\"150\" height=\"112\" src=\"https:\/\/www.fuldaernachrichten.de\/wp-content\/uploads\/2009\/05\/cid_82db9e6c-8885-4ad2-86b-265x198.jpg\" class=\"attachment-thumbnail size-thumbnail\" alt=\"\" srcset=\"https:\/\/www.fuldaernachrichten.de\/wp-content\/uploads\/2009\/05\/cid_82db9e6c-8885-4ad2-86b-265x198.jpg 265w, https:\/\/www.fuldaernachrichten.de\/wp-content\/uploads\/2009\/05\/cid_82db9e6c-8885-4ad2-86b.jpg 800w\" sizes=\"(max-width: 150px) 100vw, 150px\" \/><\/a>\n\t\t\t<\/dt><\/dl><br style=\"clear: both\" \/><dl class='gallery-item'>\n\t\t\t<dt class='gallery-icon landscape'>\n\t\t\t\t<a href='https:\/\/www.fuldaernachrichten.de\/wp-content\/uploads\/2009\/05\/cid_86ed545a-befe-4ca3-b66.jpg'><img loading=\"lazy\" decoding=\"async\" width=\"150\" height=\"112\" src=\"https:\/\/www.fuldaernachrichten.de\/wp-content\/uploads\/2009\/05\/cid_86ed545a-befe-4ca3-b66-265x198.jpg\" class=\"attachment-thumbnail size-thumbnail\" alt=\"\" srcset=\"https:\/\/www.fuldaernachrichten.de\/wp-content\/uploads\/2009\/05\/cid_86ed545a-befe-4ca3-b66-265x198.jpg 265w, https:\/\/www.fuldaernachrichten.de\/wp-content\/uploads\/2009\/05\/cid_86ed545a-befe-4ca3-b66.jpg 800w\" sizes=\"(max-width: 150px) 100vw, 150px\" \/><\/a>\n\t\t\t<\/dt><\/dl><dl class='gallery-item'>\n\t\t\t<dt class='gallery-icon landscape'>\n\t\t\t\t<a href='https:\/\/www.fuldaernachrichten.de\/wp-content\/uploads\/2009\/05\/cid_580a14d8-478f-406d-9d9.jpg'><img loading=\"lazy\" decoding=\"async\" width=\"150\" height=\"112\" src=\"https:\/\/www.fuldaernachrichten.de\/wp-content\/uploads\/2009\/05\/cid_580a14d8-478f-406d-9d9-265x198.jpg\" class=\"attachment-thumbnail size-thumbnail\" alt=\"\" srcset=\"https:\/\/www.fuldaernachrichten.de\/wp-content\/uploads\/2009\/05\/cid_580a14d8-478f-406d-9d9-265x198.jpg 265w, https:\/\/www.fuldaernachrichten.de\/wp-content\/uploads\/2009\/05\/cid_580a14d8-478f-406d-9d9.jpg 800w\" sizes=\"(max-width: 150px) 100vw, 150px\" \/><\/a>\n\t\t\t<\/dt><\/dl><br style=\"clear: both\" \/><dl class='gallery-item'>\n\t\t\t<dt class='gallery-icon landscape'>\n\t\t\t\t<a href='https:\/\/www.fuldaernachrichten.de\/wp-content\/uploads\/2009\/05\/cid_736a1ff3-6494-4696-b20.jpg'><img loading=\"lazy\" decoding=\"async\" width=\"150\" height=\"112\" src=\"https:\/\/www.fuldaernachrichten.de\/wp-content\/uploads\/2009\/05\/cid_736a1ff3-6494-4696-b20-265x198.jpg\" class=\"attachment-thumbnail size-thumbnail\" alt=\"\" srcset=\"https:\/\/www.fuldaernachrichten.de\/wp-content\/uploads\/2009\/05\/cid_736a1ff3-6494-4696-b20-265x198.jpg 265w, https:\/\/www.fuldaernachrichten.de\/wp-content\/uploads\/2009\/05\/cid_736a1ff3-6494-4696-b20.jpg 800w\" sizes=\"(max-width: 150px) 100vw, 150px\" \/><\/a>\n\t\t\t<\/dt><\/dl><dl class='gallery-item'>\n\t\t\t<dt class='gallery-icon landscape'>\n\t\t\t\t<a href='https:\/\/www.fuldaernachrichten.de\/wp-content\/uploads\/2009\/05\/cid_8492cce7-40fc-469f-a47.jpg'><img loading=\"lazy\" decoding=\"async\" width=\"150\" height=\"112\" src=\"https:\/\/www.fuldaernachrichten.de\/wp-content\/uploads\/2009\/05\/cid_8492cce7-40fc-469f-a47-265x198.jpg\" class=\"attachment-thumbnail size-thumbnail\" alt=\"\" srcset=\"https:\/\/www.fuldaernachrichten.de\/wp-content\/uploads\/2009\/05\/cid_8492cce7-40fc-469f-a47-265x198.jpg 265w, https:\/\/www.fuldaernachrichten.de\/wp-content\/uploads\/2009\/05\/cid_8492cce7-40fc-469f-a47.jpg 800w\" sizes=\"(max-width: 150px) 100vw, 150px\" \/><\/a>\n\t\t\t<\/dt><\/dl><br style=\"clear: both\" \/><dl class='gallery-item'>\n\t\t\t<dt class='gallery-icon landscape'>\n\t\t\t\t<a href='https:\/\/www.fuldaernachrichten.de\/wp-content\/uploads\/2009\/05\/cid_78981b0e-c659-4d4e-b29.jpg'><img loading=\"lazy\" decoding=\"async\" width=\"150\" height=\"112\" src=\"https:\/\/www.fuldaernachrichten.de\/wp-content\/uploads\/2009\/05\/cid_78981b0e-c659-4d4e-b29-265x198.jpg\" class=\"attachment-thumbnail size-thumbnail\" alt=\"\" srcset=\"https:\/\/www.fuldaernachrichten.de\/wp-content\/uploads\/2009\/05\/cid_78981b0e-c659-4d4e-b29-265x198.jpg 265w, https:\/\/www.fuldaernachrichten.de\/wp-content\/uploads\/2009\/05\/cid_78981b0e-c659-4d4e-b29.jpg 800w\" sizes=\"(max-width: 150px) 100vw, 150px\" \/><\/a>\n\t\t\t<\/dt><\/dl><dl class='gallery-item'>\n\t\t\t<dt class='gallery-icon landscape'>\n\t\t\t\t<a href='https:\/\/www.fuldaernachrichten.de\/wp-content\/uploads\/2009\/05\/cid_96627e82-d57d-4466-b91.jpg'><img loading=\"lazy\" decoding=\"async\" width=\"150\" height=\"112\" src=\"https:\/\/www.fuldaernachrichten.de\/wp-content\/uploads\/2009\/05\/cid_96627e82-d57d-4466-b91-265x198.jpg\" class=\"attachment-thumbnail size-thumbnail\" alt=\"\" srcset=\"https:\/\/www.fuldaernachrichten.de\/wp-content\/uploads\/2009\/05\/cid_96627e82-d57d-4466-b91-265x198.jpg 265w, https:\/\/www.fuldaernachrichten.de\/wp-content\/uploads\/2009\/05\/cid_96627e82-d57d-4466-b91.jpg 800w\" sizes=\"(max-width: 150px) 100vw, 150px\" \/><\/a>\n\t\t\t<\/dt><\/dl><br style=\"clear: both\" \/><dl class='gallery-item'>\n\t\t\t<dt class='gallery-icon landscape'>\n\t\t\t\t<a href='https:\/\/www.fuldaernachrichten.de\/wp-content\/uploads\/2009\/05\/cid_a2be37c2-ec99-4da0-8a5.jpg'><img loading=\"lazy\" decoding=\"async\" width=\"150\" height=\"112\" src=\"https:\/\/www.fuldaernachrichten.de\/wp-content\/uploads\/2009\/05\/cid_a2be37c2-ec99-4da0-8a5-265x198.jpg\" class=\"attachment-thumbnail size-thumbnail\" alt=\"\" srcset=\"https:\/\/www.fuldaernachrichten.de\/wp-content\/uploads\/2009\/05\/cid_a2be37c2-ec99-4da0-8a5-265x198.jpg 265w, https:\/\/www.fuldaernachrichten.de\/wp-content\/uploads\/2009\/05\/cid_a2be37c2-ec99-4da0-8a5.jpg 800w\" sizes=\"(max-width: 150px) 100vw, 150px\" \/><\/a>\n\t\t\t<\/dt><\/dl>\n\t\t\t<br style='clear: both' \/>\n\t\t<\/div>\n\n","protected":false},"excerpt":{"rendered":"<div class=\"tmnf_excerpt\"><p>Fulda. Anl\u00e4sslich ihres 175-j\u00e4hrigen Ordensjubil\u00e4ums hatten die Barmherzigen Schwestern in Fulda alle Schwestern, Mitarbeiterinnen und Mitarbeiter sowie Freunde der Gemeinschaft zu einer \u201eBegegnung am Ursprung\u201c, n\u00e4mlich der ersten Wirkungsst\u00e4tte der Barmherzigen Schwestern in Fulda, dem ehemaligen Landkrankenhaus, an dem heute die Musikschule der Stadt Fulda ihr Domizil hat, eingeladen.<\/p>\n<\/div>","protected":false},"author":1,"featured_media":0,"comment_status":"closed","ping_status":"closed","sticky":false,"template":"","format":"standard","meta":{"footnotes":""},"categories":[1,37,50,44,78],"tags":[],"class_list":["post-29069","post","type-post","status-publish","format-standard","hentry","category-startseite","category-essen-und-trinken","category-kirche","category-kultur","category-topthema"],"_links":{"self":[{"href":"https:\/\/www.fuldaernachrichten.de\/index.php?rest_route=\/wp\/v2\/posts\/29069","targetHints":{"allow":["GET"]}}],"collection":[{"href":"https:\/\/www.fuldaernachrichten.de\/index.php?rest_route=\/wp\/v2\/posts"}],"about":[{"href":"https:\/\/www.fuldaernachrichten.de\/index.php?rest_route=\/wp\/v2\/types\/post"}],"author":[{"embeddable":true,"href":"https:\/\/www.fuldaernachrichten.de\/index.php?rest_route=\/wp\/v2\/users\/1"}],"replies":[{"embeddable":true,"href":"https:\/\/www.fuldaernachrichten.de\/index.php?rest_route=%2Fwp%2Fv2%2Fcomments&post=29069"}],"version-history":[{"count":9,"href":"https:\/\/www.fuldaernachrichten.de\/index.php?rest_route=\/wp\/v2\/posts\/29069\/revisions"}],"predecessor-version":[{"id":29118,"href":"https:\/\/www.fuldaernachrichten.de\/index.php?rest_route=\/wp\/v2\/posts\/29069\/revisions\/29118"}],"wp:attachment":[{"href":"https:\/\/www.fuldaernachrichten.de\/index.php?rest_route=%2Fwp%2Fv2%2Fmedia&parent=29069"}],"wp:term":[{"taxonomy":"category","embeddable":true,"href":"https:\/\/www.fuldaernachrichten.de\/index.php?rest_route=%2Fwp%2Fv2%2Fcategories&post=29069"},{"taxonomy":"post_tag","embeddable":true,"href":"https:\/\/www.fuldaernachrichten.de\/index.php?rest_route=%2Fwp%2Fv2%2Ftags&post=29069"}],"curies":[{"name":"wp","href":"https:\/\/api.w.org\/{rel}","templated":true}]}}