{"id":2905,"date":"2007-05-02T12:54:10","date_gmt":"2007-05-02T10:54:10","guid":{"rendered":"http:\/\/www.schoene-nachrichten.de\/?p=2905"},"modified":"2007-05-02T12:54:10","modified_gmt":"2007-05-02T10:54:10","slug":"das-kitzelt-an-den-fuessen-barfusspfad-fuer-kita-sonnenschein","status":"publish","type":"post","link":"https:\/\/www.fuldaernachrichten.de\/?p=2905","title":{"rendered":"&#8220;Das kitzelt an den F\u00fc\u00dfen&#8230;&#8221; Barfu\u00dfpfad f\u00fcr Kita Sonnenschein"},"content":{"rendered":"<p><strong>Sch\u00f6nes aus Fulda.<\/strong> Leuchtende Kinderaugen und begeisterte Erzieherinnen konnten die zwei verantwortlichen Sozialp\u00e4dagoginnen Annett Kramer und Andrea Kahlh\u00f6fer vom LOS-Projekt &#8220;Lebenskunst am Aschenberg&#8221; bei der Entstehung eines Sinnespfades f\u00fcr die Kindertagesst\u00e4tte Sonnenschein am Aschenberg bestaunen.<\/p>\n<p><a rel=\"lightbox[roadtrip]\" target=\"_blank\" href=\"http:\/\/www.schoene-nachrichten.de\/wp-content\/uploads\/2007\/05\/070502_barfus3.jpg\" title=\"070502_barfus3.jpg\"><img decoding=\"async\" src=\"http:\/\/www.schoene-nachrichten.de\/wp-content\/uploads\/2007\/05\/070502_barfus3.thumbnail.jpg\" alt=\"070502_barfus3.jpg\" \/><\/a>\u00c2\u00a0<a rel=\"lightbox[roadtrip]\" target=\"_blank\" href=\"http:\/\/www.schoene-nachrichten.de\/wp-content\/uploads\/2007\/05\/070502_barfus1.jpg\" title=\"070502_barfus1.jpg\"><img decoding=\"async\" src=\"http:\/\/www.schoene-nachrichten.de\/wp-content\/uploads\/2007\/05\/070502_barfus1.thumbnail.jpg\" alt=\"070502_barfus1.jpg\" \/><\/a>\u00c2\u00a0<a rel=\"lightbox[roadtrip]\" target=\"_blank\" href=\"http:\/\/www.schoene-nachrichten.de\/wp-content\/uploads\/2007\/05\/07002_barfus2.jpg\" title=\"07002_barfus2.jpg\"><img decoding=\"async\" src=\"http:\/\/www.schoene-nachrichten.de\/wp-content\/uploads\/2007\/05\/07002_barfus2.thumbnail.jpg\" alt=\"07002_barfus2.jpg\" \/><\/a>\u00c2\u00a0<!--more--><\/p>\n<p>Durchgef\u00fchrt wurde das Projekt in Kooperation mit Teilnehmern der Jugendwerkstatt Aschenberg der Gr\u00fcmel gGmbH, die, mit dem Ziel der F\u00f6rderung der beruflichen Eingliederung,\u00c2\u00a0 in beeindruckender Geschwindigkeit den naturnahen und erlebnisorientierten Au\u00dfenbereich der Kita um eine weitere Attraktion bereicherten.<\/p>\n<p>Mit tatkr\u00e4ftiger Unterst\u00fctzung der Kleinen entstand so ein ca. 6 Meter langer Pfad aus Naturmaterialien, der die Kinder dazu einl\u00e4dt, die Natur mit allen Sinnen zu erleben. Das Projekt ist das Ergebnis eines vom Bundesministerium f\u00fcr Familie, Senioren, Frauen und Jugend (BMFSFJ) und dem Europ\u00e4ischen Sozialfond der Europ\u00e4ischen Union gef\u00f6rderten Programms, mit dem Ziel Aktionen zur F\u00f6rderung der beruflichen Eingliederung zu unterst\u00fctzen.<\/p>\n","protected":false},"excerpt":{"rendered":"<div class=\"tmnf_excerpt\"><p>Sch\u00f6nes aus Fulda. Leuchtende Kinderaugen und begeisterte Erzieherinnen konnten die zwei verantwortlichen Sozialp\u00e4dagoginnen Annett Kramer und Andrea Kahlh\u00f6fer vom LOS-Projekt &#8220;Lebenskunst am Aschenberg&#8221; bei der Entstehung eines Sinnespfades f\u00fcr die Kindertagesst\u00e4tte Sonnenschein am Aschenberg bestaunen. \u00c2\u00a0\u00c2\u00a0\u00c2\u00a0<\/p>\n<\/div>","protected":false},"author":1,"featured_media":0,"comment_status":"closed","ping_status":"closed","sticky":false,"template":"","format":"standard","meta":{"footnotes":""},"categories":[1,53,44],"tags":[],"class_list":["post-2905","post","type-post","status-publish","format-standard","hentry","category-startseite","category-bildung","category-kultur"],"_links":{"self":[{"href":"https:\/\/www.fuldaernachrichten.de\/index.php?rest_route=\/wp\/v2\/posts\/2905","targetHints":{"allow":["GET"]}}],"collection":[{"href":"https:\/\/www.fuldaernachrichten.de\/index.php?rest_route=\/wp\/v2\/posts"}],"about":[{"href":"https:\/\/www.fuldaernachrichten.de\/index.php?rest_route=\/wp\/v2\/types\/post"}],"author":[{"embeddable":true,"href":"https:\/\/www.fuldaernachrichten.de\/index.php?rest_route=\/wp\/v2\/users\/1"}],"replies":[{"embeddable":true,"href":"https:\/\/www.fuldaernachrichten.de\/index.php?rest_route=%2Fwp%2Fv2%2Fcomments&post=2905"}],"version-history":[{"count":0,"href":"https:\/\/www.fuldaernachrichten.de\/index.php?rest_route=\/wp\/v2\/posts\/2905\/revisions"}],"wp:attachment":[{"href":"https:\/\/www.fuldaernachrichten.de\/index.php?rest_route=%2Fwp%2Fv2%2Fmedia&parent=2905"}],"wp:term":[{"taxonomy":"category","embeddable":true,"href":"https:\/\/www.fuldaernachrichten.de\/index.php?rest_route=%2Fwp%2Fv2%2Fcategories&post=2905"},{"taxonomy":"post_tag","embeddable":true,"href":"https:\/\/www.fuldaernachrichten.de\/index.php?rest_route=%2Fwp%2Fv2%2Ftags&post=2905"}],"curies":[{"name":"wp","href":"https:\/\/api.w.org\/{rel}","templated":true}]}}