{"id":29043,"date":"2009-05-15T05:25:13","date_gmt":"2009-05-15T03:25:13","guid":{"rendered":"http:\/\/www.schoene-nachrichten.de\/?p=29043"},"modified":"2009-05-14T20:26:24","modified_gmt":"2009-05-14T18:26:24","slug":"jugend-malt-ein-wettbewerb-des-hessischen-ministeriums-fuer-wissenschaft-und-kunst-fuer-kinder-und-jugendliche","status":"publish","type":"post","link":"https:\/\/www.fuldaernachrichten.de\/?p=29043","title":{"rendered":"Jugend malt &#8211; ein Wettbewerb des Hessischen Ministeriums f\u00fcr Wissenschaft und Kunst f\u00fcr Kinder und Jugendliche"},"content":{"rendered":"<p><strong>Fulda. <\/strong>Jugend malt ist ein Wettbewerb des Hessischen Ministeriums f\u00fcr Wissenschaft und Kunst f\u00fcr Kinder und Jugendliche von 6 bis 16 Jahren, welcher von der Kinder-Akademie Fulda im Jahr 2009 unter dem Thema &#8220;Der hessische L\u00f6we&#8221; durchgef\u00fchrt wird.<!--more--><\/p>\n<p><strong>Kreativit\u00e4t gefragt<\/strong><\/p>\n<p>\u201eDas Landeswappen zeigt im blauen Schilde einen neunmal silbern und rot geteilten steigenden L\u00f6wen mit goldenen Krallen. Auf dem Schilde ruht ein Gewinde (Bl\u00e4tterkrone) aus goldenem Laubwerk mit von blauen Perlen gebildeten Fr\u00fcchten (im Wechsel).\u201c So lautet die offizielle Beschreibung des hessischen Landeswappens. Aber, was hat ein L\u00f6we mit Hessen zu tun? Wie w\u00fcrdet ihr ihn aussehen lassen, wenn ihr ihm eine neue Gestalt geben k\u00f6nntet?<\/p>\n<p>Der landesweite Wettbewerb \u201eJugend malt\u201c fordert alle Jungen und M\u00e4dchen zwischen 6 und 16 Jahren zur k\u00fcnstlerischen Auseinandersetzung mit dem hessischen Wappen auf und bittet um Einsendung bis zum: 30. September 2009 (Einsendeschluss)<\/p>\n<p><strong>Die Bewertung erfolgt in drei Altersgruppen:<br \/>\n<\/strong><br \/>\n&#8211; 6 bis 8 Jahre<br \/>\n&#8211; 9 bis 12 Jahre<br \/>\n&#8211; 13 bis 16 Jahre<\/p>\n<p>In jeder Bewertungsgruppe werden 5 Gewinner ermittelt.<\/p>\n<p><strong>Die Einsendungen sind zu richten an:<\/strong><\/p>\n<p>Kinder-Akademie Fulda<br \/>\nStichwort: &#8220;Jugend malt&#8221;<br \/>\nMehlerstra\u00dfe 4<br \/>\nD-36043 Fulda<\/p>\n<p>Die pr\u00e4mierten Werke und eine Auswahl der eingesandten Beitr\u00e4ge werden in einer Ausstellung pr\u00e4sentiert. Bei der Ausstellungser\u00f6ffnung findet die Auszeichnung der Preistr\u00e4ger mit einer Urkunde vom Hessischen Ministerium f\u00fcr Wissenschaft und Kunst voraussichtlich im Hessischen Landtag statt.<\/p>\n<p><strong>Teilnahmebedingungen (bitte unbedingt beachten!)<\/strong><\/p>\n<p>Teilnehmen k\u00f6nnen Kinder und Jugendliche aus Hessen zwischen 6 und 16 Jahren.<br \/>\nJeder Teilnehmer kann h\u00f6chstens zwei Werke einreichen.<br \/>\nIn die Bewertung durch die Jury kommen Werke nur unter folgenden Voraussetzungen:<\/p>\n<p>a) Auf der R\u00fcckseite jedes Bildes m\u00fcssen vermerkt sein:<br \/>\n&#8211; bei Einzelteilnehmern:<br \/>\nName, Vorname, Telefon und Alter (&#8230;..Jahre! Nicht Geburtsdatum!), Vollst\u00e4ndige Adresse<\/p>\n<p>-\u00c2\u00a0 bei Schulklassen und anderen Gruppen:<br \/>\nDie Angabe der Klasse mit dem Stempel der Schulanschrift<br \/>\nbzw. der Anschrift der Einrichtung<\/p>\n<p>b) Die Bilder m\u00fcssen ausreichend frankiert sein,<\/p>\n<p>c) fachgerecht vorbehandelt sein,<br \/>\n(z.B.: Pastellkreidebilder oder Kohlezeichnungen m\u00fcssen fixiert sein,<br \/>\ndie Bilder d\u00fcrfen nicht laminiert sein!)<\/p>\n<p>d) fachgerecht verpackt sein. (nicht gerollt oder geknickt!)<\/p>\n<p>Eine R\u00fccksendung der Werke erfolgt nur, wenn daf\u00fcr bei der Einsendung ausreichend R\u00fcckporto in Briefmarken beigef\u00fcgt wurde.<\/p>\n<p>Das Hessische Ministerium f\u00fcr Wissenschaft und Kunst erwirbt mit der Einsendung Ver\u00f6ffentlichungsrechte an den Werken, die sich auf Plakate, Faltbl\u00e4tter, etc. im Zusammenhang mit dem Wettbewerb beschr\u00e4nken.<\/p>\n<p>Der Rechtsweg ist ausgeschlossen.<\/p>\n","protected":false},"excerpt":{"rendered":"<div class=\"tmnf_excerpt\"><p>Fulda. Jugend malt ist ein Wettbewerb des Hessischen Ministeriums f\u00fcr Wissenschaft und Kunst f\u00fcr Kinder und Jugendliche von 6 bis 16 Jahren, welcher von der Kinder-Akademie Fulda im Jahr 2009 unter dem Thema &#8220;Der hessische L\u00f6we&#8221; durchgef\u00fchrt wird.<\/p>\n<\/div>","protected":false},"author":1,"featured_media":0,"comment_status":"closed","ping_status":"closed","sticky":false,"template":"","format":"standard","meta":{"footnotes":""},"categories":[1,53,72],"tags":[],"class_list":["post-29043","post","type-post","status-publish","format-standard","hentry","category-startseite","category-bildung","category-jugend"],"_links":{"self":[{"href":"https:\/\/www.fuldaernachrichten.de\/index.php?rest_route=\/wp\/v2\/posts\/29043","targetHints":{"allow":["GET"]}}],"collection":[{"href":"https:\/\/www.fuldaernachrichten.de\/index.php?rest_route=\/wp\/v2\/posts"}],"about":[{"href":"https:\/\/www.fuldaernachrichten.de\/index.php?rest_route=\/wp\/v2\/types\/post"}],"author":[{"embeddable":true,"href":"https:\/\/www.fuldaernachrichten.de\/index.php?rest_route=\/wp\/v2\/users\/1"}],"replies":[{"embeddable":true,"href":"https:\/\/www.fuldaernachrichten.de\/index.php?rest_route=%2Fwp%2Fv2%2Fcomments&post=29043"}],"version-history":[{"count":3,"href":"https:\/\/www.fuldaernachrichten.de\/index.php?rest_route=\/wp\/v2\/posts\/29043\/revisions"}],"predecessor-version":[{"id":29067,"href":"https:\/\/www.fuldaernachrichten.de\/index.php?rest_route=\/wp\/v2\/posts\/29043\/revisions\/29067"}],"wp:attachment":[{"href":"https:\/\/www.fuldaernachrichten.de\/index.php?rest_route=%2Fwp%2Fv2%2Fmedia&parent=29043"}],"wp:term":[{"taxonomy":"category","embeddable":true,"href":"https:\/\/www.fuldaernachrichten.de\/index.php?rest_route=%2Fwp%2Fv2%2Fcategories&post=29043"},{"taxonomy":"post_tag","embeddable":true,"href":"https:\/\/www.fuldaernachrichten.de\/index.php?rest_route=%2Fwp%2Fv2%2Ftags&post=29043"}],"curies":[{"name":"wp","href":"https:\/\/api.w.org\/{rel}","templated":true}]}}