{"id":2904,"date":"2007-05-02T12:23:20","date_gmt":"2007-05-02T10:23:20","guid":{"rendered":"http:\/\/www.schoene-nachrichten.de\/?p=2904"},"modified":"2007-05-02T12:23:20","modified_gmt":"2007-05-02T10:23:20","slug":"465300-euro-fuer-strassenausbau-in-flieden","status":"publish","type":"post","link":"https:\/\/www.fuldaernachrichten.de\/?p=2904","title":{"rendered":"465.300 Euro f\u00fcr Stra\u00dfenausbau in Flieden"},"content":{"rendered":"<p><strong>Sch\u00f6nes aus Wiesbaden.<\/strong> Eine Zuwendung in H\u00f6he von 465.300 Euro erh\u00e4lt der Landkreis Fulda f\u00fcr den Ausbau der Stra\u00dfen Kappenm\u00fchl (K 90) und Bahnhofstra\u00dfe (K 83) in der Ortslage von Flieden. Dies teilte Verkehrsminister Rhiel heute in Wiesbaden mit. Die Gesamtkosten des Projektes belaufen sich auf rund 682.000 Euro. <!--more--><\/p>\n<p>Die Kreisstra\u00dfe 90 beginnt au\u00dferhalb der Ortslage von Flieden und bindet die \u00f6stlich der Bahnstrecke gelegenen Ortsteile an die Kerngemeinde Flieden und weiterf\u00fchrend \u00fcber die Kreisstra\u00dfe 83 an das \u00fcber\u00f6rtliche Stra\u00dfennetz an. Voraussichtlich im September 2007 soll die neue Anschlussstelle der A 66 \u00e2\u20ac\u2122Flieden\u00e2\u20ac\u2122, die direkt neben der Bahnstrecke an die K 90 anschlie\u00dft, in Betrieb genommen werden. In diesem Zusammenhang erfolgt auch der Ausbau der beiden Kreisstra\u00dfen, deren Fahrbahnen zahlreiche Schadstellen aufweisen.<\/p>\n<p>Die Bauarbeiten an dem 674 Meter langen Abschnitt konnten aufgrund eines vorl\u00e4ufig ausgestellten Bescheides bereits Anfang April dieses Jahres beginnen. Dadurch soll gew\u00e4hrleistet werden, dass die Arbeiten noch vor Inbetriebnahme der neuen Anschlussstelle \u00e2\u20ac\u2122Flieden\u00e2\u20ac\u2122 fertig gestellt werden k\u00f6nnen. Dies wird voraussichtlich im August 2007 sein.<\/p>\n<p>Beide Kreisstra\u00dfen erhalten innerhalb der Ortslage Flieden eine 6,50 Meter breite Fahrbahn. W\u00e4hrend die Fahrbahnbreite der K 90 somit weitgehend unver\u00e4ndert bleibt, wird die K83 um 0,40 Meter verbreitert. Des Weiteren erfolgt eine Erneuerung und Verbreiterung der vorhandenen Gehwege. Ein einseitiger Gehweg wird au\u00dferhalb der Ortsdurchfahrt hergestellt.<\/p>\n<p>Wie Rhiel mitteilte, wird bedingt durch die erwartete Zunahme des Verkehrs von und zur Autobahnanschlussstelle im Einm\u00fcndungsbereich der K 90\/ K 83 eine \u00c4nderung der Vorfahrtsberechtigung von der K 83 aus Flieden\/ Ortsmitte in Richtung K 90 zur Anschlussstelle A 66 vorgenommen. Im Bereich der eingeengten Bahn\u00fcberf\u00fchrung soll die Fahrbahnbreite von 4,50 Meter auf 3,65 Meter reduziert werden.<\/p>\n<p>Der einspurige Fahrbahnabschnitt in der Unterf\u00fchrung macht die Installation einer Lichtzeichenanlage erforderlich, um den bisher eingeschr\u00e4nkt m\u00f6glichen Begegnungsverkehr zwischen Pkw\/Pkw auszuschlie\u00dfen. Diese neue Stra\u00dfenraumaufteilung erm\u00f6glicht den Bau eines 1.85 Meter breiten durchg\u00e4ngigen Gehweges in Richtung Schwimmbad.<\/p>\n","protected":false},"excerpt":{"rendered":"<div class=\"tmnf_excerpt\"><p>Sch\u00f6nes aus Wiesbaden. Eine Zuwendung in H\u00f6he von 465.300 Euro erh\u00e4lt der Landkreis Fulda f\u00fcr den Ausbau der Stra\u00dfen Kappenm\u00fchl (K 90) und Bahnhofstra\u00dfe (K 83) in der Ortslage von Flieden. Dies teilte Verkehrsminister Rhiel heute in Wiesbaden mit. Die Gesamtkosten des Projektes belaufen sich auf rund 682.000 Euro.<\/p>\n<\/div>","protected":false},"author":1,"featured_media":0,"comment_status":"closed","ping_status":"closed","sticky":false,"template":"","format":"standard","meta":{"footnotes":""},"categories":[1,29],"tags":[],"class_list":["post-2904","post","type-post","status-publish","format-standard","hentry","category-startseite","category-politik"],"_links":{"self":[{"href":"https:\/\/www.fuldaernachrichten.de\/index.php?rest_route=\/wp\/v2\/posts\/2904","targetHints":{"allow":["GET"]}}],"collection":[{"href":"https:\/\/www.fuldaernachrichten.de\/index.php?rest_route=\/wp\/v2\/posts"}],"about":[{"href":"https:\/\/www.fuldaernachrichten.de\/index.php?rest_route=\/wp\/v2\/types\/post"}],"author":[{"embeddable":true,"href":"https:\/\/www.fuldaernachrichten.de\/index.php?rest_route=\/wp\/v2\/users\/1"}],"replies":[{"embeddable":true,"href":"https:\/\/www.fuldaernachrichten.de\/index.php?rest_route=%2Fwp%2Fv2%2Fcomments&post=2904"}],"version-history":[{"count":0,"href":"https:\/\/www.fuldaernachrichten.de\/index.php?rest_route=\/wp\/v2\/posts\/2904\/revisions"}],"wp:attachment":[{"href":"https:\/\/www.fuldaernachrichten.de\/index.php?rest_route=%2Fwp%2Fv2%2Fmedia&parent=2904"}],"wp:term":[{"taxonomy":"category","embeddable":true,"href":"https:\/\/www.fuldaernachrichten.de\/index.php?rest_route=%2Fwp%2Fv2%2Fcategories&post=2904"},{"taxonomy":"post_tag","embeddable":true,"href":"https:\/\/www.fuldaernachrichten.de\/index.php?rest_route=%2Fwp%2Fv2%2Ftags&post=2904"}],"curies":[{"name":"wp","href":"https:\/\/api.w.org\/{rel}","templated":true}]}}