{"id":29037,"date":"2009-05-17T06:25:50","date_gmt":"2009-05-17T04:25:50","guid":{"rendered":"http:\/\/www.schoene-nachrichten.de\/?p=29037"},"modified":"2009-05-16T19:04:42","modified_gmt":"2009-05-16T17:04:42","slug":"ausbildungsberufe-im-biz","status":"publish","type":"post","link":"https:\/\/www.fuldaernachrichten.de\/?p=29037","title":{"rendered":"Ausbildungsberufe im BIZ"},"content":{"rendered":"<p><strong>Fulda.<\/strong> Im Rahmen der \u201eAktionswoche Ausbildung\u201c vom 25. bis 29. Mai in Fulda finden im Berufsinformationszentrum (BIZ) der Arbeitsagentur Fulda zahlreiche berufskundliche Veranstaltungen statt. Die Gesundheitsberufe stehen am Montag, 25. Mai, auf dem Programm. Ab 14.30 Uhr informieren die Krankenpflegeschule und die MTA-Schule des Klinikums Fulda \u00fcber die Ausbildungsberufe Gesundheits- und Krankenpfleger\/in sowie \u00fcber die Ausbildung zum medizinisch-technischen Assistenten. Zur gleichen Zeit wird die Caritas-Lehranstalt f\u00fcr Altenpflege den Ausbildungsberuf der Altenpfleger\/in vorstellen. <!--more--><\/p>\n<p><strong>Zahlreiche M\u00f6glichkeiten<\/strong><\/p>\n<p>Wissenswertes \u00fcber die Ausbildung zum Sozialassistent\/in und Erzieher\/in vermitteln Referenten der Rudolf-Steiner-Schule Loheland, der Marienschule Fulda und der Konrad-Zuse-Schule H\u00fcnfeld am Dienstag, 26. Mai, um 14.30 Uhr. Wer sich f\u00fcr eine Ausbildung zum Landschaftsg\u00e4rtner interessiert, der erh\u00e4lt wertvolle Informationen am Mittwoch, 27. Mai, um 14.30 Uhr. Parallel hierzu zeigt ein Referent der Deutschen Bahn AG Einstiegsm\u00f6glichkeiten, Perspektiven und Weiterbildungsm\u00f6glichkeiten f\u00fcr Hauptsch\u00fcler, Realsch\u00fcler und Abiturienten bei der Bahn auf.<\/p>\n<p>Am Donnerstag, 28. Mai, steht das BIZ ab 14.30 Uhr im Zeichen der Uniformberufe. Referenten der Bundespolizei, der Polizei und der Bundeswehr geben einen \u00dcberblick \u00fcber Zugangsvoraussetzungen, Bewerbungsverfahren, Spezialausbildungen und Berufsm\u00f6glichkeiten in ihren Institutionen. Zu den Veranstaltungen, die alle im Berufsinformationszentrum der Agentur f\u00fcr Arbeit Fulda (Eingang Gambettagasse) stattfinden,\u00c2\u00a0 ist keine Anmeldung n\u00f6tig.<\/p>\n","protected":false},"excerpt":{"rendered":"<div class=\"tmnf_excerpt\"><p>Fulda. Im Rahmen der \u201eAktionswoche Ausbildung\u201c vom 25. bis 29. Mai in Fulda finden im Berufsinformationszentrum (BIZ) der Arbeitsagentur Fulda zahlreiche berufskundliche Veranstaltungen statt. Die Gesundheitsberufe stehen am Montag, 25. Mai, auf dem Programm. Ab 14.30 Uhr informieren die Krankenpflegeschule und die MTA-Schule des Klinikums Fulda \u00fcber die Ausbildungsberufe Gesundheits- und Krankenpfleger\/in sowie \u00fcber die &hellip;<\/p>\n<\/div>","protected":false},"author":1,"featured_media":0,"comment_status":"closed","ping_status":"closed","sticky":false,"template":"","format":"standard","meta":{"footnotes":""},"categories":[1,53,72,29],"tags":[],"class_list":["post-29037","post","type-post","status-publish","format-standard","hentry","category-startseite","category-bildung","category-jugend","category-politik"],"_links":{"self":[{"href":"https:\/\/www.fuldaernachrichten.de\/index.php?rest_route=\/wp\/v2\/posts\/29037","targetHints":{"allow":["GET"]}}],"collection":[{"href":"https:\/\/www.fuldaernachrichten.de\/index.php?rest_route=\/wp\/v2\/posts"}],"about":[{"href":"https:\/\/www.fuldaernachrichten.de\/index.php?rest_route=\/wp\/v2\/types\/post"}],"author":[{"embeddable":true,"href":"https:\/\/www.fuldaernachrichten.de\/index.php?rest_route=\/wp\/v2\/users\/1"}],"replies":[{"embeddable":true,"href":"https:\/\/www.fuldaernachrichten.de\/index.php?rest_route=%2Fwp%2Fv2%2Fcomments&post=29037"}],"version-history":[{"count":3,"href":"https:\/\/www.fuldaernachrichten.de\/index.php?rest_route=\/wp\/v2\/posts\/29037\/revisions"}],"predecessor-version":[{"id":29236,"href":"https:\/\/www.fuldaernachrichten.de\/index.php?rest_route=\/wp\/v2\/posts\/29037\/revisions\/29236"}],"wp:attachment":[{"href":"https:\/\/www.fuldaernachrichten.de\/index.php?rest_route=%2Fwp%2Fv2%2Fmedia&parent=29037"}],"wp:term":[{"taxonomy":"category","embeddable":true,"href":"https:\/\/www.fuldaernachrichten.de\/index.php?rest_route=%2Fwp%2Fv2%2Fcategories&post=29037"},{"taxonomy":"post_tag","embeddable":true,"href":"https:\/\/www.fuldaernachrichten.de\/index.php?rest_route=%2Fwp%2Fv2%2Ftags&post=29037"}],"curies":[{"name":"wp","href":"https:\/\/api.w.org\/{rel}","templated":true}]}}