{"id":2903,"date":"2007-05-02T12:18:12","date_gmt":"2007-05-02T10:18:12","guid":{"rendered":"http:\/\/www.schoene-nachrichten.de\/?p=2903"},"modified":"2007-05-02T12:18:12","modified_gmt":"2007-05-02T10:18:12","slug":"katharina-hacker-liest-aus-dem-roman-des-jahres-2006","status":"publish","type":"post","link":"https:\/\/www.fuldaernachrichten.de\/?p=2903","title":{"rendered":"Katharina Hacker liest aus dem Roman des Jahres 2006"},"content":{"rendered":"<p><strong>Termin.<\/strong> Am 7. Mai liest Katharina Hacker aus ihrem 2006 mit dem Deutschen Buchpreis ausgezeichneten, inzwischen zum Bestseller aufgestiegenen Roman \u201eHabenichtse\u201c in der Reihe \u201eLiteratur im Stadtschlo\u00df\u201c. <!--more--><\/p>\n<p>In dem Roman \u201eHabenichtse\u201c erz\u00e4hlt die Schriftstellerin teils deutlich und drastisch, doch im Ganzen meisterhaft, wie das Weltgeschehen ins Leben eingreift. Es geht um eigene Entscheidungen, um das Mitf\u00fchlen mit anderen, um die Sehnsucht nach existentiellen Erfahrungen. Die Fragen, die die Autorin sich stellt, stellt sie damit nat\u00fcrlich auch jedem von uns: Wie willst du leben? Was sind deine Werte? Wie sollst, wie kannst du handeln? Wie l\u00e4\u00dft sich verhindern, da\u00df dein Leben aus den Fugen ger\u00e4t? Da gibt es keine schnellen, schon gar nicht plakative Antworten!<\/p>\n<p>Wie immer, findet auch die f\u00fcnfte Lesung der diesj\u00e4hrigen Literaturreihe wieder im F\u00fcrstensaal des Stadtschlosses statt: Montag, 7. Mai, 20.00 Uhr. Der Verlag Parzeller, der zusammen mit der Sparkasse Fulda diese Literaturreihe f\u00f6rdert, wird einen B\u00fcchertisch einrichten, und die Autorin wird signieren.<\/p>\n","protected":false},"excerpt":{"rendered":"<div class=\"tmnf_excerpt\"><p>Termin. Am 7. Mai liest Katharina Hacker aus ihrem 2006 mit dem Deutschen Buchpreis ausgezeichneten, inzwischen zum Bestseller aufgestiegenen Roman \u201eHabenichtse\u201c in der Reihe \u201eLiteratur im Stadtschlo\u00df\u201c.<\/p>\n<\/div>","protected":false},"author":1,"featured_media":0,"comment_status":"closed","ping_status":"closed","sticky":false,"template":"","format":"standard","meta":{"footnotes":""},"categories":[1,53],"tags":[],"class_list":["post-2903","post","type-post","status-publish","format-standard","hentry","category-startseite","category-bildung"],"_links":{"self":[{"href":"https:\/\/www.fuldaernachrichten.de\/index.php?rest_route=\/wp\/v2\/posts\/2903","targetHints":{"allow":["GET"]}}],"collection":[{"href":"https:\/\/www.fuldaernachrichten.de\/index.php?rest_route=\/wp\/v2\/posts"}],"about":[{"href":"https:\/\/www.fuldaernachrichten.de\/index.php?rest_route=\/wp\/v2\/types\/post"}],"author":[{"embeddable":true,"href":"https:\/\/www.fuldaernachrichten.de\/index.php?rest_route=\/wp\/v2\/users\/1"}],"replies":[{"embeddable":true,"href":"https:\/\/www.fuldaernachrichten.de\/index.php?rest_route=%2Fwp%2Fv2%2Fcomments&post=2903"}],"version-history":[{"count":0,"href":"https:\/\/www.fuldaernachrichten.de\/index.php?rest_route=\/wp\/v2\/posts\/2903\/revisions"}],"wp:attachment":[{"href":"https:\/\/www.fuldaernachrichten.de\/index.php?rest_route=%2Fwp%2Fv2%2Fmedia&parent=2903"}],"wp:term":[{"taxonomy":"category","embeddable":true,"href":"https:\/\/www.fuldaernachrichten.de\/index.php?rest_route=%2Fwp%2Fv2%2Fcategories&post=2903"},{"taxonomy":"post_tag","embeddable":true,"href":"https:\/\/www.fuldaernachrichten.de\/index.php?rest_route=%2Fwp%2Fv2%2Ftags&post=2903"}],"curies":[{"name":"wp","href":"https:\/\/api.w.org\/{rel}","templated":true}]}}