{"id":29028,"date":"2009-05-15T05:54:17","date_gmt":"2009-05-15T03:54:17","guid":{"rendered":"http:\/\/www.schoene-nachrichten.de\/?p=29028"},"modified":"2009-05-14T20:27:17","modified_gmt":"2009-05-14T18:27:17","slug":"tag-der-offenen-tuer-bei-verein-gemeinsam-leben-gemeinsam-lernen-und-fuldaer-integrations-stiftung-fis","status":"publish","type":"post","link":"https:\/\/www.fuldaernachrichten.de\/?p=29028","title":{"rendered":"Tag der Offenen T\u00fcr bei Verein Gemeinsam Leben &#8211; Gemeinsam Lernen und Fuldaer Integrations-Stiftung FIS"},"content":{"rendered":"<p><strong>Fulda.<\/strong> Der Verein Gemeinsam Leben &#8211; Gemeinsam Lernen und die Fuldaer Integrations-Stiftung FIS laden\u00c2\u00a0 am Sonntag, 17. Mai 2009 ab 14.00 Uhr zu einem &#8220;Tag der Offenen T\u00fcr&#8221; in die neuen R\u00e4ume der Gesch\u00e4ftsstellen am Heinrich-von-Bibra-Platz 1 in Fulda ein. Nach der kirchlichen Segnung der R\u00e4ume durch Pfarrer Burkhard Enners und Diakon Josef Gebauer steht der Nachmittag f\u00fcr Gespr\u00e4che und Begegnungen zur Verf\u00fcgung. F\u00fcr Kaffee,\u00c2\u00a0 Kuchen und\u00c2\u00a0 Getr\u00e4nke sorgen der Verein und die Stiftung. Die Musiker Antonio und Manfredo werden durch italienische Lieder f\u00fcr das musikalische Ambiente sorgen. Ferner wird der von der Aktion Mensch bezuschusste VW Bus an den Familien unterst\u00fctzenden Dienst FuD \u00fcbergeben.<\/p>\n","protected":false},"excerpt":{"rendered":"<div class=\"tmnf_excerpt\"><p>Fulda. Der Verein Gemeinsam Leben &#8211; Gemeinsam Lernen und die Fuldaer Integrations-Stiftung FIS laden\u00c2\u00a0 am Sonntag, 17. Mai 2009 ab 14.00 Uhr zu einem &#8220;Tag der Offenen T\u00fcr&#8221; in die neuen R\u00e4ume der Gesch\u00e4ftsstellen am Heinrich-von-Bibra-Platz 1 in Fulda ein. Nach der kirchlichen Segnung der R\u00e4ume durch Pfarrer Burkhard Enners und Diakon Josef Gebauer steht &hellip;<\/p>\n<\/div>","protected":false},"author":1,"featured_media":0,"comment_status":"closed","ping_status":"closed","sticky":false,"template":"","format":"standard","meta":{"footnotes":""},"categories":[1,53,44,29],"tags":[],"class_list":["post-29028","post","type-post","status-publish","format-standard","hentry","category-startseite","category-bildung","category-kultur","category-politik"],"_links":{"self":[{"href":"https:\/\/www.fuldaernachrichten.de\/index.php?rest_route=\/wp\/v2\/posts\/29028","targetHints":{"allow":["GET"]}}],"collection":[{"href":"https:\/\/www.fuldaernachrichten.de\/index.php?rest_route=\/wp\/v2\/posts"}],"about":[{"href":"https:\/\/www.fuldaernachrichten.de\/index.php?rest_route=\/wp\/v2\/types\/post"}],"author":[{"embeddable":true,"href":"https:\/\/www.fuldaernachrichten.de\/index.php?rest_route=\/wp\/v2\/users\/1"}],"replies":[{"embeddable":true,"href":"https:\/\/www.fuldaernachrichten.de\/index.php?rest_route=%2Fwp%2Fv2%2Fcomments&post=29028"}],"version-history":[{"count":3,"href":"https:\/\/www.fuldaernachrichten.de\/index.php?rest_route=\/wp\/v2\/posts\/29028\/revisions"}],"predecessor-version":[{"id":29070,"href":"https:\/\/www.fuldaernachrichten.de\/index.php?rest_route=\/wp\/v2\/posts\/29028\/revisions\/29070"}],"wp:attachment":[{"href":"https:\/\/www.fuldaernachrichten.de\/index.php?rest_route=%2Fwp%2Fv2%2Fmedia&parent=29028"}],"wp:term":[{"taxonomy":"category","embeddable":true,"href":"https:\/\/www.fuldaernachrichten.de\/index.php?rest_route=%2Fwp%2Fv2%2Fcategories&post=29028"},{"taxonomy":"post_tag","embeddable":true,"href":"https:\/\/www.fuldaernachrichten.de\/index.php?rest_route=%2Fwp%2Fv2%2Ftags&post=29028"}],"curies":[{"name":"wp","href":"https:\/\/api.w.org\/{rel}","templated":true}]}}