{"id":29019,"date":"2009-05-15T05:35:21","date_gmt":"2009-05-15T03:35:21","guid":{"rendered":"http:\/\/www.schoene-nachrichten.de\/?p=29019"},"modified":"2009-05-14T20:27:45","modified_gmt":"2009-05-14T18:27:45","slug":"offizielle-eroeffnung-in-loheland-das-neue-haus-fuer-spiel-und-bewegung","status":"publish","type":"post","link":"https:\/\/www.fuldaernachrichten.de\/?p=29019","title":{"rendered":"Offizielle Er\u00f6ffnung in Loheland &#8211; Das neue Haus f\u00fcr Spiel und Bewegung"},"content":{"rendered":"<p><a href=\"http:\/\/www.schoene-nachrichten.de\/wp-content\/uploads\/2009\/05\/haus-fr-spiel-und-bewegung.jpg\"><img decoding=\"async\" class=\"alignnone size-thumbnail wp-image-29020\" title=\"Walter Rammler\" src=\"http:\/\/www.schoene-nachrichten.de\/wp-content\/uploads\/2009\/05\/haus-fr-spiel-und-bewegung-265x141.jpg\" alt=\"Walter Rammler\" hspace=\"5\" width=\"265\" height=\"141\" align=\"left\" srcset=\"https:\/\/www.fuldaernachrichten.de\/wp-content\/uploads\/2009\/05\/haus-fr-spiel-und-bewegung-265x141.jpg 265w, https:\/\/www.fuldaernachrichten.de\/wp-content\/uploads\/2009\/05\/haus-fr-spiel-und-bewegung-1024x548.jpg 1024w, https:\/\/www.fuldaernachrichten.de\/wp-content\/uploads\/2009\/05\/haus-fr-spiel-und-bewegung.jpg 1120w\" sizes=\"(max-width: 265px) 100vw, 265px\" \/><\/a><strong>K\u00fcnzell. <\/strong>P\u00fcnktlich zum 90-j\u00e4hrigen Jubil\u00e4um von Loheland ist jetzt das neue Haus f\u00fcr Spiel und Bewegung, das sich mit seiner eindrucksvollen Architektur harmonisch in das Areal von Loheland einf\u00fcgt, offiziell eingeweiht worden. Geschwungene gro\u00dfz\u00fcgige Rundungen, offene helle Transparenz hoher Glasfronten und ausgesuchte Farbkompositionen im Innenbereich sind nur einige Markenzeichen des neuen Geb\u00e4udes, das nach nur 1-j\u00e4hriger Bauzeit unter der Bauleitung von Martin Gerhardt fertig gestellt wurde. Entworfen hat es die Architektin Alexandra Bub, die damit den charaktervollen Einzelarchitekturen der Siedlung von\u00c2\u00a0 Loheland ein weiteres Geb\u00e4ude mit unverwechselbarem Charisma hinzuf\u00fcgte.<!--more--><\/p>\n<p><strong>Geb\u00e4ude verleiht p\u00e4dagogischen \u00dcberzeugung Ausdruck<\/strong><\/p>\n<p>Genutzt wird es in Zukunft im Rahmen der in Loheland angeboten Ganztagsschule in deren Fokus vielseitige Bewegungsangebote f\u00fcr Kinder und Jugendliche stehen. So gibt es je einen eigenen Raum f\u00fcr Zirkus und Volkstanz sowie AG R\u00e4ume. \u201eMit dem Bau dieses Geb\u00e4udes verleiht Loheland seiner p\u00e4dagogischen \u00dcberzeugung Ausdruck, dass die bewusste Bewegung und K\u00f6rperarbeit ein wesentliches Element bei der ganzheitlichen Bildung\u00c2\u00a0 f\u00fcr Kinder und Jugendliche ist\u201c erkl\u00e4rt Gabriele Fritsch aus dem Vorstand der Loheland Stiftung, die auch federf\u00fchrend Koordinatorin des Projektes war. Das neue Haus f\u00fcr Spiel und Bewegung schafft durch seine geschwungene Form einen neuen Dorfmittelpunkt der Streusiedelung und soll in Zukunft auch f\u00fcr \u00f6ffentliche Veranstaltungen genutzt werden. Sowohl die Holzfassade als auch die Innenm\u00f6bel wurden in Eigenleistung von der Loheland Schultischlerei hergestellt. F\u00fcr die kunstvoll atmosph\u00e4rische Farbgebung im Innenbereich wurde eigens die schwedische K\u00fcnstlerin Merete Loveli engagiert, f\u00fcr die ganzheitliche akustische\u00c2\u00a0 Beratung der Schweizer Professor f\u00fcr Akustik Andr\u00e9 Lappert.<\/p>\n","protected":false},"excerpt":{"rendered":"<div class=\"tmnf_excerpt\"><p>K\u00fcnzell. P\u00fcnktlich zum 90-j\u00e4hrigen Jubil\u00e4um von Loheland ist jetzt das neue Haus f\u00fcr Spiel und Bewegung, das sich mit seiner eindrucksvollen Architektur harmonisch in das Areal von Loheland einf\u00fcgt, offiziell eingeweiht worden. Geschwungene gro\u00dfz\u00fcgige Rundungen, offene helle Transparenz hoher Glasfronten und ausgesuchte Farbkompositionen im Innenbereich sind nur einige Markenzeichen des neuen Geb\u00e4udes, das nach nur &hellip;<\/p>\n<\/div>","protected":false},"author":1,"featured_media":0,"comment_status":"closed","ping_status":"closed","sticky":false,"template":"","format":"standard","meta":{"footnotes":""},"categories":[1,53,72],"tags":[],"class_list":["post-29019","post","type-post","status-publish","format-standard","hentry","category-startseite","category-bildung","category-jugend"],"_links":{"self":[{"href":"https:\/\/www.fuldaernachrichten.de\/index.php?rest_route=\/wp\/v2\/posts\/29019","targetHints":{"allow":["GET"]}}],"collection":[{"href":"https:\/\/www.fuldaernachrichten.de\/index.php?rest_route=\/wp\/v2\/posts"}],"about":[{"href":"https:\/\/www.fuldaernachrichten.de\/index.php?rest_route=\/wp\/v2\/types\/post"}],"author":[{"embeddable":true,"href":"https:\/\/www.fuldaernachrichten.de\/index.php?rest_route=\/wp\/v2\/users\/1"}],"replies":[{"embeddable":true,"href":"https:\/\/www.fuldaernachrichten.de\/index.php?rest_route=%2Fwp%2Fv2%2Fcomments&post=29019"}],"version-history":[{"count":3,"href":"https:\/\/www.fuldaernachrichten.de\/index.php?rest_route=\/wp\/v2\/posts\/29019\/revisions"}],"predecessor-version":[{"id":29071,"href":"https:\/\/www.fuldaernachrichten.de\/index.php?rest_route=\/wp\/v2\/posts\/29019\/revisions\/29071"}],"wp:attachment":[{"href":"https:\/\/www.fuldaernachrichten.de\/index.php?rest_route=%2Fwp%2Fv2%2Fmedia&parent=29019"}],"wp:term":[{"taxonomy":"category","embeddable":true,"href":"https:\/\/www.fuldaernachrichten.de\/index.php?rest_route=%2Fwp%2Fv2%2Fcategories&post=29019"},{"taxonomy":"post_tag","embeddable":true,"href":"https:\/\/www.fuldaernachrichten.de\/index.php?rest_route=%2Fwp%2Fv2%2Ftags&post=29019"}],"curies":[{"name":"wp","href":"https:\/\/api.w.org\/{rel}","templated":true}]}}