{"id":28941,"date":"2009-05-19T05:28:07","date_gmt":"2009-05-19T03:28:07","guid":{"rendered":"http:\/\/www.schoene-nachrichten.de\/?p=28941"},"modified":"2009-05-19T22:29:40","modified_gmt":"2009-05-19T20:29:40","slug":"klassensieg-fuer-bjoern-lachmayr-und-christina-kaiser-bei-der-triestingtal-rallye-in-oesterreich","status":"publish","type":"post","link":"https:\/\/www.fuldaernachrichten.de\/?p=28941","title":{"rendered":"Klassensieg f\u00fcr Bj\u00f6rn Lachmayr und Christina Kaiser bei der Triestingtal-Rallye in \u00d6sterreich"},"content":{"rendered":"<p><a title=\"Thurnherr \/ Kaiser\" rel=\"lightbox[roadtrip]\" href=\"http:\/\/www.schoene-nachrichten.de\/wp-content\/uploads\/2008\/Marco\/090519_triestingtal_005.jpg\" target=\"_blank\"><img decoding=\"async\" src=\"http:\/\/www.schoene-nachrichten.de\/wp-content\/uploads\/2008\/Marco\/090519_triestingtal_005.jpg\" alt=\"Thurnherr \/ Kaiser\" \/><\/a><\/p>\n<p><strong>Motorsport.<\/strong> Bereits am 16. April machte sich das Team Bj\u00f6rn Lachmayr und Christina Kaiser auf den Weg nach Weissenbach, in der n\u00e4he von Wien, um an der 6. nationalen Triestingtal Rallye teilzunehmen. Am Freitag wurden elf anspruchsvolle Wertungspr\u00fcfungen besichtigt. F\u00fcr rund 100 Teams hie\u00df es am Samstag morgen &#8220;Start frei auf die sch\u00f6nen Schotterpisten im Triestingtaler Wald&#8221;. <!--more--><\/p>\n<p><a title=\"Thurnherr \/ Kaiser\" rel=\"lightbox[roadtrip]\" href=\"http:\/\/www.schoene-nachrichten.de\/wp-content\/uploads\/2008\/Marco\/090519_triestingtal_002.jpg\" target=\"_blank\"><img decoding=\"async\" src=\"http:\/\/www.schoene-nachrichten.de\/wp-content\/uploads\/2008\/Marco\/090519_triestingtal_002.thumb.jpg\" alt=\"Thurnherr \/ Kaiser\" width=\"265\" \/><\/a> <a title=\"Thurnherr \/ Kaiser\" rel=\"lightbox[roadtrip]\" href=\"http:\/\/www.schoene-nachrichten.de\/wp-content\/uploads\/2008\/Marco\/090519_triestingtal_003.jpg\" target=\"_blank\"><img decoding=\"async\" src=\"http:\/\/www.schoene-nachrichten.de\/wp-content\/uploads\/2008\/Marco\/090519_triestingtal_003.thumb.jpg\" alt=\"Thurnherr \/ Kaiser\" width=\"265\" \/><\/a><\/p>\n<p>Das Team Lachmayr\/Kaiser schaffte es mit ihrem nur 143PS &#8220;starken&#8221; BMW 318is die Zuschauer auf Wertungspr\u00fcfung 3 mit der 8. Gesamtbestzeit, zum staunen zu bringen. Mit der Klassenf\u00fchrung starteten sie nach dem gr\u00f6\u00dfen Service auf die letzten drei Pr\u00fcfungen.<\/p>\n<p><a title=\"Thurnherr \/ Kaiser\" rel=\"lightbox[roadtrip]\" href=\"http:\/\/www.schoene-nachrichten.de\/wp-content\/uploads\/2008\/Marco\/090519_triestingtal_001.jpg\" target=\"_blank\"><img decoding=\"async\" src=\"http:\/\/www.schoene-nachrichten.de\/wp-content\/uploads\/2008\/Marco\/090519_triestingtal_001.thumb.jpg\" alt=\"Thurnherr \/ Kaiser\" width=\"265\" \/><\/a> <a title=\"Thurnherr \/ Kaiser\" rel=\"lightbox[roadtrip]\" href=\"http:\/\/www.schoene-nachrichten.de\/wp-content\/uploads\/2008\/Marco\/090519_triestingtal_005.jpg\" target=\"_blank\"><img decoding=\"async\" src=\"http:\/\/www.schoene-nachrichten.de\/wp-content\/uploads\/2008\/Marco\/090519_triestingtal_005.thumb.jpg\" alt=\"Thurnherr \/ Kaiser\" width=\"265\" \/><\/a><\/p>\n<p>Das Gl\u00fcck wollte Bj\u00f6rn und Christina wohl nicht segnen. Leider machte sich vor WP 9 ein schleichender Plattfu\u00df bemerkbar, der jedoch schnell gewechselt werden konnte. Das Team musste aufgrund dessen etwas vorsichtiger fahren. Zu gro\u00df war das Risiko, sich ohne ein weiteres Ersatzrad, noch einen Platten einzufahren und somit die Klassenf\u00fchrung zu verlieren und sogar aufgeben zu m\u00fcssen.<\/p>\n<p>Am Ende stand der Zuschauerrundkurs mitten in Weissenbach mit spektakul\u00e4rer Driftkurve auf dem Programm. Ein Fahrzeug mit technischen Problemen behinderte das Team auf dem 318is, trotzdem boten Bj\u00f6rn und Dina noch eine gute Show zur Begeisterung der Zuschauer und kamen mit einem Klassensieg und einem super 17. Platz in der Gesamtwertung ins Ziel.<\/p>\n","protected":false},"excerpt":{"rendered":"<div class=\"tmnf_excerpt\"><p>Motorsport. Bereits am 16. April machte sich das Team Bj\u00f6rn Lachmayr und Christina Kaiser auf den Weg nach Weissenbach, in der n\u00e4he von Wien, um an der 6. nationalen Triestingtal Rallye teilzunehmen. Am Freitag wurden elf anspruchsvolle Wertungspr\u00fcfungen besichtigt. F\u00fcr rund 100 Teams hie\u00df es am Samstag morgen &#8220;Start frei auf die sch\u00f6nen Schotterpisten im &hellip;<\/p>\n<\/div>","protected":false},"author":1,"featured_media":0,"comment_status":"closed","ping_status":"closed","sticky":false,"template":"","format":"standard","meta":{"footnotes":""},"categories":[1,35,46,78],"tags":[],"class_list":["post-28941","post","type-post","status-publish","format-standard","hentry","category-startseite","category-auto","category-sport","category-topthema"],"_links":{"self":[{"href":"https:\/\/www.fuldaernachrichten.de\/index.php?rest_route=\/wp\/v2\/posts\/28941","targetHints":{"allow":["GET"]}}],"collection":[{"href":"https:\/\/www.fuldaernachrichten.de\/index.php?rest_route=\/wp\/v2\/posts"}],"about":[{"href":"https:\/\/www.fuldaernachrichten.de\/index.php?rest_route=\/wp\/v2\/types\/post"}],"author":[{"embeddable":true,"href":"https:\/\/www.fuldaernachrichten.de\/index.php?rest_route=\/wp\/v2\/users\/1"}],"replies":[{"embeddable":true,"href":"https:\/\/www.fuldaernachrichten.de\/index.php?rest_route=%2Fwp%2Fv2%2Fcomments&post=28941"}],"version-history":[{"count":5,"href":"https:\/\/www.fuldaernachrichten.de\/index.php?rest_route=\/wp\/v2\/posts\/28941\/revisions"}],"predecessor-version":[{"id":29441,"href":"https:\/\/www.fuldaernachrichten.de\/index.php?rest_route=\/wp\/v2\/posts\/28941\/revisions\/29441"}],"wp:attachment":[{"href":"https:\/\/www.fuldaernachrichten.de\/index.php?rest_route=%2Fwp%2Fv2%2Fmedia&parent=28941"}],"wp:term":[{"taxonomy":"category","embeddable":true,"href":"https:\/\/www.fuldaernachrichten.de\/index.php?rest_route=%2Fwp%2Fv2%2Fcategories&post=28941"},{"taxonomy":"post_tag","embeddable":true,"href":"https:\/\/www.fuldaernachrichten.de\/index.php?rest_route=%2Fwp%2Fv2%2Ftags&post=28941"}],"curies":[{"name":"wp","href":"https:\/\/api.w.org\/{rel}","templated":true}]}}