{"id":28913,"date":"2009-05-14T05:56:35","date_gmt":"2009-05-14T03:56:35","guid":{"rendered":"http:\/\/www.schoene-nachrichten.de\/?p=28913"},"modified":"2009-05-13T22:58:32","modified_gmt":"2009-05-13T20:58:32","slug":"lesung-mit-sabine-ludwig-kooperationsprojekt-der-kinder-akademie-fulda-und-der-centralbuecherei-fulda","status":"publish","type":"post","link":"https:\/\/www.fuldaernachrichten.de\/?p=28913","title":{"rendered":"Lesung mit Sabine Ludwig &#8211; Kooperationsprojekt der Kinder-Akademie Fulda und der Centralb\u00fccherei Fulda"},"content":{"rendered":"<p><a href=\"http:\/\/www.schoene-nachrichten.de\/wp-content\/uploads\/2009\/05\/ludwig_sabine_08-copyright.jpg\"><img fetchpriority=\"high\" decoding=\"async\" class=\"alignnone size-thumbnail wp-image-28914\" title=\"ludwig_sabine_08-copyright\" src=\"http:\/\/www.schoene-nachrichten.de\/wp-content\/uploads\/2009\/05\/ludwig_sabine_08-copyright-265x198.jpg\" alt=\"ludwig_sabine_08-copyright\" hspace=\"5\" width=\"265\" height=\"198\" align=\"left\" srcset=\"https:\/\/www.fuldaernachrichten.de\/wp-content\/uploads\/2009\/05\/ludwig_sabine_08-copyright-265x198.jpg 265w, https:\/\/www.fuldaernachrichten.de\/wp-content\/uploads\/2009\/05\/ludwig_sabine_08-copyright.jpg 800w\" sizes=\"(max-width: 265px) 100vw, 265px\" \/><\/a><strong>Fulda. <\/strong>Die Kinderbuchautorin Sabine Ludwig liest am Freitag, 15. Mai 2009 um 16.00 Uhr in der Kinder-Akademie Fulda aus ihrem Buch \u201eHilfe, ich habe meine Lehrerin geschrumpft\u201c (empfohlen f\u00fcr Kinder ab 10 Jahren). \u201eHilfe, ich habe meine Lehrerin geschrumpft\u201c; ist ein Kinderbuch, dem eine witzige und zugleich phantasievolle Geschichte zugrunde liegt. Der 12j\u00e4hrige Felix Vorndran, sein Name ist Programm, ger\u00e4t unmittelbar vor den Schulferien in gro\u00dfe Schwierigkeiten. Er schrumpft seine gehasste Mathelehrerin Frau Schmitt-G\u00f6ssenwein, alias \u201eSchmitti\u201c, auf eine Gr\u00f6\u00dfe von 15,3 cm und tr\u00e4gt sie genau ab dem Zeitpunkt immer bei sich \u2013 da sind die Probleme vorprogrammiert!<!--more--><\/p>\n<p><strong>Vita<\/strong><\/p>\n<p>Sabine Ludwig wurde 1954 in Westberlin geboren und lebt nach wie vor in ihrer Heimatstadt. Sie studierte Germanistik, Romanistik und Philosophie und schloss mit dem Staatsexamen ab. Danach arbeitete sie als Gymnasiallehrerin in West Berlin. Ihr erster literarischer Text wurde 1983 gleich zu einem Erfolg: Sie erhielt den Literaturpreis des Literarischen Colloquiums Berlin zum Thema &#8220;Stadtteilbeschreibungen&#8221;. Seither ist Sabine Ludwig als Autorin und \u00dcbersetzerin t\u00e4tig. Haupts\u00e4chlich arbeitet sie f\u00fcr den H\u00f6rfunk, sie verfasst Essays, Features und H\u00f6rspiele und ist Redakteurin beim SFB f\u00fcr die Reihe &#8220;Ohrenb\u00e4r&#8221; (gemeinsam mit WDR und NDR). Seit 1987 schreibt sie vor allem f\u00fcr Kinder 1993 erhielt sie den Bettina-von-Arnim-Preis f\u00fcr Kurzprosa, ihre Geschichte hie\u00df &#8220;Guter Hoffnung&#8221; und keine geringere als Sigrid L\u00f6ffler verfasste die Laudatio. Sabine Ludwig hat eine Vorliebe f\u00fcr turbulente Geschichten, ihre B\u00fccher sind mehrfach ausgezeichnet worden, so z.B. bei den &#8220;10 Bremer Besten&#8221;, auf der Kinder und Jugendbuchliste des Saarl\u00e4ndischen Rundfunks, des WDR und von Radio Bremen und vom Jugendschriftenausschuss des Bayerischen Lehrer und Lehrerinnenverbands.<\/p>\n<p>Der Eintritt kostet \u00e2\u201a\u00ac 5,00 pro Person und \u00e2\u201a\u00ac 15,00 pro Familie (KAF-F\u00f6rdervereinsmitglieder erhalten eine Erm\u00e4\u00dfigung von 50%). Karten k\u00f6nnen ab sofort in der Kinder-Akademie Fulda und in der Centralb\u00fccherei Fulda gekauft werden.<\/p>\n","protected":false},"excerpt":{"rendered":"<div class=\"tmnf_excerpt\"><p>Fulda. Die Kinderbuchautorin Sabine Ludwig liest am Freitag, 15. Mai 2009 um 16.00 Uhr in der Kinder-Akademie Fulda aus ihrem Buch \u201eHilfe, ich habe meine Lehrerin geschrumpft\u201c (empfohlen f\u00fcr Kinder ab 10 Jahren). \u201eHilfe, ich habe meine Lehrerin geschrumpft\u201c; ist ein Kinderbuch, dem eine witzige und zugleich phantasievolle Geschichte zugrunde liegt. Der 12j\u00e4hrige Felix Vorndran, &hellip;<\/p>\n<\/div>","protected":false},"author":1,"featured_media":0,"comment_status":"closed","ping_status":"closed","sticky":false,"template":"","format":"standard","meta":{"footnotes":""},"categories":[1,53,72,44],"tags":[],"class_list":["post-28913","post","type-post","status-publish","format-standard","hentry","category-startseite","category-bildung","category-jugend","category-kultur"],"_links":{"self":[{"href":"https:\/\/www.fuldaernachrichten.de\/index.php?rest_route=\/wp\/v2\/posts\/28913","targetHints":{"allow":["GET"]}}],"collection":[{"href":"https:\/\/www.fuldaernachrichten.de\/index.php?rest_route=\/wp\/v2\/posts"}],"about":[{"href":"https:\/\/www.fuldaernachrichten.de\/index.php?rest_route=\/wp\/v2\/types\/post"}],"author":[{"embeddable":true,"href":"https:\/\/www.fuldaernachrichten.de\/index.php?rest_route=\/wp\/v2\/users\/1"}],"replies":[{"embeddable":true,"href":"https:\/\/www.fuldaernachrichten.de\/index.php?rest_route=%2Fwp%2Fv2%2Fcomments&post=28913"}],"version-history":[{"count":3,"href":"https:\/\/www.fuldaernachrichten.de\/index.php?rest_route=\/wp\/v2\/posts\/28913\/revisions"}],"predecessor-version":[{"id":28932,"href":"https:\/\/www.fuldaernachrichten.de\/index.php?rest_route=\/wp\/v2\/posts\/28913\/revisions\/28932"}],"wp:attachment":[{"href":"https:\/\/www.fuldaernachrichten.de\/index.php?rest_route=%2Fwp%2Fv2%2Fmedia&parent=28913"}],"wp:term":[{"taxonomy":"category","embeddable":true,"href":"https:\/\/www.fuldaernachrichten.de\/index.php?rest_route=%2Fwp%2Fv2%2Fcategories&post=28913"},{"taxonomy":"post_tag","embeddable":true,"href":"https:\/\/www.fuldaernachrichten.de\/index.php?rest_route=%2Fwp%2Fv2%2Ftags&post=28913"}],"curies":[{"name":"wp","href":"https:\/\/api.w.org\/{rel}","templated":true}]}}