{"id":289,"date":"2006-12-10T10:30:00","date_gmt":"2006-12-10T09:30:00","guid":{"rendered":"http:\/\/www.schoene-nachrichten.de\/?p=289"},"modified":"2006-12-10T10:30:00","modified_gmt":"2006-12-10T09:30:00","slug":"energieberater-der-verbraucherzentrale-hessen-berat-in-burghaun","status":"publish","type":"post","link":"https:\/\/www.fuldaernachrichten.de\/?p=289","title":{"rendered":"Energieberater der Verbraucherzentrale Hessen ber\u00e4t in Burghaun"},"content":{"rendered":"<p><strong>Sch\u00f6nes aus Burghaun.<\/strong> Ab Januar 2007 ber\u00e4t der Energieberater, Dipl.-Ing. Volker Feldmann, von der Verbraucherzentrale Hessen jeweils am dritten Dienstag im Monat im Rittersaal im Herrenhaus in Burghaun zu allen Fragen rund ums Bauen, Modernisieren und Wohnen.<\/p>\n<p>\u00c2\u00a0<\/p>\n<p><a title=\"Foto: Gemeinde Burghaun\" href=\"http:\/\/www.schoene-nachrichten.de\/wp-content\/uploads\/2006\/12\/061209_energieberater.jpg\" target=\"_blank\"><img decoding=\"async\" id=\"image288\" height=\"87\" alt=\"061209_energieberater.jpg\" src=\"http:\/\/www.schoene-nachrichten.de\/wp-content\/uploads\/2006\/12\/061209_energieberater.thumbnail.jpg\" \/><\/a><\/p>\n<p>\u00c2\u00a0<\/p>\n<p><!--more--><\/p>\n<p>Die KfW-F\u00f6rderbank und die Bundesregierung wollen die im Rahmen der F\u00f6rderinitiative Wohnen, Umwelt und Wachstum das CO2-Geb\u00e4udesanierungsprogramm vereinfachen und attraktiver gestalten. Ge\u00e4nderte Rahmenbedingungen f\u00fcr die energetische Sanierung bestehender Geb\u00e4ude lassen nun mehr Spielraum f\u00fcr\u00c2\u00a0Sanierungswillige zu.<\/p>\n<p>\u00c2\u00a0<\/p>\n<p>Detaillierte Auskunft \u00fcber die neuen KfW-F\u00f6rderbedingungen sowie zu allen Fragen des Energiesparens erhalten Verbraucher in einem pers\u00f6nlichen Beratungsgespr\u00e4ch bei Energieberater\u00c2\u00a0Volker Feldmann.<\/p>\n<p>\u00c2\u00a0<\/p>\n<p>Vor den Gespr\u00e4chen sollten interessierte B\u00fcrgerinnen und B\u00fcrger eine Termin unter 06652 \/ 9601- 12 mit Frau R\u00f6hling von der Gemeindeverwaltung Burghaun vereinbaren. Die Beratungsgeb\u00fchr betr\u00e4gt 5,- Euro. <strong>Die erste Beratung findet am Dienstag, 16. Dezember 2006 zwischen 15:30 und 18:00 Uhr im Rathaus statt.<\/strong><\/p>\n<p>\u00c2\u00a0<\/p>\n<p>\u00c2\u00a0<\/p>\n<p>\u00c2\u00a0<\/p>\n<p>\u00c2\u00a0<\/p>\n<p>\u00c2\u00a0<\/p>\n","protected":false},"excerpt":{"rendered":"<div class=\"tmnf_excerpt\"><p>Sch\u00f6nes aus Burghaun. Ab Januar 2007 ber\u00e4t der Energieberater, Dipl.-Ing. Volker Feldmann, von der Verbraucherzentrale Hessen jeweils am dritten Dienstag im Monat im Rittersaal im Herrenhaus in Burghaun zu allen Fragen rund ums Bauen, Modernisieren und Wohnen. \u00c2\u00a0 \u00c2\u00a0<\/p>\n<\/div>","protected":false},"author":1,"featured_media":0,"comment_status":"closed","ping_status":"closed","sticky":false,"template":"","format":"standard","meta":{"footnotes":""},"categories":[1],"tags":[],"class_list":["post-289","post","type-post","status-publish","format-standard","hentry","category-startseite"],"_links":{"self":[{"href":"https:\/\/www.fuldaernachrichten.de\/index.php?rest_route=\/wp\/v2\/posts\/289","targetHints":{"allow":["GET"]}}],"collection":[{"href":"https:\/\/www.fuldaernachrichten.de\/index.php?rest_route=\/wp\/v2\/posts"}],"about":[{"href":"https:\/\/www.fuldaernachrichten.de\/index.php?rest_route=\/wp\/v2\/types\/post"}],"author":[{"embeddable":true,"href":"https:\/\/www.fuldaernachrichten.de\/index.php?rest_route=\/wp\/v2\/users\/1"}],"replies":[{"embeddable":true,"href":"https:\/\/www.fuldaernachrichten.de\/index.php?rest_route=%2Fwp%2Fv2%2Fcomments&post=289"}],"version-history":[{"count":0,"href":"https:\/\/www.fuldaernachrichten.de\/index.php?rest_route=\/wp\/v2\/posts\/289\/revisions"}],"wp:attachment":[{"href":"https:\/\/www.fuldaernachrichten.de\/index.php?rest_route=%2Fwp%2Fv2%2Fmedia&parent=289"}],"wp:term":[{"taxonomy":"category","embeddable":true,"href":"https:\/\/www.fuldaernachrichten.de\/index.php?rest_route=%2Fwp%2Fv2%2Fcategories&post=289"},{"taxonomy":"post_tag","embeddable":true,"href":"https:\/\/www.fuldaernachrichten.de\/index.php?rest_route=%2Fwp%2Fv2%2Ftags&post=289"}],"curies":[{"name":"wp","href":"https:\/\/api.w.org\/{rel}","templated":true}]}}