{"id":28880,"date":"2009-05-18T05:24:48","date_gmt":"2009-05-18T03:24:48","guid":{"rendered":"http:\/\/www.schoene-nachrichten.de\/?p=28880"},"modified":"2009-05-17T18:35:20","modified_gmt":"2009-05-17T16:35:20","slug":"bau-und-pflege-einer-kraeuterschnecke","status":"publish","type":"post","link":"https:\/\/www.fuldaernachrichten.de\/?p=28880","title":{"rendered":"Bau und Pflege einer Kr\u00e4uterschnecke"},"content":{"rendered":"<p><strong>Eichenzell-L\u00fctter. <\/strong>F\u00fcr Sonntag, 24. Mai 2009, l\u00e4dt das Biosph\u00e4renreservat Rh\u00f6n unter Leitung von Janet Emig zu einem Vortrag mit Demonstration \u201eBau und Pflege einer Kr\u00e4uterschnecke\u201c ein. Treffpunkt ist um 18.00 Uhr in Eichenzell-L\u00fctter, Forstweg 7. Ein Unkostenbeitrag von 2,50 \u00e2\u201a\u00ac p. P. wird erhoben. Anmeldung bitte unter Tel. 06656-91126-32.<\/p>\n","protected":false},"excerpt":{"rendered":"<div class=\"tmnf_excerpt\"><p>Eichenzell-L\u00fctter. F\u00fcr Sonntag, 24. Mai 2009, l\u00e4dt das Biosph\u00e4renreservat Rh\u00f6n unter Leitung von Janet Emig zu einem Vortrag mit Demonstration \u201eBau und Pflege einer Kr\u00e4uterschnecke\u201c ein. Treffpunkt ist um 18.00 Uhr in Eichenzell-L\u00fctter, Forstweg 7. Ein Unkostenbeitrag von 2,50 \u00e2\u201a\u00ac p. P. wird erhoben. Anmeldung bitte unter Tel. 06656-91126-32.<\/p>\n<\/div>","protected":false},"author":1,"featured_media":0,"comment_status":"closed","ping_status":"closed","sticky":false,"template":"","format":"standard","meta":{"footnotes":""},"categories":[1,53,52],"tags":[],"class_list":["post-28880","post","type-post","status-publish","format-standard","hentry","category-startseite","category-bildung","category-umwelt"],"_links":{"self":[{"href":"https:\/\/www.fuldaernachrichten.de\/index.php?rest_route=\/wp\/v2\/posts\/28880","targetHints":{"allow":["GET"]}}],"collection":[{"href":"https:\/\/www.fuldaernachrichten.de\/index.php?rest_route=\/wp\/v2\/posts"}],"about":[{"href":"https:\/\/www.fuldaernachrichten.de\/index.php?rest_route=\/wp\/v2\/types\/post"}],"author":[{"embeddable":true,"href":"https:\/\/www.fuldaernachrichten.de\/index.php?rest_route=\/wp\/v2\/users\/1"}],"replies":[{"embeddable":true,"href":"https:\/\/www.fuldaernachrichten.de\/index.php?rest_route=%2Fwp%2Fv2%2Fcomments&post=28880"}],"version-history":[{"count":3,"href":"https:\/\/www.fuldaernachrichten.de\/index.php?rest_route=\/wp\/v2\/posts\/28880\/revisions"}],"predecessor-version":[{"id":29291,"href":"https:\/\/www.fuldaernachrichten.de\/index.php?rest_route=\/wp\/v2\/posts\/28880\/revisions\/29291"}],"wp:attachment":[{"href":"https:\/\/www.fuldaernachrichten.de\/index.php?rest_route=%2Fwp%2Fv2%2Fmedia&parent=28880"}],"wp:term":[{"taxonomy":"category","embeddable":true,"href":"https:\/\/www.fuldaernachrichten.de\/index.php?rest_route=%2Fwp%2Fv2%2Fcategories&post=28880"},{"taxonomy":"post_tag","embeddable":true,"href":"https:\/\/www.fuldaernachrichten.de\/index.php?rest_route=%2Fwp%2Fv2%2Ftags&post=28880"}],"curies":[{"name":"wp","href":"https:\/\/api.w.org\/{rel}","templated":true}]}}