{"id":2879,"date":"2007-05-02T05:59:24","date_gmt":"2007-05-02T03:59:24","guid":{"rendered":"http:\/\/www.schoene-nachrichten.de\/?p=2879"},"modified":"2007-05-02T05:59:25","modified_gmt":"2007-05-02T03:59:25","slug":"gwv-auf-dem-maimarkt-in-steinau-an-der-strasse","status":"publish","type":"post","link":"https:\/\/www.fuldaernachrichten.de\/?p=2879","title":{"rendered":"GWV auf dem Maimarkt in Steinau an der Stra\u00dfe"},"content":{"rendered":"<p><strong>Termin.<\/strong> Am 12. und 13. Mai 2007 findet in Steinau der achte Maimarkt statt. Der Gewerbe- und Verkehrsverein hat wieder ein buntes Rahmenprogramm mit zahlreichen Aktionen zusammengestellt, das sich \u00fcber die gesamte Steinauer Innenstadt erstreckt. Auch die Gas- und Wasserversorgung Osthessen GmbH (GWV) ist\u00c2\u00a0dabei und wird die Besucher \u00fcber Energiesparm\u00f6glichkeiten informieren. <!--more--><\/p>\n<p>Dar\u00fcber hinaus gibt es Informationen \u00fcber\u00c2\u00a0F\u00f6rderm\u00f6glichkeiten bei der Heizungsmodernisierung und \u00fcber das kosteng\u00fcnstige, umweltschonende Autofahren mit Erdgas. Als nette Geste erhalten am Muttertag, 13. Mai, alle M\u00fctter am GWV-Stand eine Rose. Der Maimarkt ist am Samstag von 9 &#8211; 20 Uhr und am Sonntag von 11 &#8211; 20 Uhr ge\u00f6ffnet.<\/p>\n","protected":false},"excerpt":{"rendered":"<div class=\"tmnf_excerpt\"><p>Termin. Am 12. und 13. Mai 2007 findet in Steinau der achte Maimarkt statt. Der Gewerbe- und Verkehrsverein hat wieder ein buntes Rahmenprogramm mit zahlreichen Aktionen zusammengestellt, das sich \u00fcber die gesamte Steinauer Innenstadt erstreckt. Auch die Gas- und Wasserversorgung Osthessen GmbH (GWV) ist\u00c2\u00a0dabei und wird die Besucher \u00fcber Energiesparm\u00f6glichkeiten informieren.<\/p>\n<\/div>","protected":false},"author":1,"featured_media":0,"comment_status":"closed","ping_status":"closed","sticky":false,"template":"","format":"standard","meta":{"footnotes":""},"categories":[1,52],"tags":[],"class_list":["post-2879","post","type-post","status-publish","format-standard","hentry","category-startseite","category-umwelt"],"_links":{"self":[{"href":"https:\/\/www.fuldaernachrichten.de\/index.php?rest_route=\/wp\/v2\/posts\/2879","targetHints":{"allow":["GET"]}}],"collection":[{"href":"https:\/\/www.fuldaernachrichten.de\/index.php?rest_route=\/wp\/v2\/posts"}],"about":[{"href":"https:\/\/www.fuldaernachrichten.de\/index.php?rest_route=\/wp\/v2\/types\/post"}],"author":[{"embeddable":true,"href":"https:\/\/www.fuldaernachrichten.de\/index.php?rest_route=\/wp\/v2\/users\/1"}],"replies":[{"embeddable":true,"href":"https:\/\/www.fuldaernachrichten.de\/index.php?rest_route=%2Fwp%2Fv2%2Fcomments&post=2879"}],"version-history":[{"count":0,"href":"https:\/\/www.fuldaernachrichten.de\/index.php?rest_route=\/wp\/v2\/posts\/2879\/revisions"}],"wp:attachment":[{"href":"https:\/\/www.fuldaernachrichten.de\/index.php?rest_route=%2Fwp%2Fv2%2Fmedia&parent=2879"}],"wp:term":[{"taxonomy":"category","embeddable":true,"href":"https:\/\/www.fuldaernachrichten.de\/index.php?rest_route=%2Fwp%2Fv2%2Fcategories&post=2879"},{"taxonomy":"post_tag","embeddable":true,"href":"https:\/\/www.fuldaernachrichten.de\/index.php?rest_route=%2Fwp%2Fv2%2Ftags&post=2879"}],"curies":[{"name":"wp","href":"https:\/\/api.w.org\/{rel}","templated":true}]}}