{"id":28721,"date":"2009-05-13T06:00:49","date_gmt":"2009-05-13T04:00:49","guid":{"rendered":"http:\/\/www.schoene-nachrichten.de\/?p=28721"},"modified":"2009-05-13T03:26:53","modified_gmt":"2009-05-13T01:26:53","slug":"tonica-eroeffnet-den-reigen-der-konzerte-im-park","status":"publish","type":"post","link":"https:\/\/www.fuldaernachrichten.de\/?p=28721","title":{"rendered":"Tonica er\u00f6ffnet den Reigen der Konzerte im Park"},"content":{"rendered":"<p><strong>H\u00fcnfeld. <\/strong>Den Reigen der Konzerte im Park 2009 wird am Sonntag, 17. Mai um 16 Uhr der Bl\u00e4serchor Tonica aus Mackenzell er\u00f6ffnen. Insgesamt wird es zehn Konzerte in dieser Saison geben. F\u00fcr Sonntag, 31. Mai, ist ein Konzert mit dem Musikzug des Turnvereins Burghaun und f\u00fcr Sonntag, 14. Juni, mit dem Musikverein Haselstein geplant. Am 5. Juli folgt die Dammersbacher Blaskapelle und am 12. Juli der M\u00e4nnergesangverein H\u00fcnfeld. Die Musikkapelle N\u00fcsttal ist am Sonntag, 26. Juli zu h\u00f6ren und am Sonntag, 2. August, der Musikzug Wilhelm Tell. Das MusikCorps Tann spielt am Sonntag, 23. August auf und am Sonntag, 6. September sind die Original Schwarzbachtaler zu h\u00f6ren. Traditionell zum Abschluss spielt am Sonntag, 20. September um 16 Uhr die Stadtkapelle H\u00fcnfeld auf.<\/p>\n","protected":false},"excerpt":{"rendered":"<div class=\"tmnf_excerpt\"><p>H\u00fcnfeld. Den Reigen der Konzerte im Park 2009 wird am Sonntag, 17. Mai um 16 Uhr der Bl\u00e4serchor Tonica aus Mackenzell er\u00f6ffnen. Insgesamt wird es zehn Konzerte in dieser Saison geben. F\u00fcr Sonntag, 31. Mai, ist ein Konzert mit dem Musikzug des Turnvereins Burghaun und f\u00fcr Sonntag, 14. Juni, mit dem Musikverein Haselstein geplant. Am &hellip;<\/p>\n<\/div>","protected":false},"author":1,"featured_media":0,"comment_status":"closed","ping_status":"closed","sticky":false,"template":"","format":"standard","meta":{"footnotes":""},"categories":[1,44],"tags":[],"class_list":["post-28721","post","type-post","status-publish","format-standard","hentry","category-startseite","category-kultur"],"_links":{"self":[{"href":"https:\/\/www.fuldaernachrichten.de\/index.php?rest_route=\/wp\/v2\/posts\/28721","targetHints":{"allow":["GET"]}}],"collection":[{"href":"https:\/\/www.fuldaernachrichten.de\/index.php?rest_route=\/wp\/v2\/posts"}],"about":[{"href":"https:\/\/www.fuldaernachrichten.de\/index.php?rest_route=\/wp\/v2\/types\/post"}],"author":[{"embeddable":true,"href":"https:\/\/www.fuldaernachrichten.de\/index.php?rest_route=\/wp\/v2\/users\/1"}],"replies":[{"embeddable":true,"href":"https:\/\/www.fuldaernachrichten.de\/index.php?rest_route=%2Fwp%2Fv2%2Fcomments&post=28721"}],"version-history":[{"count":3,"href":"https:\/\/www.fuldaernachrichten.de\/index.php?rest_route=\/wp\/v2\/posts\/28721\/revisions"}],"predecessor-version":[{"id":28749,"href":"https:\/\/www.fuldaernachrichten.de\/index.php?rest_route=\/wp\/v2\/posts\/28721\/revisions\/28749"}],"wp:attachment":[{"href":"https:\/\/www.fuldaernachrichten.de\/index.php?rest_route=%2Fwp%2Fv2%2Fmedia&parent=28721"}],"wp:term":[{"taxonomy":"category","embeddable":true,"href":"https:\/\/www.fuldaernachrichten.de\/index.php?rest_route=%2Fwp%2Fv2%2Fcategories&post=28721"},{"taxonomy":"post_tag","embeddable":true,"href":"https:\/\/www.fuldaernachrichten.de\/index.php?rest_route=%2Fwp%2Fv2%2Ftags&post=28721"}],"curies":[{"name":"wp","href":"https:\/\/api.w.org\/{rel}","templated":true}]}}