{"id":28718,"date":"2009-05-18T05:06:50","date_gmt":"2009-05-18T03:06:50","guid":{"rendered":"http:\/\/www.schoene-nachrichten.de\/?p=28718"},"modified":"2009-05-17T18:39:32","modified_gmt":"2009-05-17T16:39:32","slug":"heute-ambulante-sprechstunde-im-huenfelder-buergerbuero","status":"publish","type":"post","link":"https:\/\/www.fuldaernachrichten.de\/?p=28718","title":{"rendered":"Heute: Ambulante Sprechstunde im H\u00fcnfelder B\u00fcrgerb\u00fcro"},"content":{"rendered":"<p><strong>H\u00fcnfeld. <\/strong>Die n\u00e4chste ambulante Sprechstunde des H\u00fcnfelder B\u00fcrgerb\u00fcros findet am Montag, 18. Mai, ab 14.30 Uhr, statt. Senioren oder Behinderte, die keine M\u00f6glichkeit haben, f\u00fcr Erledigungen an der Stadtverwaltung ins Rathaus selbst zu kommen, k\u00f6nnen f\u00fcr diesen Tag ab 14.30 Uhr einen Termin vereinbaren, zu dem ein Mitarbeiter der Stadtverwaltung zu ihm nach Hause kommt. Zwar k\u00f6nnen viele Erledigungen auch von Nachbarn oder Verwandten wahrgenommen werden, bei einigen ist allerdings die Unterschrift im Beisein eines Mitarbeiters der Stadtverwaltung erforderlich. Dazu geh\u00f6rt beispielsweise die Beantragung eines Reisepasses. Senioren oder Behinderte, die diesen neuen Service der Stadtverwaltung in Anspruch nehmen wollen, k\u00f6nnen bis Montagvormittag, 18. Mai, telefonisch einen Termin unter der Rufnummer (06652) 180-137 vereinbaren.<\/p>\n","protected":false},"excerpt":{"rendered":"<div class=\"tmnf_excerpt\"><p>H\u00fcnfeld. Die n\u00e4chste ambulante Sprechstunde des H\u00fcnfelder B\u00fcrgerb\u00fcros findet am Montag, 18. Mai, ab 14.30 Uhr, statt. Senioren oder Behinderte, die keine M\u00f6glichkeit haben, f\u00fcr Erledigungen an der Stadtverwaltung ins Rathaus selbst zu kommen, k\u00f6nnen f\u00fcr diesen Tag ab 14.30 Uhr einen Termin vereinbaren, zu dem ein Mitarbeiter der Stadtverwaltung zu ihm nach Hause kommt. &hellip;<\/p>\n<\/div>","protected":false},"author":1,"featured_media":0,"comment_status":"closed","ping_status":"closed","sticky":false,"template":"","format":"standard","meta":{"footnotes":""},"categories":[1,53,29],"tags":[],"class_list":["post-28718","post","type-post","status-publish","format-standard","hentry","category-startseite","category-bildung","category-politik"],"_links":{"self":[{"href":"https:\/\/www.fuldaernachrichten.de\/index.php?rest_route=\/wp\/v2\/posts\/28718","targetHints":{"allow":["GET"]}}],"collection":[{"href":"https:\/\/www.fuldaernachrichten.de\/index.php?rest_route=\/wp\/v2\/posts"}],"about":[{"href":"https:\/\/www.fuldaernachrichten.de\/index.php?rest_route=\/wp\/v2\/types\/post"}],"author":[{"embeddable":true,"href":"https:\/\/www.fuldaernachrichten.de\/index.php?rest_route=\/wp\/v2\/users\/1"}],"replies":[{"embeddable":true,"href":"https:\/\/www.fuldaernachrichten.de\/index.php?rest_route=%2Fwp%2Fv2%2Fcomments&post=28718"}],"version-history":[{"count":3,"href":"https:\/\/www.fuldaernachrichten.de\/index.php?rest_route=\/wp\/v2\/posts\/28718\/revisions"}],"predecessor-version":[{"id":29299,"href":"https:\/\/www.fuldaernachrichten.de\/index.php?rest_route=\/wp\/v2\/posts\/28718\/revisions\/29299"}],"wp:attachment":[{"href":"https:\/\/www.fuldaernachrichten.de\/index.php?rest_route=%2Fwp%2Fv2%2Fmedia&parent=28718"}],"wp:term":[{"taxonomy":"category","embeddable":true,"href":"https:\/\/www.fuldaernachrichten.de\/index.php?rest_route=%2Fwp%2Fv2%2Fcategories&post=28718"},{"taxonomy":"post_tag","embeddable":true,"href":"https:\/\/www.fuldaernachrichten.de\/index.php?rest_route=%2Fwp%2Fv2%2Ftags&post=28718"}],"curies":[{"name":"wp","href":"https:\/\/api.w.org\/{rel}","templated":true}]}}