{"id":28712,"date":"2009-05-13T06:20:31","date_gmt":"2009-05-13T04:20:31","guid":{"rendered":"http:\/\/www.schoene-nachrichten.de\/?p=28712"},"modified":"2009-05-13T03:28:24","modified_gmt":"2009-05-13T01:28:24","slug":"augen-im-all-einmalige-planetariumsshow-im-vonderau-museum","status":"publish","type":"post","link":"https:\/\/www.fuldaernachrichten.de\/?p=28712","title":{"rendered":"&#8220;Augen im All\u201c &#8211; Einmalige Planetariumsshow im Vonderau Museum"},"content":{"rendered":"<p><strong>Fulda (cp). <\/strong>Mitte Mai ist der Start der europ\u00e4ischen Raumsonden Herschel und Planck mit einer Ariane Rakete geplant, am 17. Mai startet im Planetarium im Vonderau Museum das dazu passende Planetariumsprogramm \u201eAUGEN IM ALL-Vorsto\u00df ins unsichtbare Universum\u201c. \u201eAugen im All\u201c ist eine aufw\u00e4ndige Gemeinschaftsproduktion deutschsprachiger Planetarien und der europ\u00e4ischen Weltraumagentur ESA zum Internationalen Astronomiejahr 2009, die in Fulda als einem der wenigen entsprechend ausger\u00fcsteten Planetarien in der sogenannten Fulldome-Video-Version (ein kuppelf\u00fcllendes Videoformat mit zwei Spezialprojektoren) gezeigt werden kann.<\/p>\n<p><a href=\"http:\/\/www.schoene-nachrichten.de\/wp-content\/uploads\/2009\/05\/plank_01.jpg\"><img fetchpriority=\"high\" decoding=\"async\" class=\"alignnone size-thumbnail wp-image-28713\" title=\"Magistratspressestelle\" src=\"http:\/\/www.schoene-nachrichten.de\/wp-content\/uploads\/2009\/05\/plank_01-265x265.jpg\" alt=\"Magistratspressestelle\" width=\"265\" height=\"265\" srcset=\"https:\/\/www.fuldaernachrichten.de\/wp-content\/uploads\/2009\/05\/plank_01-265x265.jpg 265w, https:\/\/www.fuldaernachrichten.de\/wp-content\/uploads\/2009\/05\/plank_01.jpg 600w\" sizes=\"(max-width: 265px) 100vw, 265px\" \/><\/a> <a href=\"http:\/\/www.schoene-nachrichten.de\/wp-content\/uploads\/2009\/05\/marstesthalle.jpg\"><img decoding=\"async\" class=\"alignnone size-thumbnail wp-image-28715\" title=\"Magistratspressestelle\" src=\"http:\/\/www.schoene-nachrichten.de\/wp-content\/uploads\/2009\/05\/marstesthalle-265x111.jpg\" alt=\"Magistratspressestelle\" width=\"265\" height=\"111\" srcset=\"https:\/\/www.fuldaernachrichten.de\/wp-content\/uploads\/2009\/05\/marstesthalle-265x111.jpg 265w, https:\/\/www.fuldaernachrichten.de\/wp-content\/uploads\/2009\/05\/marstesthalle-1024x429.jpg 1024w, https:\/\/www.fuldaernachrichten.de\/wp-content\/uploads\/2009\/05\/marstesthalle.jpg 1432w\" sizes=\"(max-width: 265px) 100vw, 265px\" \/><\/a><!--more--><\/p>\n<p><strong>Er\u00f6ffnungsvortrag<\/strong><\/p>\n<p>Den Er\u00f6ffnungsvortrag zur Fuldaer Premiere im Rahmen des Internationalen Museumstages wird Herr Dr. Uwe Feucht (Leiter des Bereichs Flugdynamik der ESA in Darmstadt) um 10.30 Uhr im Vonderau Museum halten. Anschlie\u00dfend wird ab 12.15 Uhr im st\u00fcndlichen Rhythmus bis 16.15 die Planetariumsshow im Planetarium vorgef\u00fchrt. Kostenlose Reservierungskarten f\u00fcr die Planetariumsshows werden (solange der Vorrat reicht) w\u00e4hrend des Er\u00f6ffnungsvortrages ausgegeben, eventuelle Restbest\u00e4nde danach an der Museumskasse.<\/p>\n<p><strong>Aufw\u00e4ndige Produktion<\/strong><\/p>\n<p>Das Planetarium im Vonderau Museum geh\u00f6rt zu den Premiumpartnern der Arbeitsgemeinschaft deutschsprachiger Planetarien und der ESA, die Anfang 2007 mit der Vorbereitung dieser in ihrem Aufwand bisher einmaligen Planetariumsshow begannen. Nie zuvor wurde eine aktuelle wissenschaftliche Raumfahrtmission der ESA praktisch zeitgleich von einer Planetariumsshow begleitet, nie zuvor hatte ein Produktionsteam einen derartig umfassenden Zugriff auf die Ressourcen der ESA. Selten zuvor wurden f\u00fcr eine Planetariumsproduktion in einem Theater mit Schauspielern aufgenommene Spielszenen mittels Blue-Screen-Technik in virtuelle Szenarien kopiert.<\/p>\n<p>Besonders aufw\u00e4ndig sind auch die 3D-Animationen, da die Erstellung einer Szene auf den Rechnern oft Wochen dauert. Zum Kieler Produktionsteam unter Federf\u00fchrung des Mediendoms der Fachhochschule Kiel geh\u00f6rte im \u00fcbrigen mit Joachim Perschbacher auch ein ehemaliges Mitglied des Fuldaer Planetariumsteams, welcher vor zwei Jahren zur Wiederer\u00f6ffnung nach der Planetariumserneuerung schon 3D-Animationen f\u00fcr das Fuldaer Er\u00f6ffnungsprogramm erstellt hatte.<\/p>\n","protected":false},"excerpt":{"rendered":"<div class=\"tmnf_excerpt\"><p>Fulda (cp). Mitte Mai ist der Start der europ\u00e4ischen Raumsonden Herschel und Planck mit einer Ariane Rakete geplant, am 17. Mai startet im Planetarium im Vonderau Museum das dazu passende Planetariumsprogramm \u201eAUGEN IM ALL-Vorsto\u00df ins unsichtbare Universum\u201c. \u201eAugen im All\u201c ist eine aufw\u00e4ndige Gemeinschaftsproduktion deutschsprachiger Planetarien und der europ\u00e4ischen Weltraumagentur ESA zum Internationalen Astronomiejahr 2009, &hellip;<\/p>\n<\/div>","protected":false},"author":1,"featured_media":0,"comment_status":"closed","ping_status":"closed","sticky":false,"template":"","format":"standard","meta":{"footnotes":""},"categories":[1,53,44,48],"tags":[],"class_list":["post-28712","post","type-post","status-publish","format-standard","hentry","category-startseite","category-bildung","category-kultur","category-forschung"],"_links":{"self":[{"href":"https:\/\/www.fuldaernachrichten.de\/index.php?rest_route=\/wp\/v2\/posts\/28712","targetHints":{"allow":["GET"]}}],"collection":[{"href":"https:\/\/www.fuldaernachrichten.de\/index.php?rest_route=\/wp\/v2\/posts"}],"about":[{"href":"https:\/\/www.fuldaernachrichten.de\/index.php?rest_route=\/wp\/v2\/types\/post"}],"author":[{"embeddable":true,"href":"https:\/\/www.fuldaernachrichten.de\/index.php?rest_route=\/wp\/v2\/users\/1"}],"replies":[{"embeddable":true,"href":"https:\/\/www.fuldaernachrichten.de\/index.php?rest_route=%2Fwp%2Fv2%2Fcomments&post=28712"}],"version-history":[{"count":3,"href":"https:\/\/www.fuldaernachrichten.de\/index.php?rest_route=\/wp\/v2\/posts\/28712\/revisions"}],"predecessor-version":[{"id":28751,"href":"https:\/\/www.fuldaernachrichten.de\/index.php?rest_route=\/wp\/v2\/posts\/28712\/revisions\/28751"}],"wp:attachment":[{"href":"https:\/\/www.fuldaernachrichten.de\/index.php?rest_route=%2Fwp%2Fv2%2Fmedia&parent=28712"}],"wp:term":[{"taxonomy":"category","embeddable":true,"href":"https:\/\/www.fuldaernachrichten.de\/index.php?rest_route=%2Fwp%2Fv2%2Fcategories&post=28712"},{"taxonomy":"post_tag","embeddable":true,"href":"https:\/\/www.fuldaernachrichten.de\/index.php?rest_route=%2Fwp%2Fv2%2Ftags&post=28712"}],"curies":[{"name":"wp","href":"https:\/\/api.w.org\/{rel}","templated":true}]}}