{"id":2871,"date":"2007-05-01T08:00:14","date_gmt":"2007-05-01T06:00:14","guid":{"rendered":"http:\/\/www.schoene-nachrichten.de\/?p=2871"},"modified":"2007-05-01T08:04:30","modified_gmt":"2007-05-01T06:04:30","slug":"6-existenzgruender-und-innovationsmesse-innovative-jungunternehmen-als-aussteller-gesucht","status":"publish","type":"post","link":"https:\/\/www.fuldaernachrichten.de\/?p=2871","title":{"rendered":"6. Existenzgr\u00fcnder- und Innovationsmesse &#8211; Innovative Jungunternehmen als Aussteller gesucht"},"content":{"rendered":"<p><strong>Sch\u00f6nes aus Fulda.<\/strong> Mit einer neuen Konzeption startet das Regionale Standortmarketing der Wirtschaftsregion Fulda die 6. Auflage der Existenzgr\u00fcndermesse. Neben beratenden Institutionen und Unternehmen erhalten erstmals auch Gr\u00fcnder- und Jungunternehmer selbst die M\u00f6glichkeit, sich und ihre Leistungen im ITZ-Fulda einer breiten \u00d6ffentlichkeit zu zeigen.<!--more--><\/p>\n<p>Geblieben sind nat\u00fcrlich die bisherigen Eckpunkte der vorangegangenen f\u00fcnf Existenzgr\u00fcndermessen mit Expertenst\u00e4nden und Fachvortr\u00e4gen. Besonderes Augenmerk legen die Veranstalter wiederum auf den Faktor Existenzsicherung. Im Rahmen der Messe, die am\u00c2\u00a029. Juni stattfindet,\u00c2\u00a0wird \u00fcber aktuelle \u00dcbernahmeangebote informiert<\/p>\n<p>Nach den Worten von Regionalmanager Christoph Burkard wird mit der Erweiterung des Ausstellerkreises auf Existenzgr\u00fcnder und Jungunternehmen eine doppelte Zielsetzung verfolgt. Wer sich mit dem Gedanken der Existenzgr\u00fcndung trage, der k\u00f6nne sich jetzt nicht nur bei Experten, sondern auch bei den Jungunternehmern selbst informieren.<\/p>\n<p>Die zweite Zielrichtung dr\u00fccke sich im Zusatz \u201eInnovationsmesse\u201c aus. Das Standortmarketing biete den Jungunternehmern die M\u00f6glichkeit, sich und ihre Produkte und Dienstleistungen auch der Unternehmerschaft der Wirtschaftsregion zu pr\u00e4sentieren.\u00c2\u00a0 Burkard: \u201eAlle Existenzgr\u00fcnder- und Jungunternehmer, die im Rahmen der Messe ausstellen, werden im Rahmen einer Sonderbeilage der IHK-Zeitung und der Zeitschrift \u201eMeisterbrief\u201c der Kreishandwerkerschaft Fulda vorgestellt.\u201c Dadurch erhoffen sich die Verantwortlichen, m\u00f6glichst viele Unternehmer zum Besuch der Messe zu bewegen.<\/p>\n<p>Ziel sei es, den Jungunternehmern auch qualitative Kundenkontakte zu erm\u00f6glichen. Schlie\u00dflich wird die Existenzgr\u00fcnder- und Innovationsmesse mit einer weiteren Neuerung ausklingen. Aussteller und Besucher, Gr\u00fcnder, Jungunternehmer und Berater treffen sich zu einem z\u00fcnftigen Messeausklang und guten Kontaktgespr\u00e4chen im Anschluss an die Messe im Bistro des ITZ.<\/p>\n<p>Die 6. Existenzgr\u00fcnder- und Innovationsmesse wird finanziell vom Regionalen Standortmarketing gef\u00f6rdert. Die Schirmherrschaft haben Oberb\u00fcrgermeister Gerhard M\u00f6ller und Landrat Bernd Woide\u00c2\u00a0 \u00fcbernommen. Die Zahl der Ausstellerpl\u00e4tze ist beschr\u00e4nkt. Die Ausstellungsst\u00e4nde sind f\u00fcr Existenzgr\u00fcnder- und Jungunternehmen kostenfrei. Es entstehen lediglich anteilige Kosten f\u00fcr die Kurzportraits in den Werbebeilagen in H\u00f6he von 180 Euro inklusive Mehrwertsteuer. Anmeldeschluss ist Donnerstag, der 12. Mai 2007.<\/p>\n<p>Die Anmeldungen sind zu richten an:\u00c2\u00a0 Regionalmanager Christoph Burkard, e-mail: <a href=\"mailto:regionalmanager@wirtschaftsregionfulda.de\">regionalmanager@wirtschaftsregionfulda.de<\/a>; Tel. 0661-28436.<\/p>\n","protected":false},"excerpt":{"rendered":"<div class=\"tmnf_excerpt\"><p>Sch\u00f6nes aus Fulda. Mit einer neuen Konzeption startet das Regionale Standortmarketing der Wirtschaftsregion Fulda die 6. Auflage der Existenzgr\u00fcndermesse. Neben beratenden Institutionen und Unternehmen erhalten erstmals auch Gr\u00fcnder- und Jungunternehmer selbst die M\u00f6glichkeit, sich und ihre Leistungen im ITZ-Fulda einer breiten \u00d6ffentlichkeit zu zeigen.<\/p>\n<\/div>","protected":false},"author":1,"featured_media":0,"comment_status":"closed","ping_status":"closed","sticky":false,"template":"","format":"standard","meta":{"footnotes":""},"categories":[1],"tags":[],"class_list":["post-2871","post","type-post","status-publish","format-standard","hentry","category-startseite"],"_links":{"self":[{"href":"https:\/\/www.fuldaernachrichten.de\/index.php?rest_route=\/wp\/v2\/posts\/2871","targetHints":{"allow":["GET"]}}],"collection":[{"href":"https:\/\/www.fuldaernachrichten.de\/index.php?rest_route=\/wp\/v2\/posts"}],"about":[{"href":"https:\/\/www.fuldaernachrichten.de\/index.php?rest_route=\/wp\/v2\/types\/post"}],"author":[{"embeddable":true,"href":"https:\/\/www.fuldaernachrichten.de\/index.php?rest_route=\/wp\/v2\/users\/1"}],"replies":[{"embeddable":true,"href":"https:\/\/www.fuldaernachrichten.de\/index.php?rest_route=%2Fwp%2Fv2%2Fcomments&post=2871"}],"version-history":[{"count":0,"href":"https:\/\/www.fuldaernachrichten.de\/index.php?rest_route=\/wp\/v2\/posts\/2871\/revisions"}],"wp:attachment":[{"href":"https:\/\/www.fuldaernachrichten.de\/index.php?rest_route=%2Fwp%2Fv2%2Fmedia&parent=2871"}],"wp:term":[{"taxonomy":"category","embeddable":true,"href":"https:\/\/www.fuldaernachrichten.de\/index.php?rest_route=%2Fwp%2Fv2%2Fcategories&post=2871"},{"taxonomy":"post_tag","embeddable":true,"href":"https:\/\/www.fuldaernachrichten.de\/index.php?rest_route=%2Fwp%2Fv2%2Ftags&post=2871"}],"curies":[{"name":"wp","href":"https:\/\/api.w.org\/{rel}","templated":true}]}}