{"id":28707,"date":"2009-05-13T06:02:56","date_gmt":"2009-05-13T04:02:56","guid":{"rendered":"http:\/\/www.schoene-nachrichten.de\/?p=28707"},"modified":"2009-05-13T18:30:32","modified_gmt":"2009-05-13T16:30:32","slug":"milchbauern-unterstuetzen-billigmilch-boykottieren","status":"publish","type":"post","link":"https:\/\/www.fuldaernachrichten.de\/?p=28707","title":{"rendered":"Milchbauern unterst\u00fctzen &#8211; Billigmilch boykottieren"},"content":{"rendered":"<p><strong>Fulda.<\/strong> \u201eWir Verbraucher sollten uns der Macht bewusst sein, die wir mit unserem Kaufverhalten haben\u201c, kommentiert die Landtagsabgeordnete Margaretha H\u00f6lldobler-Heum\u00fcller die neuerliche Senkung des Milchpreises bei Aldi und ruft dazu auf, die Billigmilch bei den Discountern zu boykottieren. \u201eDieses unanst\u00e4ndige Preisdumping soll K\u00e4ufer in die L\u00e4den locken. Die anderen Discounter glauben nachziehen zu m\u00fcssen, und damit wird ein hochwertiges Lebensmittel verramscht, und die Leidtragenden sind die Bauern und ihre Familien.<!--more--><\/p>\n<p><strong>So billige Lebensmittel gibt es nicht<\/strong><\/p>\n<p>\u201c Alle, die\u00c2\u00a0 zu der billigen Milch greifen, m\u00fcssten sich klar machen, dass die Preissenkungen die Bauern unausweislich in den Ruin treiben. \u201eDenn so billige Lebensmittel gibt es nicht\u201c, sagt die GR\u00dcNE. \u201eEs ist unfair gegen\u00fcber den Landwirten, die ihre Produkte t\u00e4glich absetzen m\u00fcssen. Viele leben schon jetzt von der Substanz, m\u00fcssen Schulden machen und denken ans Aufgeben. Wenn wir nicht mit den Einkaufswagen abstimmen, wird ein H\u00f6festerben einsetzen.\u201c Die Bauern br\u00e4uchten 40 Cent pro Liter, was sie im letzten Jahr bereits erfolgreich durchgesetzt hatten. Leider habe ihnen eine breite politische Unterst\u00fctzung gefehlt. So hatten im Bundesrat nur Hessen, Bayern und Bremen den Vereinbarungen des Milchgipfels zugestimmt. Durch die fehlende Unterst\u00fctzung der \u00fcbrigen L\u00e4nder sei dieser korrekte Preis nicht zu halten gewesen sei.<\/p>\n<p><strong>Viele haben einen 12 Stunden Tag<br \/>\n<\/strong><br \/>\n\u201eBis die versprochene Unterst\u00fctzung der Landesregierung greift, kann es f\u00fcr viele H\u00f6fe zu sp\u00e4t sein\u201c, so Margaretha H\u00f6lldobler-Heum\u00fcller. \u201eAu\u00dferdem geht es den Milchbauern nicht um Subventionen, sondern um einen fairen Preis f\u00fcr ihre Produkte.\u201c Gerade im Raum Fulda haben wir gen\u00fcgend M\u00f6glichkeiten, gute Milch zu einem anst\u00e4ndigen Preis zu kaufen, der den Bauern ihre Arbeit lohne. Es gebe sicherlich Renter und Hartz IV Empf\u00e4nger, die auf den Cent schauen m\u00fcssten, aber f\u00fcr die meisten Verbraucher sei ein h\u00f6herer Milchpreis erschwinglich: \u201eBei\u00c2\u00a0 einem Preis von 70 Cent pro Liter kostet die Milch nur so viel wie ein Schokoriegel an der Kasse, oder wie eine Kugel Eis.\u201c<\/p>\n<p>Die niedrigen Preis f\u00fcr Milchprodukte vertieften den Eindruck, diese seien nichts \u201ewert\u201c. Dabei sei Milch ein wichtiges und gesundes Lebensmittel, und die Landwirte arbeiteten hart daf\u00fcr: \u201eViele haben einen 12 Stunden Tag. Zudem sind sie mit ihrer\u00c2\u00a0 Gr\u00fcndlandbewirtschaftung unverzichtbar f\u00fcr die Erhaltung unserer Kulturlandschaft. Das m\u00fcssen wir honorieren und die Billigmilch boykottieren\u201c, so die Gr\u00fcne, die gleichzeitig daran erinnert, dass vor zehn Jahren ein S\u00fcssigkeitenriegel der Firma Nestle &#8211; der Butterfinger \u2013\u00c2\u00a0 welcher gentechnisch ver\u00e4nderten Mais enthielt, wegen der Proteste von Verbrauchern und Verbrauchersch\u00fctzern vom Markt genommen wurde.<\/p>\n<p>Es sei wichtig, dass die Verbraucher sich ihrer Einkaufsmacht bewusst w\u00fcrden. Aber nat\u00fcrlich k\u00f6nnte man einen Absatz zu reelen Preisen auch in der Region f\u00f6rdern, indem\u00c2\u00a0 Gro\u00dfverbraucher wie z.B. Kantinen und Gastst\u00e4tten sich entschliessen, nur noch Milch zu reelen Preisen abzunehmen \u2013 damit k\u00f6nnten sie auch werben. Und nat\u00fcrlich k\u00f6nnen gerade Cafes, Restaurantes und Gastst\u00e4tten \u00fcberlegen, ob sie ihr Getr\u00e4nkeangebot\u00c2\u00a0 mit frischer Milch, Milchmixgetr\u00e4nken oder Buttermilch zu fairen Preisen erweitern.<\/p>\n","protected":false},"excerpt":{"rendered":"<div class=\"tmnf_excerpt\"><p>Fulda. \u201eWir Verbraucher sollten uns der Macht bewusst sein, die wir mit unserem Kaufverhalten haben\u201c, kommentiert die Landtagsabgeordnete Margaretha H\u00f6lldobler-Heum\u00fcller die neuerliche Senkung des Milchpreises bei Aldi und ruft dazu auf, die Billigmilch bei den Discountern zu boykottieren. \u201eDieses unanst\u00e4ndige Preisdumping soll K\u00e4ufer in die L\u00e4den locken. Die anderen Discounter glauben nachziehen zu m\u00fcssen, und &hellip;<\/p>\n<\/div>","protected":false},"author":1,"featured_media":0,"comment_status":"closed","ping_status":"closed","sticky":false,"template":"","format":"standard","meta":{"footnotes":""},"categories":[1,37,29],"tags":[],"class_list":["post-28707","post","type-post","status-publish","format-standard","hentry","category-startseite","category-essen-und-trinken","category-politik"],"_links":{"self":[{"href":"https:\/\/www.fuldaernachrichten.de\/index.php?rest_route=\/wp\/v2\/posts\/28707","targetHints":{"allow":["GET"]}}],"collection":[{"href":"https:\/\/www.fuldaernachrichten.de\/index.php?rest_route=\/wp\/v2\/posts"}],"about":[{"href":"https:\/\/www.fuldaernachrichten.de\/index.php?rest_route=\/wp\/v2\/types\/post"}],"author":[{"embeddable":true,"href":"https:\/\/www.fuldaernachrichten.de\/index.php?rest_route=\/wp\/v2\/users\/1"}],"replies":[{"embeddable":true,"href":"https:\/\/www.fuldaernachrichten.de\/index.php?rest_route=%2Fwp%2Fv2%2Fcomments&post=28707"}],"version-history":[{"count":5,"href":"https:\/\/www.fuldaernachrichten.de\/index.php?rest_route=\/wp\/v2\/posts\/28707\/revisions"}],"predecessor-version":[{"id":28774,"href":"https:\/\/www.fuldaernachrichten.de\/index.php?rest_route=\/wp\/v2\/posts\/28707\/revisions\/28774"}],"wp:attachment":[{"href":"https:\/\/www.fuldaernachrichten.de\/index.php?rest_route=%2Fwp%2Fv2%2Fmedia&parent=28707"}],"wp:term":[{"taxonomy":"category","embeddable":true,"href":"https:\/\/www.fuldaernachrichten.de\/index.php?rest_route=%2Fwp%2Fv2%2Fcategories&post=28707"},{"taxonomy":"post_tag","embeddable":true,"href":"https:\/\/www.fuldaernachrichten.de\/index.php?rest_route=%2Fwp%2Fv2%2Ftags&post=28707"}],"curies":[{"name":"wp","href":"https:\/\/api.w.org\/{rel}","templated":true}]}}