{"id":28701,"date":"2009-05-13T06:18:29","date_gmt":"2009-05-13T04:18:29","guid":{"rendered":"http:\/\/www.schoene-nachrichten.de\/?p=28701"},"modified":"2009-05-13T03:28:53","modified_gmt":"2009-05-13T01:28:53","slug":"klinikum-fulda-startet-beim-gwv-challenge-lauf","status":"publish","type":"post","link":"https:\/\/www.fuldaernachrichten.de\/?p=28701","title":{"rendered":"Klinikum Fulda startet beim GWV Challenge-Lauf"},"content":{"rendered":"<p><strong>Fulda. <\/strong>Am Samstag, 16.05.2008, findet zum dritten Mal der GWV Challenge-Lauf statt. Das Klinikum Fulda tritt auch in diesem Jahr als Sponsor auf und wird mit einem L\u00e4uferteam an den Start gehen. Als Rahmenprogramm pr\u00e4sentiert sich das Klinikum mit einem Stand in der Bahnhofstrasse.<!--more--><\/p>\n<p><strong>Einmal durch Fulda<br \/>\n<\/strong><br \/>\nDer 5,8 km lange Lauf startet auf dem Gel\u00e4nde der Gas- und Wasserversorgung Fulda und f\u00fchrt \u00fcber die L\u00f6herstrasse, durch die Innenstadt bis zum Rosenbad. Alle Zuschauer sind herzlich eingeladen am Stand des Klinikums Fulda in der Bahnhofstrasse\/Ecke Lindenstrasse die L\u00e4ufer tatkr\u00e4ftig zu motivieren und auch selber Spa\u00df zu haben. Gro\u00df und Klein werden auf ihre Kosten kommen: von 12.00 Uhr bis 17.00 Uhr wird f\u00fcr die kleinen Zuschauer Kinderschminken mit dem Zirkus Ikarus angeboten und ein Stelzenl\u00e4ufer modelliert Luftballons. Der Verkaufserl\u00f6s von Kuchen, Muffins, Getr\u00e4nken und Fr\u00fcchtepunsch\u00c2\u00a0 kommt dem F\u00f6rderverein K\u00e4nguruh zu Gute.<\/p>\n<p><strong>Besondere Vorbildfunktion in Sachen Gesundheit<\/strong><\/p>\n<p>Das Klinikum Fulda nimmt selbst an dem Challenge-Lauf mit einem L\u00e4uferteam\u00c2\u00a0 teil und ist sich der Bedeutung der Aufkl\u00e4rung, nicht nur gegen\u00fcber der Bev\u00f6lkerung sondern auch seiner Mitarbeiter bewusst. Es gibt bereits seit Jahren eine Laufgruppe, die sich regelm\u00e4\u00dfig triff. Das Klinikum Fulda sieht seine besondere Verantwortung, gerade auch im Bereich der Gesundheitspr\u00e4vention. Bewegung und Ausdauersport spielen f\u00fcr die Gesundheit eine wichtige Rolle. \u201eViele Krankheiten werden durch Bewegungsmangel gef\u00f6rdert, insbesondere Herz- und Kreislauferkrankungen. Jogging, Walking und das Gelenk schonende Nordic Walking sind daher aus medizinischer Sicht begr\u00fc\u00dfenswert\u201c, erl\u00e4uterte Prof. Dr. med. Daniel Jaspersen, Direktor der Medizinischen Klinik II, Marathonl\u00e4ufer und Schirmherr der Laufsportgruppe.<\/p>\n","protected":false},"excerpt":{"rendered":"<div class=\"tmnf_excerpt\"><p>Fulda. Am Samstag, 16.05.2008, findet zum dritten Mal der GWV Challenge-Lauf statt. Das Klinikum Fulda tritt auch in diesem Jahr als Sponsor auf und wird mit einem L\u00e4uferteam an den Start gehen. Als Rahmenprogramm pr\u00e4sentiert sich das Klinikum mit einem Stand in der Bahnhofstrasse.<\/p>\n<\/div>","protected":false},"author":1,"featured_media":0,"comment_status":"closed","ping_status":"closed","sticky":false,"template":"","format":"standard","meta":{"footnotes":""},"categories":[1,51,46],"tags":[],"class_list":["post-28701","post","type-post","status-publish","format-standard","hentry","category-startseite","category-medizin","category-sport"],"_links":{"self":[{"href":"https:\/\/www.fuldaernachrichten.de\/index.php?rest_route=\/wp\/v2\/posts\/28701","targetHints":{"allow":["GET"]}}],"collection":[{"href":"https:\/\/www.fuldaernachrichten.de\/index.php?rest_route=\/wp\/v2\/posts"}],"about":[{"href":"https:\/\/www.fuldaernachrichten.de\/index.php?rest_route=\/wp\/v2\/types\/post"}],"author":[{"embeddable":true,"href":"https:\/\/www.fuldaernachrichten.de\/index.php?rest_route=\/wp\/v2\/users\/1"}],"replies":[{"embeddable":true,"href":"https:\/\/www.fuldaernachrichten.de\/index.php?rest_route=%2Fwp%2Fv2%2Fcomments&post=28701"}],"version-history":[{"count":4,"href":"https:\/\/www.fuldaernachrichten.de\/index.php?rest_route=\/wp\/v2\/posts\/28701\/revisions"}],"predecessor-version":[{"id":28753,"href":"https:\/\/www.fuldaernachrichten.de\/index.php?rest_route=\/wp\/v2\/posts\/28701\/revisions\/28753"}],"wp:attachment":[{"href":"https:\/\/www.fuldaernachrichten.de\/index.php?rest_route=%2Fwp%2Fv2%2Fmedia&parent=28701"}],"wp:term":[{"taxonomy":"category","embeddable":true,"href":"https:\/\/www.fuldaernachrichten.de\/index.php?rest_route=%2Fwp%2Fv2%2Fcategories&post=28701"},{"taxonomy":"post_tag","embeddable":true,"href":"https:\/\/www.fuldaernachrichten.de\/index.php?rest_route=%2Fwp%2Fv2%2Ftags&post=28701"}],"curies":[{"name":"wp","href":"https:\/\/api.w.org\/{rel}","templated":true}]}}