{"id":2866,"date":"2007-05-02T06:00:32","date_gmt":"2007-05-02T04:00:32","guid":{"rendered":"http:\/\/www.schoene-nachrichten.de\/?p=2866"},"modified":"2007-05-02T06:00:35","modified_gmt":"2007-05-02T04:00:35","slug":"eugen-gomringer-zu-gast-in-huenfeld","status":"publish","type":"post","link":"https:\/\/www.fuldaernachrichten.de\/?p=2866","title":{"rendered":"Eugen Gomringer zu Gast in H\u00fcnfeld"},"content":{"rendered":"<p><strong>Termin.<\/strong>\u00c2\u00a0Ganz unmittelbare Einblicke in die Entstehung und Entwicklung der Konkreten Poesie wird ihr Begr\u00fcnder Eugen Gomringer am n\u00e4chsten H\u00fcnfelder Rathausabend am Dienstag, 8. Mai, bieten. Dort wird er aus seiner Autobiographie lesen, die im vergangenen Jahr erschienen ist.<!--more--><\/p>\n<p>Dieser Rathausabend wird ein H\u00f6hepunkt im H\u00fcnfelder Veranstaltungskalender sein und dar\u00fcber hinaus die Bedeutung der Haunestadt in der Konkreten Kunst darstellen, die vor allem mit dem Namen J\u00fcrgen Blum verbunden ist. Die Avantgarde-Kunst des 20. Jahrhunderts hatte gro\u00dfe Auswirkungen auf die Literatur in Gestalt der Konkreten Poesie.<\/p>\n<p>Ihr Ziel ist es, Texten einen erweiterten Sinn durch die Textstrukturen zu geben und so zu eigenen Kunstformen, die den Leser ganz direkt in seiner Interpretation herausfordern sollen, zu entwickeln. Gomringer selbst ist in H\u00fcnfeld zu finden, wenn man seine Arbeiten am Kreisel vor der JVA H\u00fcnfeld und eingelassen im Fu\u00df- und Radweg entlang der Molzbacher Stra\u00dfe betrachtet. Im H\u00fcnfelder Museum Modern Art ist ihm zudem ein eigener Ausstellungsbereich gewidmet.<\/p>\n<p>Der Rathausabend in H\u00fcnfeld beginnt um 20 Uhr; Einlass ist ab 19 Uhr. Karten sind an der Abendkasse erh\u00e4ltlich.<br \/>\n\u00c2\u00a0<\/p>\n","protected":false},"excerpt":{"rendered":"<div class=\"tmnf_excerpt\"><p>Termin.\u00c2\u00a0Ganz unmittelbare Einblicke in die Entstehung und Entwicklung der Konkreten Poesie wird ihr Begr\u00fcnder Eugen Gomringer am n\u00e4chsten H\u00fcnfelder Rathausabend am Dienstag, 8. Mai, bieten. Dort wird er aus seiner Autobiographie lesen, die im vergangenen Jahr erschienen ist.<\/p>\n<\/div>","protected":false},"author":1,"featured_media":0,"comment_status":"closed","ping_status":"closed","sticky":false,"template":"","format":"standard","meta":{"footnotes":""},"categories":[1,53,44],"tags":[],"class_list":["post-2866","post","type-post","status-publish","format-standard","hentry","category-startseite","category-bildung","category-kultur"],"_links":{"self":[{"href":"https:\/\/www.fuldaernachrichten.de\/index.php?rest_route=\/wp\/v2\/posts\/2866","targetHints":{"allow":["GET"]}}],"collection":[{"href":"https:\/\/www.fuldaernachrichten.de\/index.php?rest_route=\/wp\/v2\/posts"}],"about":[{"href":"https:\/\/www.fuldaernachrichten.de\/index.php?rest_route=\/wp\/v2\/types\/post"}],"author":[{"embeddable":true,"href":"https:\/\/www.fuldaernachrichten.de\/index.php?rest_route=\/wp\/v2\/users\/1"}],"replies":[{"embeddable":true,"href":"https:\/\/www.fuldaernachrichten.de\/index.php?rest_route=%2Fwp%2Fv2%2Fcomments&post=2866"}],"version-history":[{"count":0,"href":"https:\/\/www.fuldaernachrichten.de\/index.php?rest_route=\/wp\/v2\/posts\/2866\/revisions"}],"wp:attachment":[{"href":"https:\/\/www.fuldaernachrichten.de\/index.php?rest_route=%2Fwp%2Fv2%2Fmedia&parent=2866"}],"wp:term":[{"taxonomy":"category","embeddable":true,"href":"https:\/\/www.fuldaernachrichten.de\/index.php?rest_route=%2Fwp%2Fv2%2Fcategories&post=2866"},{"taxonomy":"post_tag","embeddable":true,"href":"https:\/\/www.fuldaernachrichten.de\/index.php?rest_route=%2Fwp%2Fv2%2Ftags&post=2866"}],"curies":[{"name":"wp","href":"https:\/\/api.w.org\/{rel}","templated":true}]}}