{"id":28515,"date":"2009-05-11T09:26:13","date_gmt":"2009-05-11T07:26:13","guid":{"rendered":"http:\/\/www.schoene-nachrichten.de\/?p=28515"},"modified":"2009-05-11T09:26:13","modified_gmt":"2009-05-11T07:26:13","slug":"72-stunden-pfadfinder-auf-neuen-pfaden","status":"publish","type":"post","link":"https:\/\/www.fuldaernachrichten.de\/?p=28515","title":{"rendered":"72 Stunden: Pfadfinder auf neuen Pfaden"},"content":{"rendered":"<p><strong>Neuenberg.<\/strong> \u201eJeden Tag ein gute Tat\u201c, diesen Satz verbinden wohl die meisten direkt mit den Pfadfindern. Eine einzige gro\u00dfe gute Tat leisten die Pfadfinder der DPSG St. Andreas w\u00e4hrend der 72-Stunden-Aktion. Sie haben die Aufgabe den Heimattiergarten in Neuenberg auf Vordermann zu bringen. Dazu geh\u00f6rt die Erneuerung der Z\u00e4une, die teilweise eine Verletzungsgefahr f\u00fcr die Tiere darstellten, oder der Ausbau eines begehbaren Geheges. Eine zweite Gruppe, die Messdiener der Gemeinde St. Andreas Neuenberg, sind \u00fcbrigens auch f\u00fcr den Tiergarten aktiv. Sie gestalten eine Beschilderung aus Emaille sowie eine Karte mit Tierhistorie.<\/p>\n<p><strong>Fotos (13):<\/strong> Max Colin Heydenreich<\/p>\n<p><a title=\"Foto: Max Colin Heydenreich\" rel=\"lightbox[roadtrip]\" href=\"http:\/\/www.schoene-nachrichten.de\/wp-content\/uploads\/2009\/05\/090511_72_117.jpg\" target=\"_blank\"><img decoding=\"async\" src=\"http:\/\/www.schoene-nachrichten.de\/wp-content\/uploads\/2009\/05\/090511_72_117.thumbnail.jpg\" alt=\"090511_72_117.jpg\" width=\"265\" \/><\/a> <a title=\"Foto: Max Colin Heydenreich\" rel=\"lightbox[roadtrip]\" href=\"http:\/\/www.schoene-nachrichten.de\/wp-content\/uploads\/2009\/05\/090511_72_118.jpg\" target=\"_blank\"><img decoding=\"async\" src=\"http:\/\/www.schoene-nachrichten.de\/wp-content\/uploads\/2009\/05\/090511_72_118.thumbnail.jpg\" alt=\"090511_72_118.jpg\" width=\"265\" \/><\/a><\/p>\n<p><a title=\"Foto: Max Colin Heydenreich\" rel=\"lightbox[roadtrip]\" href=\"http:\/\/www.schoene-nachrichten.de\/wp-content\/uploads\/2009\/05\/090511_72_115.jpg\" target=\"_blank\"><img decoding=\"async\" src=\"http:\/\/www.schoene-nachrichten.de\/wp-content\/uploads\/2009\/05\/090511_72_115.thumbnail.jpg\" alt=\"090511_72_115.jpg\" width=\"265\" \/><\/a> <a title=\"Foto: Max Colin Heydenreich\" rel=\"lightbox[roadtrip]\" href=\"http:\/\/www.schoene-nachrichten.de\/wp-content\/uploads\/2009\/05\/090511_72_116.jpg\" target=\"_blank\"><img decoding=\"async\" src=\"http:\/\/www.schoene-nachrichten.de\/wp-content\/uploads\/2009\/05\/090511_72_116.thumbnail.jpg\" alt=\"090511_72_116.jpg\" width=\"265\" \/><\/a><\/p>\n<p><!--more--><\/p>\n<p>Nach der Abstimmung bei einer Stammesversammlung stand es fest: Die Neuenberger Pfadfinder sind dabei. Und bereut haben sie es w\u00e4hrend der Aktion kein bisschen, trotz mancher Schwierigkeiten bei der Arbeit. Stephan Fehrnbach und Ren\u00e9 Kriegelstein \u2013 beide 15 Jahre alt \u2013 strahlen, wenn sie von dem gemeinsamen Projekt berichten und auch der elfj\u00e4hrige Yannick Redweik ist ganz aufgeregt vor Stolz und Freude dabei sein zu d\u00fcrfen. Stolz sind sie darauf, dass sie so manches Problem gemeistert haben: \u201eBei den Arbeiten am Steilhang oder beim Ausgraben des Betonfundamentes eines alten Gatters m\u00fcssen wir ganz sch\u00f6n schuften\u201c, erz\u00e4hlt Ren\u00e9 und bemerkt, dass er sich an dem Gatter auch aufgeschrammt hat, aber f\u00fcr das gemeinsame Projekt nimmt er das in Kauf. Die Arbeit mit richtig schwerem Ger\u00e4t entsch\u00e4digt ihn daf\u00fcr, denn diese Herausforderung macht ihm besonderen Spa\u00df.<\/p>\n<p><a title=\"Foto: Max Colin Heydenreich\" rel=\"lightbox[roadtrip]\" href=\"http:\/\/www.schoene-nachrichten.de\/wp-content\/uploads\/2009\/05\/090511_72_111.jpg\" target=\"_blank\"><img decoding=\"async\" src=\"http:\/\/www.schoene-nachrichten.de\/wp-content\/uploads\/2009\/05\/090511_72_111.thumbnail.jpg\" alt=\"090511_72_111.jpg\" width=\"265\" \/><\/a> <a title=\"Foto: Max Colin Heydenreich\" rel=\"lightbox[roadtrip]\" href=\"http:\/\/www.schoene-nachrichten.de\/wp-content\/uploads\/2009\/05\/090511_72_112.jpg\" target=\"_blank\"><img decoding=\"async\" src=\"http:\/\/www.schoene-nachrichten.de\/wp-content\/uploads\/2009\/05\/090511_72_112.thumbnail.jpg\" alt=\"090511_72_112.jpg\" width=\"265\" \/><\/a><\/p>\n<p><a title=\"Foto: Max Colin Heydenreich\" rel=\"lightbox[roadtrip]\" href=\"http:\/\/www.schoene-nachrichten.de\/wp-content\/uploads\/2009\/05\/090511_72_113.jpg\" target=\"_blank\"><img decoding=\"async\" src=\"http:\/\/www.schoene-nachrichten.de\/wp-content\/uploads\/2009\/05\/090511_72_113.thumbnail.jpg\" alt=\"090511_72_113.jpg\" width=\"265\" \/><\/a> <a title=\"Foto: Max Colin Heydenreich\" rel=\"lightbox[roadtrip]\" href=\"http:\/\/www.schoene-nachrichten.de\/wp-content\/uploads\/2009\/05\/090511_72_114.jpg\" target=\"_blank\"><img decoding=\"async\" src=\"http:\/\/www.schoene-nachrichten.de\/wp-content\/uploads\/2009\/05\/090511_72_114.thumbnail.jpg\" alt=\"090511_72_114.jpg\" width=\"265\" \/><\/a><\/p>\n<p>Begeistert ist Stephan Fehrnbach von der breiten Zustimmung: \u201edie Leute finden die Idee richtig toll und wir haben auch ne Menge Spa\u00df.\u201c Der Spa\u00df geht soweit, dass einige der Pfadfinder in der Nacht von Freitag auf Samstag erst um 3.00 Uhr mit dem Abschleifen, Grundieren und Streichen der alten Z\u00e4une aufgeh\u00f6rt haben. Und was die Unterst\u00fctzung angeht, so freuen sich die Pfadfinder ganz besonders \u00fcber die neuen Z\u00e4une und den Beton, den sie bekommen haben.<\/p>\n<p><a title=\"Foto: Max Colin Heydenreich\" rel=\"lightbox[roadtrip]\" href=\"http:\/\/www.schoene-nachrichten.de\/wp-content\/uploads\/2009\/05\/090511_72_108.jpg\" target=\"_blank\"><img decoding=\"async\" src=\"http:\/\/www.schoene-nachrichten.de\/wp-content\/uploads\/2009\/05\/090511_72_108.thumbnail.jpg\" alt=\"090511_72_108.jpg\" width=\"265\" \/><\/a> <a title=\"Foto: Max Colin Heydenreich\" rel=\"lightbox[roadtrip]\" href=\"http:\/\/www.schoene-nachrichten.de\/wp-content\/uploads\/2009\/05\/090511_72_119.jpg\" target=\"_blank\"><img decoding=\"async\" src=\"http:\/\/www.schoene-nachrichten.de\/wp-content\/uploads\/2009\/05\/090511_72_119.thumbnail.jpg\" alt=\"090511_72_119.jpg\" width=\"265\" \/><\/a><\/p>\n<p><a title=\"Foto: Max Colin Heydenreich\" rel=\"lightbox[roadtrip]\" href=\"http:\/\/www.schoene-nachrichten.de\/wp-content\/uploads\/2009\/05\/090511_72_109.jpg\" target=\"_blank\"><img decoding=\"async\" src=\"http:\/\/www.schoene-nachrichten.de\/wp-content\/uploads\/2009\/05\/090511_72_109.thumbnail.jpg\" alt=\"090511_72_109.jpg\" width=\"265\" \/><\/a> <a title=\"Foto: Max Colin Heydenreich\" rel=\"lightbox[roadtrip]\" href=\"http:\/\/www.schoene-nachrichten.de\/wp-content\/uploads\/2009\/05\/090511_72_110.jpg\" target=\"_blank\"><img decoding=\"async\" src=\"http:\/\/www.schoene-nachrichten.de\/wp-content\/uploads\/2009\/05\/090511_72_110.thumbnail.jpg\" alt=\"090511_72_110.jpg\" width=\"265\" \/><\/a><\/p>\n<p>Auch Yannick Redweik ist stolz. Mit seinen elf Jahren darf er zwar noch nicht mit dem schweren Ger\u00e4t hantieren, aber beim Schleifen und Streichen kann er ordentlich mithelfen. \u201eWir haben die Arbeit richtig fair aufgeteilt, so dass jeder helfen kann\u201c, freut sich der junge Pfadfinder, der wie Ren\u00e9 und Stephan gerne wieder dabei w\u00e4re bei einer solchen Aktion.<\/p>\n<p><a title=\"Foto: Max Colin Heydenreich\" rel=\"lightbox[roadtrip]\" href=\"http:\/\/www.schoene-nachrichten.de\/wp-content\/uploads\/2009\/05\/090511_72_120.jpg\" target=\"_blank\"><img decoding=\"async\" src=\"http:\/\/www.schoene-nachrichten.de\/wp-content\/uploads\/2009\/05\/090511_72_120.thumbnail.jpg\" alt=\"090511_72_120.jpg\" width=\"265\" \/><\/a><\/p>\n","protected":false},"excerpt":{"rendered":"<div class=\"tmnf_excerpt\"><p>Neuenberg. \u201eJeden Tag ein gute Tat\u201c, diesen Satz verbinden wohl die meisten direkt mit den Pfadfindern. Eine einzige gro\u00dfe gute Tat leisten die Pfadfinder der DPSG St. Andreas w\u00e4hrend der 72-Stunden-Aktion. Sie haben die Aufgabe den Heimattiergarten in Neuenberg auf Vordermann zu bringen. Dazu geh\u00f6rt die Erneuerung der Z\u00e4une, die teilweise eine Verletzungsgefahr f\u00fcr die &hellip;<\/p>\n<\/div>","protected":false},"author":1,"featured_media":0,"comment_status":"closed","ping_status":"closed","sticky":false,"template":"","format":"standard","meta":{"footnotes":""},"categories":[1,54,72,50],"tags":[],"class_list":["post-28515","post","type-post","status-publish","format-standard","hentry","category-startseite","category-bildergalerien","category-jugend","category-kirche"],"_links":{"self":[{"href":"https:\/\/www.fuldaernachrichten.de\/index.php?rest_route=\/wp\/v2\/posts\/28515","targetHints":{"allow":["GET"]}}],"collection":[{"href":"https:\/\/www.fuldaernachrichten.de\/index.php?rest_route=\/wp\/v2\/posts"}],"about":[{"href":"https:\/\/www.fuldaernachrichten.de\/index.php?rest_route=\/wp\/v2\/types\/post"}],"author":[{"embeddable":true,"href":"https:\/\/www.fuldaernachrichten.de\/index.php?rest_route=\/wp\/v2\/users\/1"}],"replies":[{"embeddable":true,"href":"https:\/\/www.fuldaernachrichten.de\/index.php?rest_route=%2Fwp%2Fv2%2Fcomments&post=28515"}],"version-history":[{"count":1,"href":"https:\/\/www.fuldaernachrichten.de\/index.php?rest_route=\/wp\/v2\/posts\/28515\/revisions"}],"predecessor-version":[{"id":28516,"href":"https:\/\/www.fuldaernachrichten.de\/index.php?rest_route=\/wp\/v2\/posts\/28515\/revisions\/28516"}],"wp:attachment":[{"href":"https:\/\/www.fuldaernachrichten.de\/index.php?rest_route=%2Fwp%2Fv2%2Fmedia&parent=28515"}],"wp:term":[{"taxonomy":"category","embeddable":true,"href":"https:\/\/www.fuldaernachrichten.de\/index.php?rest_route=%2Fwp%2Fv2%2Fcategories&post=28515"},{"taxonomy":"post_tag","embeddable":true,"href":"https:\/\/www.fuldaernachrichten.de\/index.php?rest_route=%2Fwp%2Fv2%2Ftags&post=28515"}],"curies":[{"name":"wp","href":"https:\/\/api.w.org\/{rel}","templated":true}]}}