{"id":28493,"date":"2009-05-11T09:12:18","date_gmt":"2009-05-11T07:12:18","guid":{"rendered":"http:\/\/www.schoene-nachrichten.de\/?p=28493"},"modified":"2009-05-11T09:12:18","modified_gmt":"2009-05-11T07:12:18","slug":"72-stunden-aktion-eckweisbach","status":"publish","type":"post","link":"https:\/\/www.fuldaernachrichten.de\/?p=28493","title":{"rendered":"72 Stunden Aktion: Eckweisbach"},"content":{"rendered":"<p><strong>Eckweisbach.<\/strong> Richtig vielseitig pr\u00e4sentieren sich die Projekte zur 72-Stunden-Aktion in der Rh\u00f6ngemeinde Eckweisbach. An vielen Ecken und Enden werkeln dort Aktionsteilnehmer der Gruppe: &#8220;Eckweisbacher Jungs und M\u00e4dels&#8221;. Das waren urspr\u00fcnglich rund 20 Teilnehmer, doch in den vergangenen Wochen hat sich die Anzahl sogar verdreifacht. Und tats\u00e4chlich konnten die Jungs und M\u00e4dels die Verst\u00e4rkung, insbesondere durch die \u00e4lteren Mitglieder der Kirmesgesellschaft gebrauchen.<\/p>\n<p><strong>Fotos (23):<\/strong> Max Colin Heydenreich<\/p>\n<p><a title=\"Foto: Max Colin Heydenreich\" rel=\"lightbox[roadtrip]\" href=\"http:\/\/www.schoene-nachrichten.de\/wp-content\/uploads\/2009\/05\/090511_72_040.jpg\" target=\"_blank\"><img decoding=\"async\" src=\"http:\/\/www.schoene-nachrichten.de\/wp-content\/uploads\/2009\/05\/090511_72_040.thumbnail.jpg\" alt=\"090511_72_040.jpg\" width=\"265\" \/><\/a> <a title=\"Foto: Max Colin Heydenreich\" rel=\"lightbox[roadtrip]\" href=\"http:\/\/www.schoene-nachrichten.de\/wp-content\/uploads\/2009\/05\/090511_72_034.jpg\" target=\"_blank\"><img decoding=\"async\" src=\"http:\/\/www.schoene-nachrichten.de\/wp-content\/uploads\/2009\/05\/090511_72_034.thumbnail.jpg\" alt=\"090511_72_034.jpg\" width=\"265\" \/><\/a><\/p>\n<p><a title=\"Foto: Max Colin Heydenreich\" rel=\"lightbox[roadtrip]\" href=\"http:\/\/www.schoene-nachrichten.de\/wp-content\/uploads\/2009\/05\/090511_72_045.jpg\" target=\"_blank\"><img decoding=\"async\" src=\"http:\/\/www.schoene-nachrichten.de\/wp-content\/uploads\/2009\/05\/090511_72_045.thumbnail.jpg\" alt=\"090511_72_045.jpg\" width=\"265\" \/><\/a> <a title=\"Foto: Max Colin Heydenreich\" rel=\"lightbox[roadtrip]\" href=\"http:\/\/www.schoene-nachrichten.de\/wp-content\/uploads\/2009\/05\/090511_72_047.jpg\" target=\"_blank\"><img decoding=\"async\" src=\"http:\/\/www.schoene-nachrichten.de\/wp-content\/uploads\/2009\/05\/090511_72_047.thumbnail.jpg\" alt=\"090511_72_047.jpg\" width=\"265\" \/><\/a><\/p>\n<p><!--more--><\/p>\n<p>Dank eigener Ideen hat sich aber auch ein Teil des Projektes erweitert. Pfarrer Carsten Noll berichtet, dass viele der Jugendlichen im Dorf begeisterte Skater sind. Und so ist der Fahrradparcours, der von den Teilnehmern erstellt werden sollte, dann auch kurzerhand um einen Skateparcours erweitert worden.<\/p>\n<p><a title=\"Foto: Max Colin Heydenreich\" rel=\"lightbox[roadtrip]\" href=\"http:\/\/www.schoene-nachrichten.de\/wp-content\/uploads\/2009\/05\/090511_72_049.jpg\" target=\"_blank\"><img decoding=\"async\" src=\"http:\/\/www.schoene-nachrichten.de\/wp-content\/uploads\/2009\/05\/090511_72_049.thumbnail.jpg\" alt=\"090511_72_049.jpg\" width=\"265\" \/><\/a> <a title=\"Foto: Max Colin Heydenreich\" rel=\"lightbox[roadtrip]\" href=\"http:\/\/www.schoene-nachrichten.de\/wp-content\/uploads\/2009\/05\/090511_72_050.jpg\" target=\"_blank\"><img decoding=\"async\" src=\"http:\/\/www.schoene-nachrichten.de\/wp-content\/uploads\/2009\/05\/090511_72_050.thumbnail.jpg\" alt=\"090511_72_050.jpg\" width=\"265\" \/><\/a><\/p>\n<p><a title=\"Foto: Max Colin Heydenreich\" rel=\"lightbox[roadtrip]\" href=\"http:\/\/www.schoene-nachrichten.de\/wp-content\/uploads\/2009\/05\/090511_72_051.jpg\" target=\"_blank\"><img decoding=\"async\" src=\"http:\/\/www.schoene-nachrichten.de\/wp-content\/uploads\/2009\/05\/090511_72_051.thumbnail.jpg\" alt=\"090511_72_051.jpg\" width=\"265\" \/><\/a> <a title=\"Foto: Max Colin Heydenreich\" rel=\"lightbox[roadtrip]\" href=\"http:\/\/www.schoene-nachrichten.de\/wp-content\/uploads\/2009\/05\/090511_72_052.jpg\" target=\"_blank\"><img decoding=\"async\" src=\"http:\/\/www.schoene-nachrichten.de\/wp-content\/uploads\/2009\/05\/090511_72_052.thumbnail.jpg\" alt=\"090511_72_052.jpg\" width=\"265\" \/><\/a><\/p>\n<p>W\u00e4hrend einige der Jugendlichen noch dem Sand f\u00fcr den Beachvolleyballplatz hinterher telefonieren, freut sich dort, wo dieser entstehen soll schon ein anderer Teil der Gruppe \u00fcber das von der Fuldaer Firma Guldner angelieferte Geo-Vlies. Dabei hatten die Eckweisbacher eigentlich damit gerechnet, dass dieses viel schwerer zu besorgen sei, als der Sand. Aber der scheint, da vielerorts ben\u00f6tigt, mittlerweile zur Mangelware geworden zu sein. So beginnen einige der Jugendlichen schon damit das Vlies f\u00fcr den Platz auszumessen.<\/p>\n<p><a title=\"Foto: Max Colin Heydenreich\" rel=\"lightbox[roadtrip]\" href=\"http:\/\/www.schoene-nachrichten.de\/wp-content\/uploads\/2009\/05\/090511_72_035.jpg\" target=\"_blank\"><img decoding=\"async\" src=\"http:\/\/www.schoene-nachrichten.de\/wp-content\/uploads\/2009\/05\/090511_72_035.thumbnail.jpg\" alt=\"090511_72_035.jpg\" width=\"265\" \/><\/a> <a title=\"Foto: Max Colin Heydenreich\" rel=\"lightbox[roadtrip]\" href=\"http:\/\/www.schoene-nachrichten.de\/wp-content\/uploads\/2009\/05\/090511_72_036.jpg\" target=\"_blank\"><img decoding=\"async\" src=\"http:\/\/www.schoene-nachrichten.de\/wp-content\/uploads\/2009\/05\/090511_72_036.thumbnail.jpg\" alt=\"090511_72_036.jpg\" width=\"265\" \/><\/a><\/p>\n<p><a title=\"Foto: Max Colin Heydenreich\" rel=\"lightbox[roadtrip]\" href=\"http:\/\/www.schoene-nachrichten.de\/wp-content\/uploads\/2009\/05\/090511_72_037.jpg\" target=\"_blank\"><img decoding=\"async\" src=\"http:\/\/www.schoene-nachrichten.de\/wp-content\/uploads\/2009\/05\/090511_72_037.thumbnail.jpg\" alt=\"090511_72_037.jpg\" width=\"265\" \/><\/a> <a title=\"Foto: Max Colin Heydenreich\" rel=\"lightbox[roadtrip]\" href=\"http:\/\/www.schoene-nachrichten.de\/wp-content\/uploads\/2009\/05\/090511_72_038.jpg\" target=\"_blank\"><img decoding=\"async\" src=\"http:\/\/www.schoene-nachrichten.de\/wp-content\/uploads\/2009\/05\/090511_72_038.thumbnail.jpg\" alt=\"090511_72_038.jpg\" width=\"265\" \/><\/a><\/p>\n<p>Nur einige Meter steht ein weiterer Freiwilligen-Trupp und schl\u00e4gt mit \u00c4xten auf einen kurz zuvor vom Forstamt gestifteten und angelieferten Eichenstamm ein. Wenn dieser fertig beschlagen ist, wird daraus einmal ein Schwebebalken und eine Sitzgelegenheit f\u00fcr den Kindergarten. Im Garten traktieren weitere Helfer eine B\u00f6schung mit Spaten und Spitzhacken. Mit Autoreifen und einem Tau entsteht in der schiefen Ebene f\u00fcr die j\u00fcngsten Eckwei\u00dfbacher dort eine neue Klettergelegenheit.<\/p>\n<p><a title=\"Foto: Max Colin Heydenreich\" rel=\"lightbox[roadtrip]\" href=\"http:\/\/www.schoene-nachrichten.de\/wp-content\/uploads\/2009\/05\/090511_72_041.jpg\" target=\"_blank\"><img decoding=\"async\" src=\"http:\/\/www.schoene-nachrichten.de\/wp-content\/uploads\/2009\/05\/090511_72_041.thumbnail.jpg\" alt=\"090511_72_041.jpg\" width=\"265\" \/><\/a> <a title=\"Foto: Max Colin Heydenreich\" rel=\"lightbox[roadtrip]\" href=\"http:\/\/www.schoene-nachrichten.de\/wp-content\/uploads\/2009\/05\/090511_72_042.jpg\" target=\"_blank\"><img decoding=\"async\" src=\"http:\/\/www.schoene-nachrichten.de\/wp-content\/uploads\/2009\/05\/090511_72_042.thumbnail.jpg\" alt=\"090511_72_042.jpg\" width=\"265\" \/><\/a><\/p>\n<p><a title=\"Foto: Max Colin Heydenreich\" rel=\"lightbox[roadtrip]\" href=\"http:\/\/www.schoene-nachrichten.de\/wp-content\/uploads\/2009\/05\/090511_72_043.jpg\" target=\"_blank\"><img decoding=\"async\" src=\"http:\/\/www.schoene-nachrichten.de\/wp-content\/uploads\/2009\/05\/090511_72_043.thumbnail.jpg\" alt=\"090511_72_043.jpg\" width=\"265\" \/><\/a> <a title=\"Foto: Max Colin Heydenreich\" rel=\"lightbox[roadtrip]\" href=\"http:\/\/www.schoene-nachrichten.de\/wp-content\/uploads\/2009\/05\/090511_72_044.jpg\" target=\"_blank\"><img decoding=\"async\" src=\"http:\/\/www.schoene-nachrichten.de\/wp-content\/uploads\/2009\/05\/090511_72_044.thumbnail.jpg\" alt=\"090511_72_044.jpg\" width=\"265\" \/><\/a><\/p>\n<p>Die 60 Eckweisbacher Jungs und M\u00e4dels die f\u00fcr ihre Gemeinde vom Himmel geschickt wurden, f\u00fchlen sie sich als ein Team. Nur wenn es organisatorisch etwas zu kl\u00e4ren gibt, dann teilen sie sich auf. Ansonsten wechseln sie quer durch die Projekte und so sollte auch jeder einmal bei einem weiteren Teilprojekt mitwirken: Einem Marktstand f\u00fcr das Taubblindenheim in Steinbach. Das Holz daf\u00fcr ist schon angeliefert, aber f\u00fcr das Dach suchen die 72-Stunden-Aktivisten noch nach Stoff. Wenn der Stand fertig ist, dann sollen daran die Bewohner des Heims Obst und Gem\u00fcse ertasten und kaufen k\u00f6nnen.<\/p>\n<p><a title=\"Foto: Max Colin Heydenreich\" rel=\"lightbox[roadtrip]\" href=\"http:\/\/www.schoene-nachrichten.de\/wp-content\/uploads\/2009\/05\/090511_72_030.jpg\" target=\"_blank\"><img decoding=\"async\" src=\"http:\/\/www.schoene-nachrichten.de\/wp-content\/uploads\/2009\/05\/090511_72_030.thumbnail.jpg\" alt=\"090511_72_030.jpg\" width=\"265\" \/><\/a> <a title=\"Foto: Max Colin Heydenreich\" rel=\"lightbox[roadtrip]\" href=\"http:\/\/www.schoene-nachrichten.de\/wp-content\/uploads\/2009\/05\/090511_72_031.jpg\" target=\"_blank\"><img decoding=\"async\" src=\"http:\/\/www.schoene-nachrichten.de\/wp-content\/uploads\/2009\/05\/090511_72_031.thumbnail.jpg\" alt=\"090511_72_031.jpg\" width=\"265\" \/><\/a><\/p>\n<p><a title=\"Foto: Max Colin Heydenreich\" rel=\"lightbox[roadtrip]\" href=\"http:\/\/www.schoene-nachrichten.de\/wp-content\/uploads\/2009\/05\/090511_72_033.jpg\" target=\"_blank\"><img decoding=\"async\" src=\"http:\/\/www.schoene-nachrichten.de\/wp-content\/uploads\/2009\/05\/090511_72_033.thumbnail.jpg\" alt=\"090511_72_033.jpg\" width=\"265\" \/><\/a> <a title=\"Foto: Max Colin Heydenreich\" rel=\"lightbox[roadtrip]\" href=\"http:\/\/www.schoene-nachrichten.de\/wp-content\/uploads\/2009\/05\/090511_72_039.jpg\" target=\"_blank\"><img decoding=\"async\" src=\"http:\/\/www.schoene-nachrichten.de\/wp-content\/uploads\/2009\/05\/090511_72_039.thumbnail.jpg\" alt=\"090511_72_039.jpg\" width=\"265\" \/><\/a><\/p>\n<p><a title=\"Foto: Max Colin Heydenreich\" rel=\"lightbox[roadtrip]\" href=\"http:\/\/www.schoene-nachrichten.de\/wp-content\/uploads\/2009\/05\/090511_72_046.jpg\" target=\"_blank\"><img decoding=\"async\" src=\"http:\/\/www.schoene-nachrichten.de\/wp-content\/uploads\/2009\/05\/090511_72_046.thumbnail.jpg\" alt=\"090511_72_046.jpg\" width=\"265\" \/><\/a> <a title=\"Foto: Max Colin Heydenreich\" rel=\"lightbox[roadtrip]\" href=\"http:\/\/www.schoene-nachrichten.de\/wp-content\/uploads\/2009\/05\/090511_72_048.jpg\" target=\"_blank\"><img decoding=\"async\" src=\"http:\/\/www.schoene-nachrichten.de\/wp-content\/uploads\/2009\/05\/090511_72_048.thumbnail.jpg\" alt=\"090511_72_048.jpg\" width=\"265\" \/><\/a><\/p>\n<p><a title=\"Foto: Max Colin Heydenreich\" rel=\"lightbox[roadtrip]\" href=\"http:\/\/www.schoene-nachrichten.de\/wp-content\/uploads\/2009\/05\/090511_72_032.jpg\" target=\"_blank\"><img decoding=\"async\" src=\"http:\/\/www.schoene-nachrichten.de\/wp-content\/uploads\/2009\/05\/090511_72_032.thumbnail.jpg\" alt=\"090511_72_032.jpg\" width=\"265\" \/><\/a><\/p>\n","protected":false},"excerpt":{"rendered":"<div class=\"tmnf_excerpt\"><p>Eckweisbach. Richtig vielseitig pr\u00e4sentieren sich die Projekte zur 72-Stunden-Aktion in der Rh\u00f6ngemeinde Eckweisbach. An vielen Ecken und Enden werkeln dort Aktionsteilnehmer der Gruppe: &#8220;Eckweisbacher Jungs und M\u00e4dels&#8221;. Das waren urspr\u00fcnglich rund 20 Teilnehmer, doch in den vergangenen Wochen hat sich die Anzahl sogar verdreifacht. Und tats\u00e4chlich konnten die Jungs und M\u00e4dels die Verst\u00e4rkung, insbesondere durch &hellip;<\/p>\n<\/div>","protected":false},"author":1,"featured_media":0,"comment_status":"closed","ping_status":"closed","sticky":false,"template":"","format":"standard","meta":{"footnotes":""},"categories":[1,54,72,50,46],"tags":[],"class_list":["post-28493","post","type-post","status-publish","format-standard","hentry","category-startseite","category-bildergalerien","category-jugend","category-kirche","category-sport"],"_links":{"self":[{"href":"https:\/\/www.fuldaernachrichten.de\/index.php?rest_route=\/wp\/v2\/posts\/28493","targetHints":{"allow":["GET"]}}],"collection":[{"href":"https:\/\/www.fuldaernachrichten.de\/index.php?rest_route=\/wp\/v2\/posts"}],"about":[{"href":"https:\/\/www.fuldaernachrichten.de\/index.php?rest_route=\/wp\/v2\/types\/post"}],"author":[{"embeddable":true,"href":"https:\/\/www.fuldaernachrichten.de\/index.php?rest_route=\/wp\/v2\/users\/1"}],"replies":[{"embeddable":true,"href":"https:\/\/www.fuldaernachrichten.de\/index.php?rest_route=%2Fwp%2Fv2%2Fcomments&post=28493"}],"version-history":[{"count":3,"href":"https:\/\/www.fuldaernachrichten.de\/index.php?rest_route=\/wp\/v2\/posts\/28493\/revisions"}],"predecessor-version":[{"id":28510,"href":"https:\/\/www.fuldaernachrichten.de\/index.php?rest_route=\/wp\/v2\/posts\/28493\/revisions\/28510"}],"wp:attachment":[{"href":"https:\/\/www.fuldaernachrichten.de\/index.php?rest_route=%2Fwp%2Fv2%2Fmedia&parent=28493"}],"wp:term":[{"taxonomy":"category","embeddable":true,"href":"https:\/\/www.fuldaernachrichten.de\/index.php?rest_route=%2Fwp%2Fv2%2Fcategories&post=28493"},{"taxonomy":"post_tag","embeddable":true,"href":"https:\/\/www.fuldaernachrichten.de\/index.php?rest_route=%2Fwp%2Fv2%2Ftags&post=28493"}],"curies":[{"name":"wp","href":"https:\/\/api.w.org\/{rel}","templated":true}]}}