{"id":28491,"date":"2009-05-11T09:09:44","date_gmt":"2009-05-11T07:09:44","guid":{"rendered":"http:\/\/www.schoene-nachrichten.de\/?p=28491"},"modified":"2009-05-11T09:31:05","modified_gmt":"2009-05-11T07:31:05","slug":"72-stunden-arbeit-im-schlamm-in-traisbach","status":"publish","type":"post","link":"https:\/\/www.fuldaernachrichten.de\/?p=28491","title":{"rendered":"72-Stunden: Arbeit im Schlamm in Traisbach"},"content":{"rendered":"<p><strong>Traisbach.<\/strong> Es war gestern wahrlich kein Grillwetter in Traisbach, das wird sich aber bis zum Sonntag hoffentlich noch \u00e4ndern. Dann soll n\u00e4mlich zum Ende der 72-Stunden-Aktion die Grillh\u00fctte eingeweiht und mit einem Fest auch direkt ihrem Zweck zugef\u00fchrt werden. Die dreisten 13 Traisbacher, das sind die Ministranten des Dorfes, wollen bei ihrem Projekt die H\u00fctte renovieren. Passend zum Wetter, Wolkenbruch und kr\u00e4ftigem Hagel, haben die 72-Stunden-Aktivisten aber bis dahin schon mal einen Ofen in dem Holzgeb\u00e4ude installiert.<\/p>\n<p><strong>Fotos (29):<\/strong> Max Colin Heydenreich<\/p>\n<p><a title=\"Foto: Max Colin Heydenreich\" rel=\"lightbox[roadtrip]\" href=\"http:\/\/www.schoene-nachrichten.de\/wp-content\/uploads\/2009\/05\/090511_72_071.jpg\" target=\"_blank\"><img decoding=\"async\" src=\"http:\/\/www.schoene-nachrichten.de\/wp-content\/uploads\/2009\/05\/090511_72_071.thumbnail.jpg\" alt=\"090511_72_071.jpg\" width=\"265\" \/><\/a> <a title=\"Foto: Max Colin Heydenreich\" rel=\"lightbox[roadtrip]\" href=\"http:\/\/www.schoene-nachrichten.de\/wp-content\/uploads\/2009\/05\/090511_72_053.jpg\" target=\"_blank\"><img decoding=\"async\" src=\"http:\/\/www.schoene-nachrichten.de\/wp-content\/uploads\/2009\/05\/090511_72_053.thumbnail.jpg\" alt=\"090511_72_053.jpg\" width=\"265\" \/><\/a><\/p>\n<p><a title=\"Foto: Max Colin Heydenreich\" rel=\"lightbox[roadtrip]\" href=\"http:\/\/www.schoene-nachrichten.de\/wp-content\/uploads\/2009\/05\/090511_72_055.jpg\" target=\"_blank\"><img decoding=\"async\" src=\"http:\/\/www.schoene-nachrichten.de\/wp-content\/uploads\/2009\/05\/090511_72_055.thumbnail.jpg\" alt=\"090511_72_055.jpg\" width=\"265\" \/><\/a> <a title=\"Foto: Max Colin Heydenreich\" rel=\"lightbox[roadtrip]\" href=\"http:\/\/www.schoene-nachrichten.de\/wp-content\/uploads\/2009\/05\/090511_72_056.jpg\" target=\"_blank\"><img decoding=\"async\" src=\"http:\/\/www.schoene-nachrichten.de\/wp-content\/uploads\/2009\/05\/090511_72_056.thumbnail.jpg\" alt=\"090511_72_056.jpg\" width=\"265\" \/><\/a><\/p>\n<p><!--more--><\/p>\n<p>Mit dem Rasenm\u00e4hen und der Pflege war es bei diesem Wetter allerdings schwer. Die Befestigung des Weges fiel somit auch aus. Aber so begann Projektleiterin Birgit Lauer zu \u00fcberlegen, wie sich dies in der gegebenen Frist &#8211; trotz des Matschfeldes &#8211; doch noch bewerkstelligen lie\u00df. Und auch wenn dicke Regentropfen und Hagelk\u00f6rner vom Himmel fielen, die Jugendlichen waren bestens gelaunt. W\u00e4hrend die Wolken sich \u00f6ffneten, dann fl\u00fcchteten sie sich unter das Zeltdach zu den frisch gestrichenen Tischen und B\u00e4nken.<\/p>\n<p><a title=\"Foto: Max Colin Heydenreich\" rel=\"lightbox[roadtrip]\" href=\"http:\/\/www.schoene-nachrichten.de\/wp-content\/uploads\/2009\/05\/090511_72_057.jpg\" target=\"_blank\"><img decoding=\"async\" src=\"http:\/\/www.schoene-nachrichten.de\/wp-content\/uploads\/2009\/05\/090511_72_057.thumbnail.jpg\" alt=\"090511_72_057.jpg\" width=\"265\" \/><\/a> <a title=\"Foto: Max Colin Heydenreich\" rel=\"lightbox[roadtrip]\" href=\"http:\/\/www.schoene-nachrichten.de\/wp-content\/uploads\/2009\/05\/090511_72_058.jpg\" target=\"_blank\"><img decoding=\"async\" src=\"http:\/\/www.schoene-nachrichten.de\/wp-content\/uploads\/2009\/05\/090511_72_058.thumbnail.jpg\" alt=\"090511_72_058.jpg\" width=\"265\" \/><\/a><\/p>\n<p><a title=\"Foto: Max Colin Heydenreich\" rel=\"lightbox[roadtrip]\" href=\"http:\/\/www.schoene-nachrichten.de\/wp-content\/uploads\/2009\/05\/090511_72_067.jpg\" target=\"_blank\"><img decoding=\"async\" src=\"http:\/\/www.schoene-nachrichten.de\/wp-content\/uploads\/2009\/05\/090511_72_067.thumbnail.jpg\" alt=\"090511_72_067.jpg\" width=\"265\" \/><\/a> <a title=\"Foto: Max Colin Heydenreich\" rel=\"lightbox[roadtrip]\" href=\"http:\/\/www.schoene-nachrichten.de\/wp-content\/uploads\/2009\/05\/090511_72_068.jpg\" target=\"_blank\"><img decoding=\"async\" src=\"http:\/\/www.schoene-nachrichten.de\/wp-content\/uploads\/2009\/05\/090511_72_068.thumbnail.jpg\" alt=\"090511_72_068.jpg\" width=\"265\" \/><\/a><\/p>\n<p>Daf\u00fcr konnten sich Birgit Lauer und ihre jungen Mitarbeiter \u00fcber prominenten Besuch freuen. Der Projektpate Dr. Heiko Wingenfeld, Erster Kreisbeigeordneter des Landkreises Fulda, lie\u00df es sich nicht nehmen, seine Sch\u00fctzlinge mit einem ordentlichen Geschenk in der Tasche zu besuchen und zu schauen, wie sie mit ihrer Arbeit vorankommen. Die musste w\u00e4hrend seines Aufenthaltes allerdings erstmal ruhen, denn genau zu dieser Zeit regnete es in Str\u00f6men.<\/p>\n<p><a title=\"Foto: Max Colin Heydenreich\" rel=\"lightbox[roadtrip]\" href=\"http:\/\/www.schoene-nachrichten.de\/wp-content\/uploads\/2009\/05\/090511_72_059.jpg\" target=\"_blank\"><img decoding=\"async\" src=\"http:\/\/www.schoene-nachrichten.de\/wp-content\/uploads\/2009\/05\/090511_72_059.thumbnail.jpg\" alt=\"090511_72_059.jpg\" width=\"265\" \/><\/a> <a title=\"Foto: Max Colin Heydenreich\" rel=\"lightbox[roadtrip]\" href=\"http:\/\/www.schoene-nachrichten.de\/wp-content\/uploads\/2009\/05\/090511_72_054.jpg\" target=\"_blank\"><img decoding=\"async\" src=\"http:\/\/www.schoene-nachrichten.de\/wp-content\/uploads\/2009\/05\/090511_72_054.thumbnail.jpg\" alt=\"090511_72_054.jpg\" width=\"265\" \/><\/a><\/p>\n<p><a title=\"Foto: Max Colin Heydenreich\" rel=\"lightbox[roadtrip]\" href=\"http:\/\/www.schoene-nachrichten.de\/wp-content\/uploads\/2009\/05\/090511_72_065.jpg\" target=\"_blank\"><img decoding=\"async\" src=\"http:\/\/www.schoene-nachrichten.de\/wp-content\/uploads\/2009\/05\/090511_72_065.thumbnail.jpg\" alt=\"090511_72_065.jpg\" width=\"265\" \/><\/a> <a title=\"Foto: Max Colin Heydenreich\" rel=\"lightbox[roadtrip]\" href=\"http:\/\/www.schoene-nachrichten.de\/wp-content\/uploads\/2009\/05\/090511_72_066.jpg\" target=\"_blank\"><img decoding=\"async\" src=\"http:\/\/www.schoene-nachrichten.de\/wp-content\/uploads\/2009\/05\/090511_72_066.thumbnail.jpg\" alt=\"090511_72_066.jpg\" width=\"265\" \/><\/a><\/p>\n<p>Als allerdings Generalvikar Professor Gerhard Stanke auf seiner Tour zu verschiedenen Projekten Station in Traisbach machte, schlossen sich die Schleusen des Himmels und die Sonne blickte auch mal hervor. F\u00fcr Stanke war dies der dritte Aktionsort, den er an diesem Tag besuchte. W\u00e4hrend die Betreuer des Freiwilligen-Teams dem Bistumsvertreter ihre Arbeit erl\u00e4uterten, zogen es die Jugendlichen dessen ungeachtet vor, weiter durch den Schlamm zu wuseln und ihre Arbeit fortzusetzen.<\/p>\n<p><a title=\"Foto: Max Colin Heydenreich\" rel=\"lightbox[roadtrip]\" href=\"http:\/\/www.schoene-nachrichten.de\/wp-content\/uploads\/2009\/05\/090511_72_063.jpg\" target=\"_blank\"><img decoding=\"async\" src=\"http:\/\/www.schoene-nachrichten.de\/wp-content\/uploads\/2009\/05\/090511_72_063.thumbnail.jpg\" alt=\"090511_72_063.jpg\" width=\"265\" \/><\/a> <a title=\"Foto: Max Colin Heydenreich\" rel=\"lightbox[roadtrip]\" href=\"http:\/\/www.schoene-nachrichten.de\/wp-content\/uploads\/2009\/05\/090511_72_064.jpg\" target=\"_blank\"><img decoding=\"async\" src=\"http:\/\/www.schoene-nachrichten.de\/wp-content\/uploads\/2009\/05\/090511_72_064.thumbnail.jpg\" alt=\"090511_72_064.jpg\" width=\"265\" \/><\/a><\/p>\n<p><a title=\"Foto: Max Colin Heydenreich\" rel=\"lightbox[roadtrip]\" href=\"http:\/\/www.schoene-nachrichten.de\/wp-content\/uploads\/2009\/05\/090511_72_069.jpg\" target=\"_blank\"><img decoding=\"async\" src=\"http:\/\/www.schoene-nachrichten.de\/wp-content\/uploads\/2009\/05\/090511_72_069.thumbnail.jpg\" alt=\"090511_72_069.jpg\" width=\"265\" \/><\/a> <a title=\"Foto: Max Colin Heydenreich\" rel=\"lightbox[roadtrip]\" href=\"http:\/\/www.schoene-nachrichten.de\/wp-content\/uploads\/2009\/05\/090511_72_070.jpg\" target=\"_blank\"><img decoding=\"async\" src=\"http:\/\/www.schoene-nachrichten.de\/wp-content\/uploads\/2009\/05\/090511_72_070.thumbnail.jpg\" alt=\"090511_72_070.jpg\" width=\"265\" \/><\/a><\/p>\n","protected":false},"excerpt":{"rendered":"<div class=\"tmnf_excerpt\"><p>Traisbach. Es war gestern wahrlich kein Grillwetter in Traisbach, das wird sich aber bis zum Sonntag hoffentlich noch \u00e4ndern. Dann soll n\u00e4mlich zum Ende der 72-Stunden-Aktion die Grillh\u00fctte eingeweiht und mit einem Fest auch direkt ihrem Zweck zugef\u00fchrt werden. Die dreisten 13 Traisbacher, das sind die Ministranten des Dorfes, wollen bei ihrem Projekt die H\u00fctte &hellip;<\/p>\n<\/div>","protected":false},"author":1,"featured_media":0,"comment_status":"closed","ping_status":"closed","sticky":false,"template":"","format":"standard","meta":{"footnotes":""},"categories":[1,54,72,50,52],"tags":[],"class_list":["post-28491","post","type-post","status-publish","format-standard","hentry","category-startseite","category-bildergalerien","category-jugend","category-kirche","category-umwelt"],"_links":{"self":[{"href":"https:\/\/www.fuldaernachrichten.de\/index.php?rest_route=\/wp\/v2\/posts\/28491","targetHints":{"allow":["GET"]}}],"collection":[{"href":"https:\/\/www.fuldaernachrichten.de\/index.php?rest_route=\/wp\/v2\/posts"}],"about":[{"href":"https:\/\/www.fuldaernachrichten.de\/index.php?rest_route=\/wp\/v2\/types\/post"}],"author":[{"embeddable":true,"href":"https:\/\/www.fuldaernachrichten.de\/index.php?rest_route=\/wp\/v2\/users\/1"}],"replies":[{"embeddable":true,"href":"https:\/\/www.fuldaernachrichten.de\/index.php?rest_route=%2Fwp%2Fv2%2Fcomments&post=28491"}],"version-history":[{"count":5,"href":"https:\/\/www.fuldaernachrichten.de\/index.php?rest_route=\/wp\/v2\/posts\/28491\/revisions"}],"predecessor-version":[{"id":28519,"href":"https:\/\/www.fuldaernachrichten.de\/index.php?rest_route=\/wp\/v2\/posts\/28491\/revisions\/28519"}],"wp:attachment":[{"href":"https:\/\/www.fuldaernachrichten.de\/index.php?rest_route=%2Fwp%2Fv2%2Fmedia&parent=28491"}],"wp:term":[{"taxonomy":"category","embeddable":true,"href":"https:\/\/www.fuldaernachrichten.de\/index.php?rest_route=%2Fwp%2Fv2%2Fcategories&post=28491"},{"taxonomy":"post_tag","embeddable":true,"href":"https:\/\/www.fuldaernachrichten.de\/index.php?rest_route=%2Fwp%2Fv2%2Ftags&post=28491"}],"curies":[{"name":"wp","href":"https:\/\/api.w.org\/{rel}","templated":true}]}}