{"id":28431,"date":"2009-05-09T22:00:53","date_gmt":"2009-05-09T20:00:53","guid":{"rendered":"http:\/\/www.schoene-nachrichten.de\/?p=28431"},"modified":"2009-05-09T22:34:43","modified_gmt":"2009-05-09T20:34:43","slug":"72-stunden-aktion-des-bdkj-gruppe-aus-perspektiva-und-tegut-auszubildenden-startete-ihr-projekt-im-mgh-josefsgarten","status":"publish","type":"post","link":"https:\/\/www.fuldaernachrichten.de\/?p=28431","title":{"rendered":"72-Stunden-Aktion des BDKJ &#8211; Gruppe aus Perspektiva- und Tegut-Auszubildenden startete ihr Projekt im MGH Josefsgarten"},"content":{"rendered":"<p><a href=\"http:\/\/www.schoene-nachrichten.de\/wp-content\/uploads\/2009\/05\/bdkj-aktion-mgh-1.jpg\"><img decoding=\"async\" class=\"alignnone size-thumbnail wp-image-28432\" title=\"tegut...\" src=\"http:\/\/www.schoene-nachrichten.de\/wp-content\/uploads\/2009\/05\/bdkj-aktion-mgh-1-265x176.jpg\" alt=\"tegut...\" hspace=\"5\" width=\"265\" height=\"176\" align=\"left\" srcset=\"https:\/\/www.fuldaernachrichten.de\/wp-content\/uploads\/2009\/05\/bdkj-aktion-mgh-1-265x176.jpg 265w, https:\/\/www.fuldaernachrichten.de\/wp-content\/uploads\/2009\/05\/bdkj-aktion-mgh-1.jpg 900w\" sizes=\"(max-width: 265px) 100vw, 265px\" \/><\/a><strong>Fulda. <\/strong>Voller Tatendrang und dem anfangs schlechten Wetter zum Trotz hat eine Gruppe von Auszubildenden der Firmen Perspektiva und Tegut ihr Projekt im Fuldaer Josefsgarten gestartet. Hierbei entwerfen und bauen die Jugendlichen am Mehrgenerationenhaus eine beschilderte Kr\u00e4uterspirale. Parallel dazu ist es Aufgabe der Teilnehmerinnen und Teilnehmer, Patinnen und Paten aus der anliegenden Nachbarschaft zu gewinnen, die sich nach Abschluss der Aktion weiterhin um die Pflege der Kr\u00e4uterspirale k\u00fcmmern werden. Dar\u00fcber hinaus wird ein Rezeptbuch und eine Pr\u00e4sentation rund um das Thema \u201eKr\u00e4uter\u201c erstellt. Die Aktion wird dann am Sonntagmittag mit einem Abschlussfest enden, bei dem die Projektergebnisse dann auch kulinarisch dargeboten werden. Zu dieser Feier sind alle Nachbarn des Josefsgarten wie auch jeder sonstige Interessierte um 14.00 Uhr herzlich eingeladen<\/p>\n","protected":false},"excerpt":{"rendered":"<div class=\"tmnf_excerpt\"><p>Fulda. Voller Tatendrang und dem anfangs schlechten Wetter zum Trotz hat eine Gruppe von Auszubildenden der Firmen Perspektiva und Tegut ihr Projekt im Fuldaer Josefsgarten gestartet. Hierbei entwerfen und bauen die Jugendlichen am Mehrgenerationenhaus eine beschilderte Kr\u00e4uterspirale. Parallel dazu ist es Aufgabe der Teilnehmerinnen und Teilnehmer, Patinnen und Paten aus der anliegenden Nachbarschaft zu gewinnen, &hellip;<\/p>\n<\/div>","protected":false},"author":1,"featured_media":0,"comment_status":"closed","ping_status":"closed","sticky":false,"template":"","format":"standard","meta":{"footnotes":""},"categories":[1,29],"tags":[],"class_list":["post-28431","post","type-post","status-publish","format-standard","hentry","category-startseite","category-politik"],"_links":{"self":[{"href":"https:\/\/www.fuldaernachrichten.de\/index.php?rest_route=\/wp\/v2\/posts\/28431","targetHints":{"allow":["GET"]}}],"collection":[{"href":"https:\/\/www.fuldaernachrichten.de\/index.php?rest_route=\/wp\/v2\/posts"}],"about":[{"href":"https:\/\/www.fuldaernachrichten.de\/index.php?rest_route=\/wp\/v2\/types\/post"}],"author":[{"embeddable":true,"href":"https:\/\/www.fuldaernachrichten.de\/index.php?rest_route=\/wp\/v2\/users\/1"}],"replies":[{"embeddable":true,"href":"https:\/\/www.fuldaernachrichten.de\/index.php?rest_route=%2Fwp%2Fv2%2Fcomments&post=28431"}],"version-history":[{"count":4,"href":"https:\/\/www.fuldaernachrichten.de\/index.php?rest_route=\/wp\/v2\/posts\/28431\/revisions"}],"predecessor-version":[{"id":28473,"href":"https:\/\/www.fuldaernachrichten.de\/index.php?rest_route=\/wp\/v2\/posts\/28431\/revisions\/28473"}],"wp:attachment":[{"href":"https:\/\/www.fuldaernachrichten.de\/index.php?rest_route=%2Fwp%2Fv2%2Fmedia&parent=28431"}],"wp:term":[{"taxonomy":"category","embeddable":true,"href":"https:\/\/www.fuldaernachrichten.de\/index.php?rest_route=%2Fwp%2Fv2%2Fcategories&post=28431"},{"taxonomy":"post_tag","embeddable":true,"href":"https:\/\/www.fuldaernachrichten.de\/index.php?rest_route=%2Fwp%2Fv2%2Ftags&post=28431"}],"curies":[{"name":"wp","href":"https:\/\/api.w.org\/{rel}","templated":true}]}}