{"id":28425,"date":"2009-05-09T05:37:40","date_gmt":"2009-05-09T03:37:40","guid":{"rendered":"http:\/\/www.schoene-nachrichten.de\/?p=28425"},"modified":"2009-05-09T22:33:04","modified_gmt":"2009-05-09T20:33:04","slug":"sweden-active-fuer-jugendliche-in-den-sommerferien-fuer-16-bis-25-jaehrige","status":"publish","type":"post","link":"https:\/\/www.fuldaernachrichten.de\/?p=28425","title":{"rendered":"&#8220;Sweden Active&#8221; f\u00fcr Jugendliche in den Sommerferien &#8211; f\u00fcr 16- bis 25-J\u00e4hrige"},"content":{"rendered":"<p><strong>Vogelsbergkreis. <\/strong>Das Jugendbildungswerk des Vogelsbergkreises richtet vom 7. bis 22. August eine Aktiv-Tour in Granheden in Schweden f\u00fcr junge Leute von 16 bis 25 Jahre aus. Allein die \u00dcberfahrt mit der F\u00e4hre \u00fcber die Ostsee, das kulinarische Angebot des Schiffes und die vielfach unber\u00fchrte Natur am idyllischen See, der Unterkunft bzw. Aufenthaltsort\u00c2\u00a0 in Schweden, sind schon die Reise wert. Die Unterkunft erfolgt in typisch schwedischen Holzh\u00fctten. <!--more--><\/p>\n<p>Zum Haus geh\u00f6rt auch eine Sauna. Auf dem Programm steht auch eine Stadtbesichtigung von Stockholm, Ausfl\u00fcge in die n\u00e4here und weitere Umgebung, Boot fahren mit den eigenen Kanus, Radtouren und vieles mehr. Das ist noch nicht alles. Es gibt auch einen Fu\u00dfballplatz, Badeplatz mit Springturm, Angeln im See und Naturwandern am Aufenthaltsort. F\u00fcr spontane Aktivit\u00e4ten und W\u00fcnsche seitens der Teilnehmer\/innen ist ebenfalls viel Raum vorhanden. N\u00e4here Ausk\u00fcnfte und Anmeldung unter 06641\/97743-438.<\/p>\n","protected":false},"excerpt":{"rendered":"<div class=\"tmnf_excerpt\"><p>Vogelsbergkreis. Das Jugendbildungswerk des Vogelsbergkreises richtet vom 7. bis 22. August eine Aktiv-Tour in Granheden in Schweden f\u00fcr junge Leute von 16 bis 25 Jahre aus. Allein die \u00dcberfahrt mit der F\u00e4hre \u00fcber die Ostsee, das kulinarische Angebot des Schiffes und die vielfach unber\u00fchrte Natur am idyllischen See, der Unterkunft bzw. Aufenthaltsort\u00c2\u00a0 in Schweden, sind &hellip;<\/p>\n<\/div>","protected":false},"author":1,"featured_media":0,"comment_status":"closed","ping_status":"closed","sticky":false,"template":"","format":"standard","meta":{"footnotes":""},"categories":[1,72,44],"tags":[],"class_list":["post-28425","post","type-post","status-publish","format-standard","hentry","category-startseite","category-jugend","category-kultur"],"_links":{"self":[{"href":"https:\/\/www.fuldaernachrichten.de\/index.php?rest_route=\/wp\/v2\/posts\/28425","targetHints":{"allow":["GET"]}}],"collection":[{"href":"https:\/\/www.fuldaernachrichten.de\/index.php?rest_route=\/wp\/v2\/posts"}],"about":[{"href":"https:\/\/www.fuldaernachrichten.de\/index.php?rest_route=\/wp\/v2\/types\/post"}],"author":[{"embeddable":true,"href":"https:\/\/www.fuldaernachrichten.de\/index.php?rest_route=\/wp\/v2\/users\/1"}],"replies":[{"embeddable":true,"href":"https:\/\/www.fuldaernachrichten.de\/index.php?rest_route=%2Fwp%2Fv2%2Fcomments&post=28425"}],"version-history":[{"count":3,"href":"https:\/\/www.fuldaernachrichten.de\/index.php?rest_route=\/wp\/v2\/posts\/28425\/revisions"}],"predecessor-version":[{"id":28470,"href":"https:\/\/www.fuldaernachrichten.de\/index.php?rest_route=\/wp\/v2\/posts\/28425\/revisions\/28470"}],"wp:attachment":[{"href":"https:\/\/www.fuldaernachrichten.de\/index.php?rest_route=%2Fwp%2Fv2%2Fmedia&parent=28425"}],"wp:term":[{"taxonomy":"category","embeddable":true,"href":"https:\/\/www.fuldaernachrichten.de\/index.php?rest_route=%2Fwp%2Fv2%2Fcategories&post=28425"},{"taxonomy":"post_tag","embeddable":true,"href":"https:\/\/www.fuldaernachrichten.de\/index.php?rest_route=%2Fwp%2Fv2%2Ftags&post=28425"}],"curies":[{"name":"wp","href":"https:\/\/api.w.org\/{rel}","templated":true}]}}