{"id":28409,"date":"2009-05-11T06:26:48","date_gmt":"2009-05-11T04:26:48","guid":{"rendered":"http:\/\/www.schoene-nachrichten.de\/?p=28409"},"modified":"2009-05-11T08:02:04","modified_gmt":"2009-05-11T06:02:04","slug":"reisen-in-die-vergangenheit-internationaler-museumstag-am-17-mai-2009","status":"publish","type":"post","link":"https:\/\/www.fuldaernachrichten.de\/?p=28409","title":{"rendered":"Reisen in die Vergangenheit &#8211; Internationaler Museumstag am 17. Mai 2009"},"content":{"rendered":"<p><a href=\"http:\/\/www.schoene-nachrichten.de\/wp-content\/uploads\/2009\/05\/wuerfel-kaf-copy-max-colin.jpg\"><img decoding=\"async\" class=\"alignnone size-thumbnail wp-image-28410\" title=\"Monika Molitor\" src=\"http:\/\/www.schoene-nachrichten.de\/wp-content\/uploads\/2009\/05\/wuerfel-kaf-copy-max-colin-265x176.jpg\" alt=\"Monika Molitor\" hspace=\"5\" width=\"265\" height=\"176\" align=\"left\" srcset=\"https:\/\/www.fuldaernachrichten.de\/wp-content\/uploads\/2009\/05\/wuerfel-kaf-copy-max-colin-265x176.jpg 265w, https:\/\/www.fuldaernachrichten.de\/wp-content\/uploads\/2009\/05\/wuerfel-kaf-copy-max-colin.jpg 903w\" sizes=\"(max-width: 265px) 100vw, 265px\" \/><\/a><strong>Fulda.<\/strong> Am Sonntag, dem 17. Mai, \u00f6ffnen Museen in ganz Deutschland, \u00d6sterreich und der Schweiz ihre T\u00fcren zum Internationalen Museumstag. Mehr als 160 Museen in allen Regionen Hessens beteiligen sich mit einem abwechslungsreichen Programm und bieten Ausstellungen, Sonderf\u00fchrungen, Blicke hinter die Kulissen, Feste und viele Aktionen f\u00fcr Kinder. Auch die Kinderakademie Fulda ist mit dem Programm \u201eDen Zahlen auf der Spur\u201c dabei.<!--more--><\/p>\n<p><strong>Zahlreiche Aktionen in allen hessischen Regionen<\/strong><\/p>\n<p>Im Stadtmuseum R\u00fcsselsheim stehen die Aktionen im Zeichen einer Reise in die Fr\u00fchzeit der Festungsgeschichte. Eine Mitmachaktion &#8220;Wer macht das sch\u00f6nste Wappenschild?&#8221; l\u00e4dt Kinder zum Lernen und Gestalten ein. Restauratoren geben Einblick in die Rekonstruktion und Restaurierung von Waffen. Ebenfalls im Programm sind Museumstheater und eine Nachtf\u00fchrung \u00fcber das Festungsgel\u00e4nde bei Fackelschein.\u00c2\u00a0 Dem Abenteuer des Unterwegsseins widmet sich eine spezielle F\u00fchrung f\u00fcr Kinder, die das Bibelhaus Erlebnismuseum in Frankfurt anbietet. Sie folgt der Geschichte vom Aufbruch Abrahams.<\/p>\n<p>Mit &#8220;Tr\u00e4umen im Gep\u00e4ck&#8221; k\u00f6nnen die Kinder am Nachmittag auf eine Fantasiereise gehen.\u00c2\u00a0 M\u00e4rchen aus aller Welt, authentisch vorgetragen von Menschen aus verschiedenen Nationen, Kulturen und Religionen, begleiten den Tag im Bergwinkel-Museum in Schl\u00fcchtern. Als kulinarische Reise werden kleine Spezialit\u00e4ten aus ihrer Heimat angeboten.\u00c2\u00a0 F\u00fcr Mobilit\u00e4t ganz anderer Art stand das legend\u00e4re Motorradrennen &#8220;Battenberger Ring&#8221;, das 1956 ein j\u00e4hes Ende nahm. Dem Rennen widmet sich jetzt eine neue Dauerausstellung des Stadtmuseums in Battenberg, die an diesem Wochenende er\u00f6ffnet wird.\u00c2\u00a0 Zu einer R\u00fcckblende bis zu den Anf\u00e4ngen des Kasseler Fremdenverkehrs l\u00e4dt das Stadtmuseum in Kassel im Rahmen einer literarisch-musikalischen Matinee ein.\u00c2\u00a0 Eine Zeitreise in die Vergangenheit und in den hohen Norden bietet das Tierparkmuseum Sababurg an. Wer war die Riesin Saba? Wie endete die wahre Geschichte der Sababurger Samifrau? F\u00fcr Kinder gibt es spannende Aktionen im neuen Museum und im Park.<\/p>\n<p><strong>Staatsministerin Eva K\u00fchne-H\u00f6rmann er\u00f6ffnet den Internationalen Museumstag in Hessen<\/strong><\/p>\n<p>Die landesweite Auftaktveranstaltung zum Internationalen Museumstag 2009 findet am 17. Mai um 11:00 Uhr im Struwwelpeter-Museum in Frankfurt am Main statt. Dort wird im Beisein der Hessischen Ministerin f\u00fcr Wissenschaft und Kunst,Eva K\u00fchne-H\u00f6rmann, die neue Dauerausstellung &#8220;Salut f\u00fcr Heinrich Hoffmann&#8221; er\u00f6ffnet. Zum 200. Geburtstag des Struwwelpeter-Sch\u00f6pfers Heinrich Hoffmann zeigt sich das Museum in neuem Glanz. Farbenfroh, spannend und kindgerecht portr\u00e4tiert die neue Dauerausstellung das facettenreiche Leben des Frankfurter Arztes und Bilderbuchautors und seine bekannten schrecklich-sch\u00f6nen Werke.<\/p>\n<p><strong>Motto 2009 Museen und Tourismus<\/strong><\/p>\n<p>Zum Internationalen Museumstag 2009 hat der International Council of Museums (ICOM) das Motto &#8220;Museen und Tourismus&#8221; ausgerufen. Er stellt damit die Museen als unverzichtbaren Teil einer attraktiven touristischen Infrastruktur in den Fokus der Aufmerksamkeit. Tats\u00e4chlich pr\u00e4sentieren sie sich zumeist im Kontext mit den Baudenkmalen als Schaufenster der Geschichte und sind mit ihren aktuellen und spannenden Sonderausstellungen ein Anziehungspunkt f\u00fcr die Besucher. Museen sind ein bedeutender Image -und Wirtschaftsfaktor im Bereich des St\u00e4dtetourismus. Moderne Museen bilden Netzwerke mit Theatern, Kinos, Konzertagenturen, freien Kulturtr\u00e4gern, aber auch mit der Gastronomie und dem Hotelgewerbe. Sie tragen damit ma\u00dfgeblich zu einer kulturellen Aufwertung der St\u00e4dte und Regionen bei.<\/p>\n<p><strong>Hessischer Museumsverband f\u00f6rdert Qualit\u00e4t der Museumsarbeit<\/strong><\/p>\n<p>Der Hessische Museumsverband unterst\u00fctzt die Arbeit der Museen und die Bildung von kulturellen Netzwerken. Die Steigerung der Attraktivit\u00e4t der Ausstellungen und des Besucherservice sind ihm dabei ein besonderes Anliegen. Attraktive Ausstellungen setzen aber voraus, dass die H\u00e4user auch ihre Kernaufgaben hinter den Kulissen mit Sammeln, Bewahren und Dokumentieren erf\u00fcllen k\u00f6nnen. Nur im Kern gut aufgestellte Museen k\u00f6nnen ihren vielf\u00e4ltigen Aufgaben als attraktive und besucherfreundliche Einrichtung nachkommen. Der Hessische Museumsverband appelliert deshalb an alle kulturpolitisch Verantwortlichen und Tr\u00e4ger der Museen, auch f\u00fcr diese Aufgaben die notwendigen finanziellen Mittel bereitzuhalten.<\/p>\n<p><strong>Sparkassen-Kulturstiftung Hessen-Th\u00fcringen als Partner in Hessen<\/strong><\/p>\n<p>Der Internationale Museumstag 2009 steht in Deutschland unter der Schirmherrschaft des Pr\u00e4sidenten des Bundesrates, Peter M\u00fcller, Ministerpr\u00e4sident des Saarlandes. Er wird getragen von den Museen und den Museumsorganisationen der L\u00e4nder und des Bundes und unterst\u00fctzt von der Sparkassen-Finanzgruppe und ihren Stiftungen<\/p>\n","protected":false},"excerpt":{"rendered":"<div class=\"tmnf_excerpt\"><p>Fulda. Am Sonntag, dem 17. Mai, \u00f6ffnen Museen in ganz Deutschland, \u00d6sterreich und der Schweiz ihre T\u00fcren zum Internationalen Museumstag. Mehr als 160 Museen in allen Regionen Hessens beteiligen sich mit einem abwechslungsreichen Programm und bieten Ausstellungen, Sonderf\u00fchrungen, Blicke hinter die Kulissen, Feste und viele Aktionen f\u00fcr Kinder. Auch die Kinderakademie Fulda ist mit dem &hellip;<\/p>\n<\/div>","protected":false},"author":1,"featured_media":0,"comment_status":"closed","ping_status":"closed","sticky":false,"template":"","format":"standard","meta":{"footnotes":""},"categories":[1,53,44,29],"tags":[],"class_list":["post-28409","post","type-post","status-publish","format-standard","hentry","category-startseite","category-bildung","category-kultur","category-politik"],"_links":{"self":[{"href":"https:\/\/www.fuldaernachrichten.de\/index.php?rest_route=\/wp\/v2\/posts\/28409","targetHints":{"allow":["GET"]}}],"collection":[{"href":"https:\/\/www.fuldaernachrichten.de\/index.php?rest_route=\/wp\/v2\/posts"}],"about":[{"href":"https:\/\/www.fuldaernachrichten.de\/index.php?rest_route=\/wp\/v2\/types\/post"}],"author":[{"embeddable":true,"href":"https:\/\/www.fuldaernachrichten.de\/index.php?rest_route=\/wp\/v2\/users\/1"}],"replies":[{"embeddable":true,"href":"https:\/\/www.fuldaernachrichten.de\/index.php?rest_route=%2Fwp%2Fv2%2Fcomments&post=28409"}],"version-history":[{"count":5,"href":"https:\/\/www.fuldaernachrichten.de\/index.php?rest_route=\/wp\/v2\/posts\/28409\/revisions"}],"predecessor-version":[{"id":28480,"href":"https:\/\/www.fuldaernachrichten.de\/index.php?rest_route=\/wp\/v2\/posts\/28409\/revisions\/28480"}],"wp:attachment":[{"href":"https:\/\/www.fuldaernachrichten.de\/index.php?rest_route=%2Fwp%2Fv2%2Fmedia&parent=28409"}],"wp:term":[{"taxonomy":"category","embeddable":true,"href":"https:\/\/www.fuldaernachrichten.de\/index.php?rest_route=%2Fwp%2Fv2%2Fcategories&post=28409"},{"taxonomy":"post_tag","embeddable":true,"href":"https:\/\/www.fuldaernachrichten.de\/index.php?rest_route=%2Fwp%2Fv2%2Ftags&post=28409"}],"curies":[{"name":"wp","href":"https:\/\/api.w.org\/{rel}","templated":true}]}}