{"id":2835,"date":"2007-04-28T00:53:30","date_gmt":"2007-04-27T22:53:30","guid":{"rendered":"http:\/\/www.schoene-nachrichten.de\/?p=2835"},"modified":"2007-04-28T00:55:34","modified_gmt":"2007-04-27T22:55:34","slug":"praesidium-der-gkmd-neu-gewaehlt","status":"publish","type":"post","link":"https:\/\/www.fuldaernachrichten.de\/?p=2835","title":{"rendered":"Pr\u00e4sidium der GKMD neu gew\u00e4hlt"},"content":{"rendered":"<p><strong><a rel=\"lightbox[roadtrip]\" target=\"_blank\" href=\"http:\/\/www.schoene-nachrichten.de\/wp-content\/uploads\/2007\/04\/070427_prasidium.jpg\" title=\"070427_prasidium.jpg\"><img decoding=\"async\" align=\"left\" src=\"http:\/\/www.schoene-nachrichten.de\/wp-content\/uploads\/2007\/04\/070427_prasidium.thumbnail.jpg\" hspace=\"5\" alt=\"070427_prasidium.jpg\" \/><\/a>Leute.<\/strong> Auf ihrer Mitgliederversammlung w\u00e4hlte die Gemeinschaft der Katholischen M\u00e4nner Deutschlands (GKMD) in Fulda ihr Pr\u00e4sidium. Dabei wurden die bisherigen Amtsinhaber mit gro\u00dfer Mehrheit wiedergew\u00e4hlt.<!--more--><\/p>\n<p>Pr\u00e4sident bleibt Franz-Josef Schwack (Osnabr\u00fcck), der lange Jahre im Bistum Osnabr\u00fcck als Di\u00f6zesanreferent f\u00fcr die M\u00e4nnerseelsorge t\u00e4tig war und seit letztem Jahr Di\u00f6zesankoordinator f\u00fcr den 97. Deutschen Katholikentag ist, der 2008 in Osnabr\u00fcck stattfinden wird.<\/p>\n<p>Zu Vizepr\u00e4sidenten w\u00e4hlte die Versammlung Paul Schulz (L\u00fcneburg) als Vertreter der Verb\u00e4nde; Wilfried Vogelmann (Stuttgart) als Vertreter der M\u00e4nnerarbeit in den deutschen Di\u00f6zesen und Msgr. Wolfgang Witzgall (Vierzehnheiligen) als Vertreter der deutschen M\u00e4nnerseelsorger.<\/p>\n","protected":false},"excerpt":{"rendered":"<div class=\"tmnf_excerpt\"><p>Leute. Auf ihrer Mitgliederversammlung w\u00e4hlte die Gemeinschaft der Katholischen M\u00e4nner Deutschlands (GKMD) in Fulda ihr Pr\u00e4sidium. Dabei wurden die bisherigen Amtsinhaber mit gro\u00dfer Mehrheit wiedergew\u00e4hlt.<\/p>\n<\/div>","protected":false},"author":1,"featured_media":0,"comment_status":"closed","ping_status":"closed","sticky":false,"template":"","format":"standard","meta":{"footnotes":""},"categories":[1,50],"tags":[],"class_list":["post-2835","post","type-post","status-publish","format-standard","hentry","category-startseite","category-kirche"],"_links":{"self":[{"href":"https:\/\/www.fuldaernachrichten.de\/index.php?rest_route=\/wp\/v2\/posts\/2835","targetHints":{"allow":["GET"]}}],"collection":[{"href":"https:\/\/www.fuldaernachrichten.de\/index.php?rest_route=\/wp\/v2\/posts"}],"about":[{"href":"https:\/\/www.fuldaernachrichten.de\/index.php?rest_route=\/wp\/v2\/types\/post"}],"author":[{"embeddable":true,"href":"https:\/\/www.fuldaernachrichten.de\/index.php?rest_route=\/wp\/v2\/users\/1"}],"replies":[{"embeddable":true,"href":"https:\/\/www.fuldaernachrichten.de\/index.php?rest_route=%2Fwp%2Fv2%2Fcomments&post=2835"}],"version-history":[{"count":0,"href":"https:\/\/www.fuldaernachrichten.de\/index.php?rest_route=\/wp\/v2\/posts\/2835\/revisions"}],"wp:attachment":[{"href":"https:\/\/www.fuldaernachrichten.de\/index.php?rest_route=%2Fwp%2Fv2%2Fmedia&parent=2835"}],"wp:term":[{"taxonomy":"category","embeddable":true,"href":"https:\/\/www.fuldaernachrichten.de\/index.php?rest_route=%2Fwp%2Fv2%2Fcategories&post=2835"},{"taxonomy":"post_tag","embeddable":true,"href":"https:\/\/www.fuldaernachrichten.de\/index.php?rest_route=%2Fwp%2Fv2%2Ftags&post=2835"}],"curies":[{"name":"wp","href":"https:\/\/api.w.org\/{rel}","templated":true}]}}