{"id":28252,"date":"2009-05-10T20:04:11","date_gmt":"2009-05-10T18:04:11","guid":{"rendered":"http:\/\/www.schoene-nachrichten.de\/?p=28252"},"modified":"2009-05-08T11:22:05","modified_gmt":"2009-05-08T09:22:05","slug":"huenfelder-museen-beteiligen-sich-am-internationalen-museumstag-am-17-mai","status":"publish","type":"post","link":"https:\/\/www.fuldaernachrichten.de\/?p=28252","title":{"rendered":"H\u00fcnfelder Museen beteiligen sich am Internationalen Museumstag am 17. Mai"},"content":{"rendered":"<p><strong>H\u00fcnfeld. <\/strong>Mit einem umfangreichen Programm beteiligen sich die beiden H\u00fcnfelder Museen, das Konrad-Zuse-Museum mit Stadt- und Kreisgeschichte sowie das Museum Modern Art am Internationalen Museumstag am 17. Mai. Der Eintritt ist in beiden Einrichtungen an diesem Tag frei.<!--more--><\/p>\n<p><strong>Tag der offenen T\u00fcr<\/strong><\/p>\n<p>Das Konrad-Zuse-Museum mit Stadt- und Kreisgeschichte ist an diesem Tag von 14 bis 18 Uhr ge\u00f6ffnet. F\u00fcr Lesungen konnten der Sohn des Computererfinders, Professor Dr. Horst Zuse und der Autor der \u201eH\u00fcnfelder Szenen\u201c, Ulrich Heyne gewonnen werden. In ihren Lesungen stellen sie historische Berichte \u00fcber H\u00fcnfeld, prominente B\u00fcrger und Reisende sowie bemerkenswerte Ereignisse der Stadtgeschichte vor. Verbunden sind die Lesungen mit einem Tag der Offenen T\u00fcr im Museum, bei dem sich alle Abteilungen von Konrad Zuse \u00fcber Jagdgeschichte bis hin zur Vor- und Fr\u00fchgeschichte vorstellen werden.<\/p>\n<p>Das Museum Modern Art, Sammlung J\u00fcrgen Blum \u00f6ffnet an diesem Tag bereits ab 10 Uhr. Die Malschule wird ihre Aktionen \u201eMonotypie\u201c pr\u00e4sentieren und ab 17 Uhr ist die Er\u00f6ffnung der diesj\u00e4hrigen Jahresausstellungen mit 31 k\u00fcnstlerischen Positionen in 30 Ausstellungsr\u00e4umen geplant. Bei der neuen Jahresausstellung werden K\u00fcnstler aus ganz Europa vertreten sein. Erstmals widmet das Museum einen besonderen Ausstellungsbereich auch dem Computerpionier Konrad Zuse, der als Maler andere Computerpioniere im Portrait festgehalten hat. Daneben sind K\u00fcnstler zu sehen, die sich mit konstruktiver und konkreter Kunst auseinandersetzen, darunter der Vater der konkreten Poesie, Professor Eugen Gomringer, Karl-Heinz Adler aus Dresden, Jo Kuhn oder auch Suzanne D\u00e4twyler Zihlmann aus der Schweiz und deren ungarische K\u00fcnstlerinkollegin Melitta Nemeth.<\/p>\n","protected":false},"excerpt":{"rendered":"<div class=\"tmnf_excerpt\"><p>H\u00fcnfeld. Mit einem umfangreichen Programm beteiligen sich die beiden H\u00fcnfelder Museen, das Konrad-Zuse-Museum mit Stadt- und Kreisgeschichte sowie das Museum Modern Art am Internationalen Museumstag am 17. Mai. Der Eintritt ist in beiden Einrichtungen an diesem Tag frei.<\/p>\n<\/div>","protected":false},"author":1,"featured_media":0,"comment_status":"closed","ping_status":"closed","sticky":false,"template":"","format":"standard","meta":{"footnotes":""},"categories":[1,44,29],"tags":[],"class_list":["post-28252","post","type-post","status-publish","format-standard","hentry","category-startseite","category-kultur","category-politik"],"_links":{"self":[{"href":"https:\/\/www.fuldaernachrichten.de\/index.php?rest_route=\/wp\/v2\/posts\/28252","targetHints":{"allow":["GET"]}}],"collection":[{"href":"https:\/\/www.fuldaernachrichten.de\/index.php?rest_route=\/wp\/v2\/posts"}],"about":[{"href":"https:\/\/www.fuldaernachrichten.de\/index.php?rest_route=\/wp\/v2\/types\/post"}],"author":[{"embeddable":true,"href":"https:\/\/www.fuldaernachrichten.de\/index.php?rest_route=\/wp\/v2\/users\/1"}],"replies":[{"embeddable":true,"href":"https:\/\/www.fuldaernachrichten.de\/index.php?rest_route=%2Fwp%2Fv2%2Fcomments&post=28252"}],"version-history":[{"count":3,"href":"https:\/\/www.fuldaernachrichten.de\/index.php?rest_route=\/wp\/v2\/posts\/28252\/revisions"}],"predecessor-version":[{"id":28311,"href":"https:\/\/www.fuldaernachrichten.de\/index.php?rest_route=\/wp\/v2\/posts\/28252\/revisions\/28311"}],"wp:attachment":[{"href":"https:\/\/www.fuldaernachrichten.de\/index.php?rest_route=%2Fwp%2Fv2%2Fmedia&parent=28252"}],"wp:term":[{"taxonomy":"category","embeddable":true,"href":"https:\/\/www.fuldaernachrichten.de\/index.php?rest_route=%2Fwp%2Fv2%2Fcategories&post=28252"},{"taxonomy":"post_tag","embeddable":true,"href":"https:\/\/www.fuldaernachrichten.de\/index.php?rest_route=%2Fwp%2Fv2%2Ftags&post=28252"}],"curies":[{"name":"wp","href":"https:\/\/api.w.org\/{rel}","templated":true}]}}