{"id":28177,"date":"2009-05-07T12:10:03","date_gmt":"2009-05-07T10:10:03","guid":{"rendered":"http:\/\/www.schoene-nachrichten.de\/?p=28177"},"modified":"2009-05-07T13:21:16","modified_gmt":"2009-05-07T11:21:16","slug":"schnuppertraining-fuer-kinder-aktionstag-der-sg-sickels-am-09052009","status":"publish","type":"post","link":"https:\/\/www.fuldaernachrichten.de\/?p=28177","title":{"rendered":"Schnuppertraining f\u00fcr Kinder &#8211; Aktionstag der SG Sickels am 09.05.2009"},"content":{"rendered":"<p>Fulda. Aufgrund der vielen Nachfragen von Eltern und Kindern veranstaltet die Jugend-Abt. der SG Sickels am Samstag, 9. Mai 2009, ab 15:00 Uhr auf dem Sportplatz in Sickels ein Schnuppertraining f\u00fcr alle interessierten Kinder im Alter zwischen 4 &#8211; 14 Jahren. Insbesondere M\u00e4dchen sind herzlich Willkommen, da die Veranstalter f\u00fcr den M\u00e4dchen-Fu\u00dfball viel zu bieten haben.<\/p>\n<p><a href=\"http:\/\/www.schoene-nachrichten.de\/wp-content\/uploads\/2009\/05\/090507_sg_sickels_1.jpg\"><img decoding=\"async\" class=\"alignnone size-medium wp-image-28178\" title=\"090507_sg_sickels_1\" src=\"http:\/\/www.schoene-nachrichten.de\/wp-content\/uploads\/2009\/05\/090507_sg_sickels_1-265x188.jpg\" alt=\"090507_sg_sickels_1\" width=\"265\" height=\"188\" srcset=\"https:\/\/www.fuldaernachrichten.de\/wp-content\/uploads\/2009\/05\/090507_sg_sickels_1-265x188.jpg 265w, https:\/\/www.fuldaernachrichten.de\/wp-content\/uploads\/2009\/05\/090507_sg_sickels_1.jpg 640w\" sizes=\"(max-width: 265px) 100vw, 265px\" \/><\/a> <a href=\"http:\/\/www.schoene-nachrichten.de\/wp-content\/uploads\/2009\/05\/090507_sg_sickels_2.jpg\"><img decoding=\"async\" class=\"alignnone size-medium wp-image-28180\" title=\"090507_sg_sickels_2\" src=\"http:\/\/www.schoene-nachrichten.de\/wp-content\/uploads\/2009\/05\/090507_sg_sickels_2-265x188.jpg\" alt=\"090507_sg_sickels_2\" width=\"265\" height=\"188\" srcset=\"https:\/\/www.fuldaernachrichten.de\/wp-content\/uploads\/2009\/05\/090507_sg_sickels_2-265x188.jpg 265w, https:\/\/www.fuldaernachrichten.de\/wp-content\/uploads\/2009\/05\/090507_sg_sickels_2.jpg 640w\" sizes=\"(max-width: 265px) 100vw, 265px\" \/><\/a><\/p>\n","protected":false},"excerpt":{"rendered":"<div class=\"tmnf_excerpt\"><p>Fulda. Aufgrund der vielen Nachfragen von Eltern und Kindern veranstaltet die Jugend-Abt. der SG Sickels am Samstag, 9. Mai 2009, ab 15:00 Uhr auf dem Sportplatz in Sickels ein Schnuppertraining f\u00fcr alle interessierten Kinder im Alter zwischen 4 &#8211; 14 Jahren. Insbesondere M\u00e4dchen sind herzlich Willkommen, da die Veranstalter f\u00fcr den M\u00e4dchen-Fu\u00dfball viel zu bieten &hellip;<\/p>\n<\/div>","protected":false},"author":1,"featured_media":0,"comment_status":"closed","ping_status":"closed","sticky":false,"template":"","format":"standard","meta":{"footnotes":""},"categories":[1,72,46],"tags":[],"class_list":["post-28177","post","type-post","status-publish","format-standard","hentry","category-startseite","category-jugend","category-sport"],"_links":{"self":[{"href":"https:\/\/www.fuldaernachrichten.de\/index.php?rest_route=\/wp\/v2\/posts\/28177","targetHints":{"allow":["GET"]}}],"collection":[{"href":"https:\/\/www.fuldaernachrichten.de\/index.php?rest_route=\/wp\/v2\/posts"}],"about":[{"href":"https:\/\/www.fuldaernachrichten.de\/index.php?rest_route=\/wp\/v2\/types\/post"}],"author":[{"embeddable":true,"href":"https:\/\/www.fuldaernachrichten.de\/index.php?rest_route=\/wp\/v2\/users\/1"}],"replies":[{"embeddable":true,"href":"https:\/\/www.fuldaernachrichten.de\/index.php?rest_route=%2Fwp%2Fv2%2Fcomments&post=28177"}],"version-history":[{"count":3,"href":"https:\/\/www.fuldaernachrichten.de\/index.php?rest_route=\/wp\/v2\/posts\/28177\/revisions"}],"predecessor-version":[{"id":28183,"href":"https:\/\/www.fuldaernachrichten.de\/index.php?rest_route=\/wp\/v2\/posts\/28177\/revisions\/28183"}],"wp:attachment":[{"href":"https:\/\/www.fuldaernachrichten.de\/index.php?rest_route=%2Fwp%2Fv2%2Fmedia&parent=28177"}],"wp:term":[{"taxonomy":"category","embeddable":true,"href":"https:\/\/www.fuldaernachrichten.de\/index.php?rest_route=%2Fwp%2Fv2%2Fcategories&post=28177"},{"taxonomy":"post_tag","embeddable":true,"href":"https:\/\/www.fuldaernachrichten.de\/index.php?rest_route=%2Fwp%2Fv2%2Ftags&post=28177"}],"curies":[{"name":"wp","href":"https:\/\/api.w.org\/{rel}","templated":true}]}}