{"id":2814,"date":"2007-04-30T00:50:11","date_gmt":"2007-04-29T22:50:11","guid":{"rendered":"http:\/\/www.schoene-nachrichten.de\/?p=2814"},"modified":"2007-04-30T00:56:29","modified_gmt":"2007-04-29T22:56:29","slug":"kinderchor-st-bonifatius-fulda-im-von-steinrueck-haus","status":"publish","type":"post","link":"https:\/\/www.fuldaernachrichten.de\/?p=2814","title":{"rendered":"Kinderchor St. Bonifatius Fulda im \u201eVon-Steinr\u00fcck-Haus\u201c"},"content":{"rendered":"<p><strong>Termin.<\/strong> Am Samstag, 23. Juni, 20 Uhr gibt der Kinderchor St. Bonifatius Fulda im \u201eVon-Steinr\u00fcck-Haus\u201c\u00c2\u00a0Poppenhausen ein Konzert. Der Chor singt bekannte Volksweisen renommierter Interpreten und Komponisten zu Landschaftsaufnahmen der Rh\u00f6n, die von Erich Schmitt gefertigt wurden.<!--more--><\/p>\n<p>Junge begabte Talente werden einige Gesangsbeitr\u00e4ge mit Instrumentensolos aufwerten. Die Leitung des Kinderchores haben Brigitte und Reinhold Feldmann, die von dem ehemaligen Leiter der \u201eRh\u00f6nlerchen\u201c, Johannes Neuwirth unterst\u00fctzt werden.<\/p>\n<p>Der gesellige Rh\u00f6ner Heimatabend wird mit Tanzdarbeitungen des Trachtenvereins Abtsroda unter der Leitung seines Vorsitzenden Berthold M\u00fcller umrahmt.\u00c2\u00a0Die Moderation des Abends haben Clarissa Bl\u00fcmm und Katrin Wagner.<\/p>\n<p>Karten f\u00fcr Erwachsene sind zum Preis von 7, \u2013 \u00e2\u201a\u00ac (Abendkasse 8.-\u00e2\u201a\u00ac)\u00c2\u00a0 und 5, \u2013 \u00e2\u201a\u00ac (Abendkasse 6,- \u00e2\u201a\u00ac) in der Tourist-Information im Rathaus Poppenhausen bzw. an der Abendkasse erh\u00e4ltlich.<\/p>\n","protected":false},"excerpt":{"rendered":"<div class=\"tmnf_excerpt\"><p>Termin. Am Samstag, 23. Juni, 20 Uhr gibt der Kinderchor St. Bonifatius Fulda im \u201eVon-Steinr\u00fcck-Haus\u201c\u00c2\u00a0Poppenhausen ein Konzert. Der Chor singt bekannte Volksweisen renommierter Interpreten und Komponisten zu Landschaftsaufnahmen der Rh\u00f6n, die von Erich Schmitt gefertigt wurden.<\/p>\n<\/div>","protected":false},"author":1,"featured_media":0,"comment_status":"closed","ping_status":"closed","sticky":false,"template":"","format":"standard","meta":{"footnotes":""},"categories":[1,44],"tags":[],"class_list":["post-2814","post","type-post","status-publish","format-standard","hentry","category-startseite","category-kultur"],"_links":{"self":[{"href":"https:\/\/www.fuldaernachrichten.de\/index.php?rest_route=\/wp\/v2\/posts\/2814","targetHints":{"allow":["GET"]}}],"collection":[{"href":"https:\/\/www.fuldaernachrichten.de\/index.php?rest_route=\/wp\/v2\/posts"}],"about":[{"href":"https:\/\/www.fuldaernachrichten.de\/index.php?rest_route=\/wp\/v2\/types\/post"}],"author":[{"embeddable":true,"href":"https:\/\/www.fuldaernachrichten.de\/index.php?rest_route=\/wp\/v2\/users\/1"}],"replies":[{"embeddable":true,"href":"https:\/\/www.fuldaernachrichten.de\/index.php?rest_route=%2Fwp%2Fv2%2Fcomments&post=2814"}],"version-history":[{"count":0,"href":"https:\/\/www.fuldaernachrichten.de\/index.php?rest_route=\/wp\/v2\/posts\/2814\/revisions"}],"wp:attachment":[{"href":"https:\/\/www.fuldaernachrichten.de\/index.php?rest_route=%2Fwp%2Fv2%2Fmedia&parent=2814"}],"wp:term":[{"taxonomy":"category","embeddable":true,"href":"https:\/\/www.fuldaernachrichten.de\/index.php?rest_route=%2Fwp%2Fv2%2Fcategories&post=2814"},{"taxonomy":"post_tag","embeddable":true,"href":"https:\/\/www.fuldaernachrichten.de\/index.php?rest_route=%2Fwp%2Fv2%2Ftags&post=2814"}],"curies":[{"name":"wp","href":"https:\/\/api.w.org\/{rel}","templated":true}]}}