{"id":28062,"date":"2009-05-08T05:28:07","date_gmt":"2009-05-08T03:28:07","guid":{"rendered":"http:\/\/www.schoene-nachrichten.de\/?p=28062"},"modified":"2009-05-06T18:39:57","modified_gmt":"2009-05-06T16:39:57","slug":"haarstraeubender-kriminalfall-um-gestohlene-oldtimer","status":"publish","type":"post","link":"https:\/\/www.fuldaernachrichten.de\/?p=28062","title":{"rendered":"Haarstr\u00e4ubender Kriminalfall um gestohlene Oldtimer"},"content":{"rendered":"<p><strong>Fulda. <\/strong>Am kommenden Mittwoch, 13. Mai 2009, um 19.30 Uhr liest Peter Ripper aus seinem zweiten Kriminalroman \u201eKarlo und der zweite Koffer\u201c. In der Fortsetzung von \u201eKarlo und der letzte Schnitt\u201c stecken Karlo K\u00f6lner und seine Freunde wieder mitten in einem haarstr\u00e4ubenden Kriminalfall. Dabei geht es um den Diebstahl einiger wertvoller Oldtimer, einen verf\u00fchrerischen Koffer und einen toten jungen Mann. Hauptschaupl\u00e4tze der Handlung sind wiederum Frankfurt und die Rh\u00f6ngemeinde Hofbieber. W\u00e4hrend der Lesepausen sorgt der Gitarrist Andy Sommer f\u00fcr musikalische Untermalung. Die Lesung findet im Georg-Stieler-Haus, Raum E08, Gallasiniring 1 in Fulda statt. Informationen und Anmeldungen bitte bei der vhs des Landkreises Fulda, Gallasiniring 30, 36043 Fulda, Tel. 0661\/25199-0, oder unter <a href=\"http:\/\/www.vhs-fulda.de\" target=\"_blank\">www.vhs-fulda.de<\/a> .<\/p>\n","protected":false},"excerpt":{"rendered":"<div class=\"tmnf_excerpt\"><p>Fulda. Am kommenden Mittwoch, 13. Mai 2009, um 19.30 Uhr liest Peter Ripper aus seinem zweiten Kriminalroman \u201eKarlo und der zweite Koffer\u201c. In der Fortsetzung von \u201eKarlo und der letzte Schnitt\u201c stecken Karlo K\u00f6lner und seine Freunde wieder mitten in einem haarstr\u00e4ubenden Kriminalfall. Dabei geht es um den Diebstahl einiger wertvoller Oldtimer, einen verf\u00fchrerischen Koffer &hellip;<\/p>\n<\/div>","protected":false},"author":1,"featured_media":0,"comment_status":"closed","ping_status":"closed","sticky":false,"template":"","format":"standard","meta":{"footnotes":""},"categories":[1,53,44],"tags":[],"class_list":["post-28062","post","type-post","status-publish","format-standard","hentry","category-startseite","category-bildung","category-kultur"],"_links":{"self":[{"href":"https:\/\/www.fuldaernachrichten.de\/index.php?rest_route=\/wp\/v2\/posts\/28062","targetHints":{"allow":["GET"]}}],"collection":[{"href":"https:\/\/www.fuldaernachrichten.de\/index.php?rest_route=\/wp\/v2\/posts"}],"about":[{"href":"https:\/\/www.fuldaernachrichten.de\/index.php?rest_route=\/wp\/v2\/types\/post"}],"author":[{"embeddable":true,"href":"https:\/\/www.fuldaernachrichten.de\/index.php?rest_route=\/wp\/v2\/users\/1"}],"replies":[{"embeddable":true,"href":"https:\/\/www.fuldaernachrichten.de\/index.php?rest_route=%2Fwp%2Fv2%2Fcomments&post=28062"}],"version-history":[{"count":3,"href":"https:\/\/www.fuldaernachrichten.de\/index.php?rest_route=\/wp\/v2\/posts\/28062\/revisions"}],"predecessor-version":[{"id":28076,"href":"https:\/\/www.fuldaernachrichten.de\/index.php?rest_route=\/wp\/v2\/posts\/28062\/revisions\/28076"}],"wp:attachment":[{"href":"https:\/\/www.fuldaernachrichten.de\/index.php?rest_route=%2Fwp%2Fv2%2Fmedia&parent=28062"}],"wp:term":[{"taxonomy":"category","embeddable":true,"href":"https:\/\/www.fuldaernachrichten.de\/index.php?rest_route=%2Fwp%2Fv2%2Fcategories&post=28062"},{"taxonomy":"post_tag","embeddable":true,"href":"https:\/\/www.fuldaernachrichten.de\/index.php?rest_route=%2Fwp%2Fv2%2Ftags&post=28062"}],"curies":[{"name":"wp","href":"https:\/\/api.w.org\/{rel}","templated":true}]}}